{"id":10032,"date":"2022-04-16T08:02:17","date_gmt":"2022-04-16T07:02:17","guid":{"rendered":"http:\/\/www.19paulfort.com\/galerie\/?p=10032"},"modified":"2025-03-01T08:35:25","modified_gmt":"2025-03-01T07:35:25","slug":"concert-le-trio-vincent-courtois-violoncelle-dominique-pifarely-violon-louis-sclavis-clarinette-19-avril-2022","status":"publish","type":"post","link":"http:\/\/www.19paulfort.com\/galerie\/index.php\/2022\/04\/16\/concert-le-trio-vincent-courtois-violoncelle-dominique-pifarely-violon-louis-sclavis-clarinette-19-avril-2022\/","title":{"rendered":"04 &#8211; 19 avril &#8211; Concert &#8211; Trio Vincent Courtois (violoncelle), Dominique Pifarely (violon), Louis Sclavis (clarinette) &#8211;"},"content":{"rendered":"<figure id=\"attachment_10063\" aria-describedby=\"caption-attachment-10063\" style=\"width: 1913px\" class=\"wp-caption aligncenter\"><img loading=\"lazy\" decoding=\"async\" class=\"wp-image-10063 size-full\" src=\"http:\/\/www.19paulfort.com\/galerie\/wp-content\/uploads\/2022\/04\/SclavisCourtoisPifarely-scaled-e1650466710468.jpg\" alt=\"\" width=\"1913\" height=\"2150\" srcset=\"http:\/\/www.19paulfort.com\/galerie\/wp-content\/uploads\/2022\/04\/SclavisCourtoisPifarely-scaled-e1650466710468.jpg 1913w, http:\/\/www.19paulfort.com\/galerie\/wp-content\/uploads\/2022\/04\/SclavisCourtoisPifarely-scaled-e1650466710468-267x300.jpg 267w, http:\/\/www.19paulfort.com\/galerie\/wp-content\/uploads\/2022\/04\/SclavisCourtoisPifarely-scaled-e1650466710468-911x1024.jpg 911w, http:\/\/www.19paulfort.com\/galerie\/wp-content\/uploads\/2022\/04\/SclavisCourtoisPifarely-scaled-e1650466710468-768x863.jpg 768w, http:\/\/www.19paulfort.com\/galerie\/wp-content\/uploads\/2022\/04\/SclavisCourtoisPifarely-scaled-e1650466710468-1367x1536.jpg 1367w, http:\/\/www.19paulfort.com\/galerie\/wp-content\/uploads\/2022\/04\/SclavisCourtoisPifarely-scaled-e1650466710468-1822x2048.jpg 1822w, http:\/\/www.19paulfort.com\/galerie\/wp-content\/uploads\/2022\/04\/SclavisCourtoisPifarely-scaled-e1650466710468-750x843.jpg 750w\" sizes=\"auto, (max-width: 1913px) 100vw, 1913px\" \/><figcaption id=\"caption-attachment-10063\" class=\"wp-caption-text\">De g. \u00e0 d. : Vincent Courtois, Louis Sclavis, Dominique Pifar\u00e9ly<\/figcaption><\/figure>\n<p>Vincent Courtois (violoncelle)<\/p>\n<h1 style=\"text-align: left;\"><span style=\"color: #000000;\">Dominique Pifar\u00e9ly (violon)<\/span><br \/>\n<span style=\"color: #000000;\">Louis Sclavis (clarinette)<\/span><\/h1>\n<p style=\"text-align: left;\"><strong><span style=\"color: #000000;\">mardi\u00a0<\/span><span style=\"color: #000000;\">19 avril 2022<\/span><\/strong><\/p>\n<p style=\"text-align: justify;\">Trois figures majeures de la musique cr\u00e9ative fran\u00e7aise contemporaine.\u00a0Si l&rsquo;instrumentation \u2014 clarinette, violon, violoncelle \u2014 \u00a0implique une orientation musique de chambre, chacun des musiciens poss\u00e8de cependant\u00a0sa propre signature ; les pi\u00e8ces de Dominique Pifar\u00e9ly \u00e9tant peut-\u00eatre ici, les plus rigoureusement \u00ab\u00a0\u00e9crites\u00a0\u00bb.\u00a0L&rsquo;\u00e9quilibre entre composition et improvisation est constamment r\u00e9ajust\u00e9.<\/p>\n<figure id=\"attachment_10027\" aria-describedby=\"caption-attachment-10027\" style=\"width: 1000px\" class=\"wp-caption aligncenter\"><img loading=\"lazy\" decoding=\"async\" class=\"size-full wp-image-10027\" src=\"http:\/\/www.19paulfort.com\/galerie\/wp-content\/uploads\/2022\/04\/CourtoisPifarelySclavis.png\" alt=\"\" width=\"1000\" height=\"500\" srcset=\"http:\/\/www.19paulfort.com\/galerie\/wp-content\/uploads\/2022\/04\/CourtoisPifarelySclavis.png 1000w, http:\/\/www.19paulfort.com\/galerie\/wp-content\/uploads\/2022\/04\/CourtoisPifarelySclavis-300x150.png 300w, http:\/\/www.19paulfort.com\/galerie\/wp-content\/uploads\/2022\/04\/CourtoisPifarelySclavis-768x384.png 768w, http:\/\/www.19paulfort.com\/galerie\/wp-content\/uploads\/2022\/04\/CourtoisPifarelySclavis-750x375.png 750w\" sizes=\"auto, (max-width: 1000px) 100vw, 1000px\" \/><figcaption id=\"caption-attachment-10027\" class=\"wp-caption-text\">De g. \u00e0 d : Vincent Courtois (violoncelle), Dominique Pifar\u00e9ly (violon), Louis Sclavis (clarinette)<\/figcaption><\/figure>\n<p style=\"text-align: justify;\">\u00ab\u00a0Nous nous inspirons toujours d&rsquo;un grand nombre d&rsquo;exp\u00e9riences de jeu diff\u00e9rentes. Et ces exp\u00e9riences se refl\u00e8tent dans ce que nous \u00e9crivons et ce que nous jouons. Nous apportons continuellement de nouvelles choses au projet, et nous allons toujours plus loin.\u00a0\u00bb\u00a0La vivacit\u00e9 et la fra\u00eecheur sont ici des qualit\u00e9s essentielles.<\/p>\n<p style=\"text-align: justify;\">&gt; <a href=\"http:\/\/www.19paulfort.com\/galerie\/index.php\/2022\/04\/16\/courtois-vincent\/\">Voir la fiche de Vincent Courtois<\/a><br \/>\n&gt; <a href=\"http:\/\/www.19paulfort.com\/galerie\/index.php\/2016\/05\/25\/pifarely-dominique\/\">Voir la fiche de Dominique Pifar\u00e9ly<\/a><br \/>\n&gt; <a href=\"http:\/\/www.19paulfort.com\/galerie\/index.php\/2016\/08\/24\/sclavis-louis\/\">Voir la fiche de Louis Sclavis<\/a><\/p>\n","protected":false},"excerpt":{"rendered":"<p>Vincent Courtois (violoncelle) Dominique Pifar\u00e9ly (violon) Louis Sclavis (clarinette) mardi\u00a019 avril 2022 Trois figures majeures de la musique cr\u00e9ative fran\u00e7aise contemporaine.\u00a0Si l&rsquo;instrumentation \u2014 clarinette, violon, violoncelle \u2014 \u00a0implique une orientation musique de chambre, chacun des musiciens poss\u00e8de cependant\u00a0sa propre signature ; les pi\u00e8ces de Dominique Pifar\u00e9ly \u00e9tant peut-\u00eatre ici, les plus rigoureusement \u00ab\u00a0\u00e9crites\u00a0\u00bb.\u00a0L&rsquo;\u00e9quilibre entre composition&hellip;<a href=\"http:\/\/www.19paulfort.com\/galerie\/index.php\/2022\/04\/16\/concert-le-trio-vincent-courtois-violoncelle-dominique-pifarely-violon-louis-sclavis-clarinette-19-avril-2022\/\" class=\"more-link\">Continue reading <span class=\"screen-reader-text\">04 &#8211; 19 avril &#8211; Concert &#8211; Trio Vincent Courtois (violoncelle), Dominique Pifarely (violon), Louis Sclavis (clarinette) &#8211;<\/span><\/a><\/p>\n","protected":false},"author":1,"featured_media":0,"comment_status":"closed","ping_status":"closed","sticky":false,"template":"","format":"standard","meta":{"footnotes":""},"categories":[17,58,7],"tags":[],"class_list":["post-10032","post","type-post","status-publish","format-standard","hentry","category-concerts","category-evenements-2022","category-evenements-passes"],"_links":{"self":[{"href":"http:\/\/www.19paulfort.com\/galerie\/index.php\/wp-json\/wp\/v2\/posts\/10032","targetHints":{"allow":["GET"]}}],"collection":[{"href":"http:\/\/www.19paulfort.com\/galerie\/index.php\/wp-json\/wp\/v2\/posts"}],"about":[{"href":"http:\/\/www.19paulfort.com\/galerie\/index.php\/wp-json\/wp\/v2\/types\/post"}],"author":[{"embeddable":true,"href":"http:\/\/www.19paulfort.com\/galerie\/index.php\/wp-json\/wp\/v2\/users\/1"}],"replies":[{"embeddable":true,"href":"http:\/\/www.19paulfort.com\/galerie\/index.php\/wp-json\/wp\/v2\/comments?post=10032"}],"version-history":[{"count":8,"href":"http:\/\/www.19paulfort.com\/galerie\/index.php\/wp-json\/wp\/v2\/posts\/10032\/revisions"}],"predecessor-version":[{"id":12840,"href":"http:\/\/www.19paulfort.com\/galerie\/index.php\/wp-json\/wp\/v2\/posts\/10032\/revisions\/12840"}],"wp:attachment":[{"href":"http:\/\/www.19paulfort.com\/galerie\/index.php\/wp-json\/wp\/v2\/media?parent=10032"}],"wp:term":[{"taxonomy":"category","embeddable":true,"href":"http:\/\/www.19paulfort.com\/galerie\/index.php\/wp-json\/wp\/v2\/categories?post=10032"},{"taxonomy":"post_tag","embeddable":true,"href":"http:\/\/www.19paulfort.com\/galerie\/index.php\/wp-json\/wp\/v2\/tags?post=10032"}],"curies":[{"name":"wp","href":"https:\/\/api.w.org\/{rel}","templated":true}]}}