{"id":10143,"date":"2022-05-24T19:37:13","date_gmt":"2022-05-24T18:37:13","guid":{"rendered":"http:\/\/www.19paulfort.com\/galerie\/?p=10143"},"modified":"2025-03-01T08:29:26","modified_gmt":"2025-03-01T07:29:26","slug":"concert-dominique-pifarely-violon-francois-couturier-piano-14-juin-2022","status":"publish","type":"post","link":"http:\/\/www.19paulfort.com\/galerie\/index.php\/2022\/05\/24\/concert-dominique-pifarely-violon-francois-couturier-piano-14-juin-2022\/","title":{"rendered":"06 &#8211; 14 juin &#8211; Concert &#8211; Dominique Pifar\u00e9ly (violon) &#8211; Fran\u00e7ois Couturier (piano)"},"content":{"rendered":"<h1 style=\"text-align: left;\"><span style=\"color: #000000;\"><b>Dominique PIFAR\u00c9LY<\/b><\/span><\/h1>\n<p><strong><span style=\"color: #000000;\">violon<\/span><\/strong><\/p>\n<h1><span style=\"color: #000000;\"><b>Fran\u00e7ois COUTURIER<\/b><\/span><\/h1>\n<p><strong>piano<\/strong><\/p>\n<p>Fran\u00e7ois et Dominique dialoguent depuis de nombreuses ann\u00e9es. Ils ont form\u00e9 un prestigieux duo en 1998 qui \u00e9tait d\u00e9j\u00e0 \u00e0 l&rsquo;\u00e9poque une source de cr\u00e9ations (Michel Godard, Louis Sclavis, Fran\u00e7ois Corneloup, Dominique Visse ont rejoint ce duo \u00e0 divers moments). Apr\u00e8s des itin\u00e9raires personnels riches en rencontres musicales, ils se retrouvent et reprennent leur dialogue, jamais interrompu.<\/p>\n<figure id=\"attachment_10152\" aria-describedby=\"caption-attachment-10152\" style=\"width: 2560px\" class=\"wp-caption aligncenter\"><img loading=\"lazy\" decoding=\"async\" class=\"size-full wp-image-10152\" src=\"http:\/\/www.19paulfort.com\/galerie\/wp-content\/uploads\/2022\/05\/CouturierPifarely-scaled.jpg\" alt=\"\" width=\"2560\" height=\"1703\" srcset=\"http:\/\/www.19paulfort.com\/galerie\/wp-content\/uploads\/2022\/05\/CouturierPifarely-scaled.jpg 2560w, http:\/\/www.19paulfort.com\/galerie\/wp-content\/uploads\/2022\/05\/CouturierPifarely-300x200.jpg 300w, http:\/\/www.19paulfort.com\/galerie\/wp-content\/uploads\/2022\/05\/CouturierPifarely-1024x681.jpg 1024w, http:\/\/www.19paulfort.com\/galerie\/wp-content\/uploads\/2022\/05\/CouturierPifarely-768x511.jpg 768w, http:\/\/www.19paulfort.com\/galerie\/wp-content\/uploads\/2022\/05\/CouturierPifarely-1536x1022.jpg 1536w, http:\/\/www.19paulfort.com\/galerie\/wp-content\/uploads\/2022\/05\/CouturierPifarely-2048x1363.jpg 2048w, http:\/\/www.19paulfort.com\/galerie\/wp-content\/uploads\/2022\/05\/CouturierPifarely-750x499.jpg 750w\" sizes=\"auto, (max-width: 2560px) 100vw, 2560px\" \/><figcaption id=\"caption-attachment-10152\" class=\"wp-caption-text\">De g. \u00e0 d. : Fran\u00e7ois Couturier, Dominique Pifar\u00e9ly, \u00a9 Jean-Baptiste Millot<\/figcaption><\/figure>\n<p style=\"text-align: justify;\">\u201cLe magnifique duo de Dominique Pifar\u00e9ly et Fran\u00e7ois Couturier est une \u00ab chose \u00bb musicale ind\u00e9finissable : c\u2019est vivant, c\u2019est mouvant, c\u2019est \u00e9mouvant, c\u2019est fascinant\u2026 C\u2019est une plong\u00e9e \u00e9l\u00e9gante et lyrique au plus intime d\u2019une conversation brillamment spirituelle. Et \u00e7a remonte en \u00e9lans irr\u00e9pressibles, pour une sorte de danse sensible o\u00f9 s\u2019apprivoisent des pulsions jaillissantes. \u00c7a avance, dessinant des chemins lumineux, des sch\u00e9mas limpides, dans des paysages chaotiques. C\u2019est un dialogue d\u2019une rare intensit\u00e9 et d\u2019une rare coh\u00e9rence.\u201d (Matthieu P\u00e9rinaud)<\/p>\n<p><strong>R\u00e9servations indispensables \u00e0 : <a href=\"mailto:helenaziza@19paulfort.com\">helenaziza@19paulfort.com<\/a><\/strong><br \/>\n<strong>Participation : 15\u20ac<\/strong><\/p>\n<p style=\"text-align: justify;\">&gt; <a href=\"http:\/\/www.19paulfort.com\/galerie\/index.php\/2016\/05\/25\/pifarely-dominique\/\">Voir la fiche de Dominique Pifar\u00e9ly<\/a><br \/>\n&gt; <a href=\"http:\/\/www.19paulfort.com\/galerie\/index.php\/2017\/01\/18\/couturier-francois\/\">Voir la fiche de Fran\u00e7ois Couturier<\/a><\/p>\n","protected":false},"excerpt":{"rendered":"<p>Dominique PIFAR\u00c9LY violon Fran\u00e7ois COUTURIER piano Fran\u00e7ois et Dominique dialoguent depuis de nombreuses ann\u00e9es. Ils ont form\u00e9 un prestigieux duo en 1998 qui \u00e9tait d\u00e9j\u00e0 \u00e0 l&rsquo;\u00e9poque une source de cr\u00e9ations (Michel Godard, Louis Sclavis, Fran\u00e7ois Corneloup, Dominique Visse ont rejoint ce duo \u00e0 divers moments). Apr\u00e8s des itin\u00e9raires personnels riches en rencontres musicales, ils&hellip;<a href=\"http:\/\/www.19paulfort.com\/galerie\/index.php\/2022\/05\/24\/concert-dominique-pifarely-violon-francois-couturier-piano-14-juin-2022\/\" class=\"more-link\">Continue reading <span class=\"screen-reader-text\">06 &#8211; 14 juin &#8211; Concert &#8211; Dominique Pifar\u00e9ly (violon) &#8211; Fran\u00e7ois Couturier (piano)<\/span><\/a><\/p>\n","protected":false},"author":1,"featured_media":0,"comment_status":"closed","ping_status":"closed","sticky":false,"template":"","format":"standard","meta":{"footnotes":""},"categories":[17,58,7],"tags":[],"class_list":["post-10143","post","type-post","status-publish","format-standard","hentry","category-concerts","category-evenements-2022","category-evenements-passes"],"_links":{"self":[{"href":"http:\/\/www.19paulfort.com\/galerie\/index.php\/wp-json\/wp\/v2\/posts\/10143","targetHints":{"allow":["GET"]}}],"collection":[{"href":"http:\/\/www.19paulfort.com\/galerie\/index.php\/wp-json\/wp\/v2\/posts"}],"about":[{"href":"http:\/\/www.19paulfort.com\/galerie\/index.php\/wp-json\/wp\/v2\/types\/post"}],"author":[{"embeddable":true,"href":"http:\/\/www.19paulfort.com\/galerie\/index.php\/wp-json\/wp\/v2\/users\/1"}],"replies":[{"embeddable":true,"href":"http:\/\/www.19paulfort.com\/galerie\/index.php\/wp-json\/wp\/v2\/comments?post=10143"}],"version-history":[{"count":5,"href":"http:\/\/www.19paulfort.com\/galerie\/index.php\/wp-json\/wp\/v2\/posts\/10143\/revisions"}],"predecessor-version":[{"id":12826,"href":"http:\/\/www.19paulfort.com\/galerie\/index.php\/wp-json\/wp\/v2\/posts\/10143\/revisions\/12826"}],"wp:attachment":[{"href":"http:\/\/www.19paulfort.com\/galerie\/index.php\/wp-json\/wp\/v2\/media?parent=10143"}],"wp:term":[{"taxonomy":"category","embeddable":true,"href":"http:\/\/www.19paulfort.com\/galerie\/index.php\/wp-json\/wp\/v2\/categories?post=10143"},{"taxonomy":"post_tag","embeddable":true,"href":"http:\/\/www.19paulfort.com\/galerie\/index.php\/wp-json\/wp\/v2\/tags?post=10143"}],"curies":[{"name":"wp","href":"https:\/\/api.w.org\/{rel}","templated":true}]}}