{"id":10309,"date":"2022-09-21T12:12:38","date_gmt":"2022-09-21T11:12:38","guid":{"rendered":"http:\/\/www.19paulfort.com\/galerie\/?p=10309"},"modified":"2022-11-08T18:41:48","modified_gmt":"2022-11-08T17:41:48","slug":"ceccarelli-andre","status":"publish","type":"post","link":"http:\/\/www.19paulfort.com\/galerie\/index.php\/2022\/09\/21\/ceccarelli-andre\/","title":{"rendered":"CECCARELLI Andr\u00e9 \u2022"},"content":{"rendered":"<h1><img loading=\"lazy\" decoding=\"async\" class=\"aligncenter size-full wp-image-10426\" src=\"http:\/\/www.19paulfort.com\/galerie\/wp-content\/uploads\/2022\/09\/AndreCeccarelli-scaled.jpg\" alt=\"\" width=\"1920\" height=\"2560\" srcset=\"http:\/\/www.19paulfort.com\/galerie\/wp-content\/uploads\/2022\/09\/AndreCeccarelli-scaled.jpg 1920w, http:\/\/www.19paulfort.com\/galerie\/wp-content\/uploads\/2022\/09\/AndreCeccarelli-225x300.jpg 225w, http:\/\/www.19paulfort.com\/galerie\/wp-content\/uploads\/2022\/09\/AndreCeccarelli-768x1024.jpg 768w, http:\/\/www.19paulfort.com\/galerie\/wp-content\/uploads\/2022\/09\/AndreCeccarelli-1152x1536.jpg 1152w, http:\/\/www.19paulfort.com\/galerie\/wp-content\/uploads\/2022\/09\/AndreCeccarelli-1536x2048.jpg 1536w, http:\/\/www.19paulfort.com\/galerie\/wp-content\/uploads\/2022\/09\/AndreCeccarelli-750x1000.jpg 750w\" sizes=\"auto, (max-width: 1920px) 100vw, 1920px\" \/>Andr\u00e9 Ceccarelli<\/h1>\n<p><strong>Batteur<\/strong><\/p>\n<p style=\"text-align: justify;\">N\u00e9 \u00e0 Nice en 1946. Andr\u00e9 Ceccarelli fait ses d\u00e9buts professionnels au d\u00e9but des ann\u00e9es 1960 dans le groupe de rock Les Chats sauvages, puis il entame un carri\u00e8re de batteur de jazz aux c\u00f4t\u00e9s, entre autres, de Chick Corea, Michael Brecker, Dee Dee Bridgewater, Richard Bona, Bir\u00e9li Lagr\u00e8ne, Sylvain Luc et Jean-Marc Jafet (Trio Sud qu\u2019il a fond\u00e9 en 2000).<br \/>\nCelui qui est souvent surnomm\u00e9 \u00ab D\u00e9d\u00e9 \u00bb a jou\u00e9 et enregistr\u00e9 avec les plus grands, et ce, quel que soit le style, \u00ab D\u00e9d\u00e9 \u00bb Ceccarelli, c\u2019est la batterie jazz dans toute sa splendeur, un swing puissant, un son et toucher merveilleux et surtout, drive unique aussi bien aux baguettes qu\u2019aux balais.<\/p>\n<figure id=\"attachment_10427\" aria-describedby=\"caption-attachment-10427\" style=\"width: 1920px\" class=\"wp-caption aligncenter\"><img loading=\"lazy\" decoding=\"async\" class=\"size-full wp-image-10427\" src=\"http:\/\/www.19paulfort.com\/galerie\/wp-content\/uploads\/2022\/09\/FabriceMoreauAndreCeccarrelli2-scaled.jpg\" alt=\"\" width=\"1920\" height=\"2560\" srcset=\"http:\/\/www.19paulfort.com\/galerie\/wp-content\/uploads\/2022\/09\/FabriceMoreauAndreCeccarrelli2-scaled.jpg 1920w, http:\/\/www.19paulfort.com\/galerie\/wp-content\/uploads\/2022\/09\/FabriceMoreauAndreCeccarrelli2-225x300.jpg 225w, http:\/\/www.19paulfort.com\/galerie\/wp-content\/uploads\/2022\/09\/FabriceMoreauAndreCeccarrelli2-768x1024.jpg 768w, http:\/\/www.19paulfort.com\/galerie\/wp-content\/uploads\/2022\/09\/FabriceMoreauAndreCeccarrelli2-1152x1536.jpg 1152w, http:\/\/www.19paulfort.com\/galerie\/wp-content\/uploads\/2022\/09\/FabriceMoreauAndreCeccarrelli2-1536x2048.jpg 1536w, http:\/\/www.19paulfort.com\/galerie\/wp-content\/uploads\/2022\/09\/FabriceMoreauAndreCeccarrelli2-750x1000.jpg 750w\" sizes=\"auto, (max-width: 1920px) 100vw, 1920px\" \/><figcaption id=\"caption-attachment-10427\" class=\"wp-caption-text\">Ci-dessus et ci-dessous : Fabrice Moreau et Andr\u00e9 Ceccarelli<\/figcaption><\/figure>\n<p><img loading=\"lazy\" decoding=\"async\" class=\"aligncenter size-full wp-image-10437\" src=\"http:\/\/www.19paulfort.com\/galerie\/wp-content\/uploads\/2022\/09\/CeccarelliMoreau-scaled.jpg\" alt=\"\" width=\"1920\" height=\"2560\" srcset=\"http:\/\/www.19paulfort.com\/galerie\/wp-content\/uploads\/2022\/09\/CeccarelliMoreau-scaled.jpg 1920w, http:\/\/www.19paulfort.com\/galerie\/wp-content\/uploads\/2022\/09\/CeccarelliMoreau-225x300.jpg 225w, http:\/\/www.19paulfort.com\/galerie\/wp-content\/uploads\/2022\/09\/CeccarelliMoreau-768x1024.jpg 768w, http:\/\/www.19paulfort.com\/galerie\/wp-content\/uploads\/2022\/09\/CeccarelliMoreau-1152x1536.jpg 1152w, http:\/\/www.19paulfort.com\/galerie\/wp-content\/uploads\/2022\/09\/CeccarelliMoreau-1536x2048.jpg 1536w, http:\/\/www.19paulfort.com\/galerie\/wp-content\/uploads\/2022\/09\/CeccarelliMoreau-750x1000.jpg 750w\" sizes=\"auto, (max-width: 1920px) 100vw, 1920px\" \/><\/p>\n<figure id=\"attachment_10288\" aria-describedby=\"caption-attachment-10288\" style=\"width: 640px\" class=\"wp-caption aligncenter\"><img loading=\"lazy\" decoding=\"async\" class=\"size-full wp-image-10288\" src=\"http:\/\/www.19paulfort.com\/galerie\/wp-content\/uploads\/2022\/09\/Ceccarelli.Andre_.jpeg\" alt=\"\" width=\"640\" height=\"427\" srcset=\"http:\/\/www.19paulfort.com\/galerie\/wp-content\/uploads\/2022\/09\/Ceccarelli.Andre_.jpeg 640w, http:\/\/www.19paulfort.com\/galerie\/wp-content\/uploads\/2022\/09\/Ceccarelli.Andre_-300x200.jpeg 300w\" sizes=\"auto, (max-width: 640px) 100vw, 640px\" \/><figcaption id=\"caption-attachment-10288\" class=\"wp-caption-text\">Andr\u00e9 Ceccarelli au club de jazz le Duc des Lombards, Paris, janvier 2009 \u00a9 Christian Ducasse<\/figcaption><\/figure>\n<hr \/>\n<p style=\"text-align: justify;\"><strong>Cet artiste a particip\u00e9 au 19PaulFort \u00e0 :<\/strong><br \/>\n&gt; <a href=\"http:\/\/www.19paulfort.com\/galerie\/index.php\/2022\/09\/21\/concerts-festival-dreaming-drums-8-9-10-octobre-2022\/\">Un concert en duo avec le batteur Fabrice Moreau, lors du festival Dreaming drums le lundi 10 octobre 2022<\/a><\/p>\n","protected":false},"excerpt":{"rendered":"<p>Andr\u00e9 Ceccarelli Batteur N\u00e9 \u00e0 Nice en 1946. Andr\u00e9 Ceccarelli fait ses d\u00e9buts professionnels au d\u00e9but des ann\u00e9es 1960 dans le groupe de rock Les Chats sauvages, puis il entame un carri\u00e8re de batteur de jazz aux c\u00f4t\u00e9s, entre autres, de Chick Corea, Michael Brecker, Dee Dee Bridgewater, Richard Bona, Bir\u00e9li Lagr\u00e8ne, Sylvain Luc et&hellip;<a href=\"http:\/\/www.19paulfort.com\/galerie\/index.php\/2022\/09\/21\/ceccarelli-andre\/\" class=\"more-link\">Continue reading <span class=\"screen-reader-text\">CECCARELLI Andr\u00e9 \u2022<\/span><\/a><\/p>\n","protected":false},"author":1,"featured_media":0,"comment_status":"closed","ping_status":"closed","sticky":false,"template":"","format":"standard","meta":{"footnotes":""},"categories":[18,26,20,19],"tags":[],"class_list":["post-10309","post","type-post","status-publish","format-standard","hentry","category-artistes-invites","category-musiciens-compositeurs","category-par-nom","category-par-pratique-artistique"],"_links":{"self":[{"href":"http:\/\/www.19paulfort.com\/galerie\/index.php\/wp-json\/wp\/v2\/posts\/10309","targetHints":{"allow":["GET"]}}],"collection":[{"href":"http:\/\/www.19paulfort.com\/galerie\/index.php\/wp-json\/wp\/v2\/posts"}],"about":[{"href":"http:\/\/www.19paulfort.com\/galerie\/index.php\/wp-json\/wp\/v2\/types\/post"}],"author":[{"embeddable":true,"href":"http:\/\/www.19paulfort.com\/galerie\/index.php\/wp-json\/wp\/v2\/users\/1"}],"replies":[{"embeddable":true,"href":"http:\/\/www.19paulfort.com\/galerie\/index.php\/wp-json\/wp\/v2\/comments?post=10309"}],"version-history":[{"count":8,"href":"http:\/\/www.19paulfort.com\/galerie\/index.php\/wp-json\/wp\/v2\/posts\/10309\/revisions"}],"predecessor-version":[{"id":10523,"href":"http:\/\/www.19paulfort.com\/galerie\/index.php\/wp-json\/wp\/v2\/posts\/10309\/revisions\/10523"}],"wp:attachment":[{"href":"http:\/\/www.19paulfort.com\/galerie\/index.php\/wp-json\/wp\/v2\/media?parent=10309"}],"wp:term":[{"taxonomy":"category","embeddable":true,"href":"http:\/\/www.19paulfort.com\/galerie\/index.php\/wp-json\/wp\/v2\/categories?post=10309"},{"taxonomy":"post_tag","embeddable":true,"href":"http:\/\/www.19paulfort.com\/galerie\/index.php\/wp-json\/wp\/v2\/tags?post=10309"}],"curies":[{"name":"wp","href":"https:\/\/api.w.org\/{rel}","templated":true}]}}