{"id":1064,"date":"2016-05-24T17:16:28","date_gmt":"2016-05-24T16:16:28","guid":{"rendered":"http:\/\/www.19paulfort.com\/galerie\/?p=1064"},"modified":"2017-01-31T23:19:31","modified_gmt":"2017-01-31T22:19:31","slug":"yung-olivier","status":"publish","type":"post","link":"http:\/\/www.19paulfort.com\/galerie\/index.php\/2016\/05\/24\/yung-olivier\/","title":{"rendered":"JUNG Olivier &#8211;"},"content":{"rendered":"<p><img loading=\"lazy\" decoding=\"async\" class=\"aligncenter\" src=\"http:\/\/www.19paulfort.com\/images\/stories\/expositions\/AutourJapon5\/DSC04497Olivier%20YUNG.JPG\" alt=\"\" width=\"393\" height=\"590\" border=\"0\" \/><\/p>\n<h1>Olivier Jung<\/h1>\n<p><strong>Dessinateur<\/strong><\/p>\n<p><em>Texte \u00e0 venir.<\/em><\/p>\n<hr \/>\n<p>Cet artiste a particip\u00e9 rue Paul Fort \u00e0 :<\/p>\n<p>Une exposition de groupe intitul\u00e9e \u00ab\u00a0Autour du Japon 5\u00a0\u00bb en novembre-d\u00e9cembre 2015.<\/p>\n<p><a title=\"Autour du Japon 5\" href=\"http:\/\/www.19paulfort.com\/galerie\/index.php\/2016\/06\/09\/exposition-autour-du-japon-v-17-nov-au-6-dec-2015\/\">&gt; Lien vers l&rsquo;exposition<br \/>\n<\/a><\/p>\n<p>&nbsp;<\/p>\n","protected":false},"excerpt":{"rendered":"<p>Olivier Jung Dessinateur Texte \u00e0 venir. Cet artiste a particip\u00e9 rue Paul Fort \u00e0 : Une exposition de groupe intitul\u00e9e \u00ab\u00a0Autour du Japon 5\u00a0\u00bb en novembre-d\u00e9cembre 2015. &gt; Lien vers l&rsquo;exposition &nbsp;<\/p>\n","protected":false},"author":1,"featured_media":0,"comment_status":"closed","ping_status":"closed","sticky":false,"template":"","format":"standard","meta":{"footnotes":""},"categories":[18,20,19,25],"tags":[],"class_list":["post-1064","post","type-post","status-publish","format-standard","hentry","category-artistes-invites","category-par-nom","category-par-pratique-artistique","category-peintres-dessinateurs-calligraphes"],"_links":{"self":[{"href":"http:\/\/www.19paulfort.com\/galerie\/index.php\/wp-json\/wp\/v2\/posts\/1064","targetHints":{"allow":["GET"]}}],"collection":[{"href":"http:\/\/www.19paulfort.com\/galerie\/index.php\/wp-json\/wp\/v2\/posts"}],"about":[{"href":"http:\/\/www.19paulfort.com\/galerie\/index.php\/wp-json\/wp\/v2\/types\/post"}],"author":[{"embeddable":true,"href":"http:\/\/www.19paulfort.com\/galerie\/index.php\/wp-json\/wp\/v2\/users\/1"}],"replies":[{"embeddable":true,"href":"http:\/\/www.19paulfort.com\/galerie\/index.php\/wp-json\/wp\/v2\/comments?post=1064"}],"version-history":[{"count":5,"href":"http:\/\/www.19paulfort.com\/galerie\/index.php\/wp-json\/wp\/v2\/posts\/1064\/revisions"}],"predecessor-version":[{"id":4391,"href":"http:\/\/www.19paulfort.com\/galerie\/index.php\/wp-json\/wp\/v2\/posts\/1064\/revisions\/4391"}],"wp:attachment":[{"href":"http:\/\/www.19paulfort.com\/galerie\/index.php\/wp-json\/wp\/v2\/media?parent=1064"}],"wp:term":[{"taxonomy":"category","embeddable":true,"href":"http:\/\/www.19paulfort.com\/galerie\/index.php\/wp-json\/wp\/v2\/categories?post=1064"},{"taxonomy":"post_tag","embeddable":true,"href":"http:\/\/www.19paulfort.com\/galerie\/index.php\/wp-json\/wp\/v2\/tags?post=1064"}],"curies":[{"name":"wp","href":"https:\/\/api.w.org\/{rel}","templated":true}]}}