{"id":10888,"date":"2023-04-10T08:59:20","date_gmt":"2023-04-10T07:59:20","guid":{"rendered":"http:\/\/www.19paulfort.com\/galerie\/?p=10888"},"modified":"2023-04-18T09:22:59","modified_gmt":"2023-04-18T08:22:59","slug":"luzzati-constance","status":"publish","type":"post","link":"http:\/\/www.19paulfort.com\/galerie\/index.php\/2023\/04\/10\/luzzati-constance\/","title":{"rendered":"LUZZATI Constance &#8211;"},"content":{"rendered":"<h1><img loading=\"lazy\" decoding=\"async\" class=\"aligncenter size-full wp-image-10939\" src=\"http:\/\/www.19paulfort.com\/galerie\/wp-content\/uploads\/2023\/04\/20230416_171221-scaled.jpg\" alt=\"\" width=\"2560\" height=\"2560\" srcset=\"http:\/\/www.19paulfort.com\/galerie\/wp-content\/uploads\/2023\/04\/20230416_171221-scaled.jpg 2560w, http:\/\/www.19paulfort.com\/galerie\/wp-content\/uploads\/2023\/04\/20230416_171221-300x300.jpg 300w, http:\/\/www.19paulfort.com\/galerie\/wp-content\/uploads\/2023\/04\/20230416_171221-1024x1024.jpg 1024w, http:\/\/www.19paulfort.com\/galerie\/wp-content\/uploads\/2023\/04\/20230416_171221-150x150.jpg 150w, http:\/\/www.19paulfort.com\/galerie\/wp-content\/uploads\/2023\/04\/20230416_171221-768x768.jpg 768w, http:\/\/www.19paulfort.com\/galerie\/wp-content\/uploads\/2023\/04\/20230416_171221-1536x1536.jpg 1536w, http:\/\/www.19paulfort.com\/galerie\/wp-content\/uploads\/2023\/04\/20230416_171221-2048x2048.jpg 2048w, http:\/\/www.19paulfort.com\/galerie\/wp-content\/uploads\/2023\/04\/20230416_171221-750x750.jpg 750w\" sizes=\"auto, (max-width: 2560px) 100vw, 2560px\" \/><br \/>\nConstance Luzzati<\/h1>\n<p><strong>harpiste<br \/>\n<\/strong><\/p>\n<p style=\"text-align: justify;\"><img loading=\"lazy\" decoding=\"async\" class=\"alignleft size-medium wp-image-10940\" src=\"http:\/\/www.19paulfort.com\/galerie\/wp-content\/uploads\/2023\/04\/20230416_171313-300x264.jpg\" alt=\"\" width=\"300\" height=\"264\" srcset=\"http:\/\/www.19paulfort.com\/galerie\/wp-content\/uploads\/2023\/04\/20230416_171313-300x264.jpg 300w, http:\/\/www.19paulfort.com\/galerie\/wp-content\/uploads\/2023\/04\/20230416_171313-1024x900.jpg 1024w, http:\/\/www.19paulfort.com\/galerie\/wp-content\/uploads\/2023\/04\/20230416_171313-768x675.jpg 768w, http:\/\/www.19paulfort.com\/galerie\/wp-content\/uploads\/2023\/04\/20230416_171313-1536x1350.jpg 1536w, http:\/\/www.19paulfort.com\/galerie\/wp-content\/uploads\/2023\/04\/20230416_171313-2048x1801.jpg 2048w, http:\/\/www.19paulfort.com\/galerie\/wp-content\/uploads\/2023\/04\/20230416_171313-750x659.jpg 750w\" sizes=\"auto, (max-width: 300px) 100vw, 300px\" \/>L&rsquo;\u00e9largissement du r\u00e9pertoire de la harpe, \u00e0 travers la transcription de musique ancienne et la cr\u00e9ation contemporaine, constitue le terrain de jeu favori de la harpiste Constance Luzzati. Elle a ainsi adapt\u00e9 \u00e0 la harpe toutes les \u0153uvres pour clavecin de Jean-Philippe Rameau, mais \u00e9galement transcrit une partie des pi\u00e8ces<br \/>\nde Louis et Fran\u00e7ois Couperin, Forqueray, Duphly, Royer, Scarlatti et Jean-S\u00e9bastien Bach.<br \/>\nConstance Luzzati a eu l\u2019occasion de faire partager au public ses r\u00e9pertoires favoris \u00e0 Paris (Philharmonie &#8211; Cit\u00e9 de la musique, Maison de la Radio, Petit Palais), dans de nombreux festivals fran\u00e7ais (Folles journ\u00e9es de Nantes, Fl\u00e2neries de Reims, Festival de Besan\u00e7on, Musicales d\u2019Assy, Musique en chemin, Un temps pour elles), ainsi qu\u2019\u00e0 l\u2019\u00e9tranger (Italie, Espagne, Portugal, Grande- Bretagne, Pays-Bas, Hongrie, Japon, \u00c9tats-Unis).<br \/>\nElle a remport\u00e9 deux premiers prix internationaux, est laur\u00e9ate ou finaliste de quatre autres concours internationaux dont le Concert Artists Guild \u00e0 New York, ouvert \u00e0 tous les instruments ; en France elle a \u00e9t\u00e9 distingu\u00e9e par les Avant-sc\u00e8nes du CNSMDP, Cultures France et la Fondation Marcel Bleustein-Blanchet pour la vocation.<br \/>\n<em>\u00ab\u00a0Constance Luzzati joue d\u2019entr\u00e9e avec une pr\u00e9sence impressionnante, tour \u00e0 tour de finesse ou d\u2019\u00e9nergie.\u00a0\u00bb<\/em><br \/>\n<em>\u00ab\u00a0Elle \u00e9claire somptueusement la m\u00e9lodie, livrant une interpr\u00e9tation passionnante et sensible, toute en clairs-obscurs [&#8230;]. On appr\u00e9cie l\u2019\u00e9l\u00e9gance de l\u2019articulation, l\u2019expressivit\u00e9 \u00e9vidente et la grande pr\u00e9sence de cette artiste [&#8230;] de sorte que d\u2019embl\u00e9e l\u2019on comprend avoir affaire \u00e0 une riche personnalit\u00e9 musicale.\u00a0\u00bb<\/em><\/p>\n<p>&nbsp;<\/p>\n<div id='gallery-1' class='gallery galleryid-10888 gallery-columns-2 gallery-size-large'><figure class='gallery-item'>\n\t\t\t<div class='gallery-icon landscape'>\n\t\t\t\t<a href='http:\/\/www.19paulfort.com\/galerie\/wp-content\/uploads\/2023\/04\/20230416_161850-scaled.jpg'><img loading=\"lazy\" decoding=\"async\" width=\"1024\" height=\"1024\" src=\"http:\/\/www.19paulfort.com\/galerie\/wp-content\/uploads\/2023\/04\/20230416_161850-1024x1024.jpg\" class=\"attachment-large size-large\" alt=\"\" srcset=\"http:\/\/www.19paulfort.com\/galerie\/wp-content\/uploads\/2023\/04\/20230416_161850-1024x1024.jpg 1024w, http:\/\/www.19paulfort.com\/galerie\/wp-content\/uploads\/2023\/04\/20230416_161850-300x300.jpg 300w, http:\/\/www.19paulfort.com\/galerie\/wp-content\/uploads\/2023\/04\/20230416_161850-150x150.jpg 150w, http:\/\/www.19paulfort.com\/galerie\/wp-content\/uploads\/2023\/04\/20230416_161850-768x768.jpg 768w, http:\/\/www.19paulfort.com\/galerie\/wp-content\/uploads\/2023\/04\/20230416_161850-1536x1536.jpg 1536w, http:\/\/www.19paulfort.com\/galerie\/wp-content\/uploads\/2023\/04\/20230416_161850-2048x2048.jpg 2048w, http:\/\/www.19paulfort.com\/galerie\/wp-content\/uploads\/2023\/04\/20230416_161850-750x750.jpg 750w\" sizes=\"auto, (max-width: 1024px) 100vw, 1024px\" \/><\/a>\n\t\t\t<\/div><\/figure><figure class='gallery-item'>\n\t\t\t<div class='gallery-icon landscape'>\n\t\t\t\t<a href='http:\/\/www.19paulfort.com\/galerie\/wp-content\/uploads\/2023\/04\/20230416_162039-scaled.jpg'><img loading=\"lazy\" decoding=\"async\" width=\"1024\" height=\"1024\" src=\"http:\/\/www.19paulfort.com\/galerie\/wp-content\/uploads\/2023\/04\/20230416_162039-1024x1024.jpg\" class=\"attachment-large size-large\" alt=\"\" srcset=\"http:\/\/www.19paulfort.com\/galerie\/wp-content\/uploads\/2023\/04\/20230416_162039-1024x1024.jpg 1024w, http:\/\/www.19paulfort.com\/galerie\/wp-content\/uploads\/2023\/04\/20230416_162039-300x300.jpg 300w, http:\/\/www.19paulfort.com\/galerie\/wp-content\/uploads\/2023\/04\/20230416_162039-150x150.jpg 150w, http:\/\/www.19paulfort.com\/galerie\/wp-content\/uploads\/2023\/04\/20230416_162039-768x768.jpg 768w, http:\/\/www.19paulfort.com\/galerie\/wp-content\/uploads\/2023\/04\/20230416_162039-1536x1536.jpg 1536w, http:\/\/www.19paulfort.com\/galerie\/wp-content\/uploads\/2023\/04\/20230416_162039-2048x2048.jpg 2048w, http:\/\/www.19paulfort.com\/galerie\/wp-content\/uploads\/2023\/04\/20230416_162039-750x750.jpg 750w\" sizes=\"auto, (max-width: 1024px) 100vw, 1024px\" \/><\/a>\n\t\t\t<\/div><\/figure>\n\t\t<\/div>\n\n<p style=\"text-align: justify;\"><em>\u00a0<\/em><\/p>\n<p><img loading=\"lazy\" decoding=\"async\" class=\"wp-image-10883 size-medium alignleft\" src=\"http:\/\/www.19paulfort.com\/galerie\/wp-content\/uploads\/2023\/04\/ConstanceLuzzati-300x169.jpg\" alt=\"\" width=\"300\" height=\"169\" srcset=\"http:\/\/www.19paulfort.com\/galerie\/wp-content\/uploads\/2023\/04\/ConstanceLuzzati-300x169.jpg 300w, http:\/\/www.19paulfort.com\/galerie\/wp-content\/uploads\/2023\/04\/ConstanceLuzzati-750x422.jpg 750w, http:\/\/www.19paulfort.com\/galerie\/wp-content\/uploads\/2023\/04\/ConstanceLuzzati.jpg 768w\" sizes=\"auto, (max-width: 300px) 100vw, 300px\" \/><\/p>\n<p style=\"text-align: justify;\"><strong>Les signes de l&rsquo;arc<\/strong><br \/>\n<strong>La harpe en mouvement : cr\u00e9ations et exp\u00e9rimentations musicales<\/strong><br \/>\nL\u2019association \u00ab\u00a0Les signes de l\u2019arc\u00a0\u00bb organise des \u00e9v\u00e9nements autour de la harpe, de la cr\u00e9ation, rassemblant les acteurs de la musique contemporaine et exp\u00e9rimentale (commandes, concerts, enregistrements, conf\u00e9rences, \u00e9ditions).<\/p>\n<p style=\"text-align: justify;\"><strong>Enharmonique Rameau : <\/strong><strong>POURQUOI RAMEAU&#8230;<\/strong><br \/>\nChacune des pi\u00e8ces de ces recueils pour clavecin est un joyau : \u00e0 la fois imm\u00e9diatement s\u00e9duisante et agr\u00e9able \u00e0 l\u2019oreille ainsi que d\u2019une densit\u00e9 musicale in\u00e9gal\u00e9e. La pens\u00e9e y est concentr\u00e9e : chaque note est n\u00e9cessaire \u00e0 l\u2019\u00e9quilibre de l\u2019ensemble, rien n\u2019y est pr\u00e9sent de mani\u00e8re artificielle ou superflue. La noblesse de l\u2019\u00e9criture rythmique n&rsquo;a d&rsquo;\u00e9gale que la subtilit\u00e9 de l&rsquo;\u00e9vocation po\u00e9tique, l&rsquo;innovation des figures de virtuosit\u00e9 th\u00e9\u00e2trale, ou l&rsquo;audace de la pens\u00e9e harmonique<br \/>\n<strong>&#8230; \u00c0 LA HARPE ?<\/strong><br \/>\nJouer les pi\u00e8ces de clavecin \u00e0 la harpe \u00e9tait exceptionnel au XVIII\u00e8me si\u00e8cle, car r\u00e9serv\u00e9 \u00e0 quelques rares virtuoses. Enharmonique se situe dans la lign\u00e9e de ces interpr\u00e9tations aussi fid\u00e8les que possible au texte original pour clavecin. Il ne s\u2019agit plus alors de transcription, mais bien d\u2019une forme d\u2019interpr\u00e9tation, qui tire profit du changement de couleur instrumentale qu\u2019offre la harpe : les cordes, toujours pinc\u00e9es, r\u00e9sonnent davantage, avec un timbre arrondi qui po\u00e9tise les \u0153uvres \u00e9vocatrices de Rameau.<\/p>\n<hr \/>\n<p style=\"text-align: justify;\"><strong>Cette artiste a particip\u00e9 au 19PaulFort \u00e0 :<\/strong><br \/>\n&gt; <a href=\"http:\/\/www.19paulfort.com\/galerie\/index.php\/2023\/04\/10\/concert-constance-luzzati-harpe-pour-la-sortie-de-enharmonique-rameau-16-avril-2023\/\">Un concert \u00e0 la harpe \u00e0 l&rsquo;occasion de la sortie du disque \u00ab\u00a0Enharmonique Rameau\u00a0\u00bb le 16 avril 2023<\/a><\/p>\n","protected":false},"excerpt":{"rendered":"<p>Constance Luzzati harpiste L&rsquo;\u00e9largissement du r\u00e9pertoire de la harpe, \u00e0 travers la transcription de musique ancienne et la cr\u00e9ation contemporaine, constitue le terrain de jeu favori de la harpiste Constance Luzzati. Elle a ainsi adapt\u00e9 \u00e0 la harpe toutes les \u0153uvres pour clavecin de Jean-Philippe Rameau, mais \u00e9galement transcrit une partie des pi\u00e8ces de Louis&hellip;<a href=\"http:\/\/www.19paulfort.com\/galerie\/index.php\/2023\/04\/10\/luzzati-constance\/\" class=\"more-link\">Continue reading <span class=\"screen-reader-text\">LUZZATI Constance &#8211;<\/span><\/a><\/p>\n","protected":false},"author":1,"featured_media":0,"comment_status":"closed","ping_status":"closed","sticky":false,"template":"","format":"standard","meta":{"footnotes":""},"categories":[18,26,20,19],"tags":[],"class_list":["post-10888","post","type-post","status-publish","format-standard","hentry","category-artistes-invites","category-musiciens-compositeurs","category-par-nom","category-par-pratique-artistique"],"_links":{"self":[{"href":"http:\/\/www.19paulfort.com\/galerie\/index.php\/wp-json\/wp\/v2\/posts\/10888","targetHints":{"allow":["GET"]}}],"collection":[{"href":"http:\/\/www.19paulfort.com\/galerie\/index.php\/wp-json\/wp\/v2\/posts"}],"about":[{"href":"http:\/\/www.19paulfort.com\/galerie\/index.php\/wp-json\/wp\/v2\/types\/post"}],"author":[{"embeddable":true,"href":"http:\/\/www.19paulfort.com\/galerie\/index.php\/wp-json\/wp\/v2\/users\/1"}],"replies":[{"embeddable":true,"href":"http:\/\/www.19paulfort.com\/galerie\/index.php\/wp-json\/wp\/v2\/comments?post=10888"}],"version-history":[{"count":8,"href":"http:\/\/www.19paulfort.com\/galerie\/index.php\/wp-json\/wp\/v2\/posts\/10888\/revisions"}],"predecessor-version":[{"id":10944,"href":"http:\/\/www.19paulfort.com\/galerie\/index.php\/wp-json\/wp\/v2\/posts\/10888\/revisions\/10944"}],"wp:attachment":[{"href":"http:\/\/www.19paulfort.com\/galerie\/index.php\/wp-json\/wp\/v2\/media?parent=10888"}],"wp:term":[{"taxonomy":"category","embeddable":true,"href":"http:\/\/www.19paulfort.com\/galerie\/index.php\/wp-json\/wp\/v2\/categories?post=10888"},{"taxonomy":"post_tag","embeddable":true,"href":"http:\/\/www.19paulfort.com\/galerie\/index.php\/wp-json\/wp\/v2\/tags?post=10888"}],"curies":[{"name":"wp","href":"https:\/\/api.w.org\/{rel}","templated":true}]}}