{"id":1117,"date":"2016-05-25T16:45:11","date_gmt":"2016-05-25T15:45:11","guid":{"rendered":"http:\/\/www.19paulfort.com\/galerie\/?p=1117"},"modified":"2025-03-03T12:13:53","modified_gmt":"2025-03-03T11:13:53","slug":"concert-de-le-renaudin-trio-hugues-rouse-sebastien-dochy-bertrand-renaudin-26-nov-2015","status":"publish","type":"post","link":"http:\/\/www.19paulfort.com\/galerie\/index.php\/2016\/05\/25\/concert-de-le-renaudin-trio-hugues-rouse-sebastien-dochy-bertrand-renaudin-26-nov-2015\/","title":{"rendered":"11 &#8211; 26 novembre &#8211; Concert &#8211; Le Renaudin Trio : H. Rous\u00e9, S. Dochy, B. Renaudin &#8211;"},"content":{"rendered":"<h1><img loading=\"lazy\" decoding=\"async\" class=\"aligncenter\" src=\"http:\/\/www.19paulfort.com\/images\/ACCROCHESACCUEIL\/accrocherenaudintrio%20.png\" alt=\"\" width=\"400\" height=\"278\" border=\"0\" \/><\/h1>\n<h1>Le Renaudin Trio<\/h1>\n<h1>Hugues Rous\u00e9<\/h1>\n<p><strong>Saxophone<\/strong><\/p>\n<h1>S\u00e9bastien Dochy<\/h1>\n<p><strong>Contrebasse<\/strong><\/p>\n<h1>Bertrand Renaudin<\/h1>\n<p><strong>Batteur, compositeur<em><br \/>\n<\/em><\/strong><br \/>\n<strong> 26 novembre 2015<\/strong><\/p>\n<p style=\"text-align: justify;\">Le jeudi 26 novembre 2015, \u00e0 20h, Hugues Rous\u00e9 (saxophone), S\u00e9bastien Dochy (contrebasse) et Bertrand Renaudin (batterie) f\u00eatent la sortie de leur album : le Renaudin Trio, <em>\u00abun trio simple et \u00e9l\u00e9gant\u00bb.<br \/>\n<\/em><br \/>\n<img loading=\"lazy\" decoding=\"async\" class=\"aligncenter\" src=\"http:\/\/www.19paulfort.com\/images\/stories\/concerts\/renaudintrio.png\" alt=\"\" width=\"732\" height=\"515\" border=\"0\" \/><\/p>\n<p style=\"text-align: justify;\">Hugues Rous\u00e9 a partag\u00e9 bien des sc\u00e8nes avec Steve Lacy, Andy Kirk, Valentin Clastrier, Louis Sclavis et d\u2019autres. Il est \u00e9galement le responsable du D\u00e9partement Jazz du Conservatoire de Tourcoing.<br \/>\nS\u00e9bastien Dochy a partag\u00e9 des sc\u00e8nes avec Jeff Kino, Vincent Vansteene, Mathieu Harlaut et beaucoup encore. Il enseigne la contrebasse au CRD de CALAIS.<br \/>\nBertrand Renaudin passionn\u00e9 de voyages et donc de rencontres a trouv\u00e9 ces deux-l\u00e0 sur son chemin. Ils jouent ensemble sans plus attendre depuis d\u00e9but 2014.<\/p>\n<p style=\"text-align: justify;\"><em>Hugues Rouse has shared quite a few stages with Steve Lacy, Andy Kirk Valentin Clastrier, Louis Sclavis and other musicians. He is also incharge of the Jazz Department of the Tourcoing Conservatory. <\/em><br \/>\n<em>S\u00e9bastien Dochy has shared stages with Jeff Kino, Vincent Vansteene, Mathieu Harlaut and many others. He teaches the double bass at the Calais Conservatory. <\/em><br \/>\n<em>Bertrand Renaudin, passionately fond of journeys and therefore encounters, once met them as he went on his way. They have played together and have been anxious to play together again since early 2014. A simple and elegant trio.<br \/>\n<\/em><\/p>\n<hr \/>\n<p>&gt; <a href=\"http:\/\/www.19paulfort.com\/galerie\/index.php\/2016\/05\/25\/renaudin-bertrand\/\">Lien vers la fiche de Bertrand Renaudin<\/a><br \/>\n&gt; Lien vers la fiche de Hugues Rous\u00e9 (prochainement)<br \/>\n<a href=\"http:\/\/www.19paulfort.com\/galerie\/index.php\/2016\/08\/21\/dochy-sebastien\/\">&gt; Lien vers la fiche de S\u00e9bastien Dochy<\/a><\/p>\n","protected":false},"excerpt":{"rendered":"<p>Le Renaudin Trio Hugues Rous\u00e9 Saxophone S\u00e9bastien Dochy Contrebasse Bertrand Renaudin Batteur, compositeur 26 novembre 2015 Le jeudi 26 novembre 2015, \u00e0 20h, Hugues Rous\u00e9 (saxophone), S\u00e9bastien Dochy (contrebasse) et Bertrand Renaudin (batterie) f\u00eatent la sortie de leur album : le Renaudin Trio, \u00abun trio simple et \u00e9l\u00e9gant\u00bb. Hugues Rous\u00e9 a partag\u00e9 bien des sc\u00e8nes&hellip;<a href=\"http:\/\/www.19paulfort.com\/galerie\/index.php\/2016\/05\/25\/concert-de-le-renaudin-trio-hugues-rouse-sebastien-dochy-bertrand-renaudin-26-nov-2015\/\" class=\"more-link\">Continue reading <span class=\"screen-reader-text\">11 &#8211; 26 novembre &#8211; Concert &#8211; Le Renaudin Trio : H. Rous\u00e9, S. Dochy, B. Renaudin &#8211;<\/span><\/a><\/p>\n","protected":false},"author":1,"featured_media":0,"comment_status":"closed","ping_status":"closed","sticky":false,"template":"","format":"standard","meta":{"footnotes":""},"categories":[17,12,7],"tags":[],"class_list":["post-1117","post","type-post","status-publish","format-standard","hentry","category-concerts","category-evenements-2015","category-evenements-passes"],"_links":{"self":[{"href":"http:\/\/www.19paulfort.com\/galerie\/index.php\/wp-json\/wp\/v2\/posts\/1117","targetHints":{"allow":["GET"]}}],"collection":[{"href":"http:\/\/www.19paulfort.com\/galerie\/index.php\/wp-json\/wp\/v2\/posts"}],"about":[{"href":"http:\/\/www.19paulfort.com\/galerie\/index.php\/wp-json\/wp\/v2\/types\/post"}],"author":[{"embeddable":true,"href":"http:\/\/www.19paulfort.com\/galerie\/index.php\/wp-json\/wp\/v2\/users\/1"}],"replies":[{"embeddable":true,"href":"http:\/\/www.19paulfort.com\/galerie\/index.php\/wp-json\/wp\/v2\/comments?post=1117"}],"version-history":[{"count":13,"href":"http:\/\/www.19paulfort.com\/galerie\/index.php\/wp-json\/wp\/v2\/posts\/1117\/revisions"}],"predecessor-version":[{"id":13015,"href":"http:\/\/www.19paulfort.com\/galerie\/index.php\/wp-json\/wp\/v2\/posts\/1117\/revisions\/13015"}],"wp:attachment":[{"href":"http:\/\/www.19paulfort.com\/galerie\/index.php\/wp-json\/wp\/v2\/media?parent=1117"}],"wp:term":[{"taxonomy":"category","embeddable":true,"href":"http:\/\/www.19paulfort.com\/galerie\/index.php\/wp-json\/wp\/v2\/categories?post=1117"},{"taxonomy":"post_tag","embeddable":true,"href":"http:\/\/www.19paulfort.com\/galerie\/index.php\/wp-json\/wp\/v2\/tags?post=1117"}],"curies":[{"name":"wp","href":"https:\/\/api.w.org\/{rel}","templated":true}]}}