{"id":1123,"date":"2016-05-25T16:31:54","date_gmt":"2016-05-25T15:31:54","guid":{"rendered":"http:\/\/www.19paulfort.com\/galerie\/?p=1123"},"modified":"2025-03-03T12:13:02","modified_gmt":"2025-03-03T11:13:02","slug":"concert-solo-de-pierre-favre-16-avril-2015","status":"publish","type":"post","link":"http:\/\/www.19paulfort.com\/galerie\/index.php\/2016\/05\/25\/concert-solo-de-pierre-favre-16-avril-2015\/","title":{"rendered":"04 &#8211; 16 avril &#8211; Concert &#8211; Pierre Favre, solo"},"content":{"rendered":"<h1>Concert solo de Pierre Favre<\/h1>\n<p><strong><em>Batteur, compositeur, percussionniste<br \/>\n<\/em><\/strong><br \/>\n<strong> 16 avril 2015, 20h30<\/strong><\/p>\n<p><strong>Pierre Favre \u00e0 Paris un concert solo unique \u00e0 ne pas manquer !<\/strong><\/p>\n<p style=\"text-align: justify;\"><em>\u00ab Oh oui, dites lui bonjour et dites lui que j&rsquo;admire son parcours, sa fa\u00e7on d&rsquo;avoir su passer du batteur, concentr\u00e9 sur le tempo et toutes sortes de \u00ab bruits \u00bb au musicien qui joue sur ses tambours comme sur un piano, comme un joueur de m\u00e9lodie ou un chanteur&#8230; Oui, ce n&rsquo; est pas un batteur , c&rsquo;est un grand compositeur, un musicien d&rsquo;une grande ouverture d&rsquo;esprit. \u00bb<\/em><br \/>\nGunter Baby Sommer<\/p>\n<p style=\"text-align: justify;\"><em>\u00ab Pierre Favre a ouvert, pour lui m\u00eame et pour nous, de nouveaux espaces, o\u00f9 nous pouvons danser et r\u00e9fl\u00e9chir : danse, pens\u00e9es tumultueuses; souvenirs,images; une fa\u00e7on de jouer avec le temps(tempo), les temps. Pierre Favre nous emm\u00e8ne \u00e0 la recherche du son; le percussionniste po\u00e8te; le batteur comme peintre sonore; le compositeur comme conteur; l&rsquo;improvisateur comme artiste de corde raide, ex\u00e9cutant un num\u00e9ro d&rsquo;\u00e9quilibriste. \u00bb<\/em><\/p>\n<p style=\"text-align: right;\">Bert Noglik<\/p>\n<hr \/>\n<p><a href=\"http:\/\/www.19paulfort.com\/index.php?option=com_content&amp;view=article&amp;id=160:favre-pierre&amp;catid=36&amp;Itemid=163&amp;lang=fr\">&gt; Lien vers la fiche de Pierre Favre<\/a><\/p>\n","protected":false},"excerpt":{"rendered":"<p>Concert solo de Pierre Favre Batteur, compositeur, percussionniste 16 avril 2015, 20h30 Pierre Favre \u00e0 Paris un concert solo unique \u00e0 ne pas manquer ! \u00ab Oh oui, dites lui bonjour et dites lui que j&rsquo;admire son parcours, sa fa\u00e7on d&rsquo;avoir su passer du batteur, concentr\u00e9 sur le tempo et toutes sortes de \u00ab bruits&hellip;<a href=\"http:\/\/www.19paulfort.com\/galerie\/index.php\/2016\/05\/25\/concert-solo-de-pierre-favre-16-avril-2015\/\" class=\"more-link\">Continue reading <span class=\"screen-reader-text\">04 &#8211; 16 avril &#8211; Concert &#8211; Pierre Favre, solo<\/span><\/a><\/p>\n","protected":false},"author":1,"featured_media":0,"comment_status":"closed","ping_status":"closed","sticky":false,"template":"","format":"standard","meta":{"footnotes":""},"categories":[17,12,7],"tags":[],"class_list":["post-1123","post","type-post","status-publish","format-standard","hentry","category-concerts","category-evenements-2015","category-evenements-passes"],"_links":{"self":[{"href":"http:\/\/www.19paulfort.com\/galerie\/index.php\/wp-json\/wp\/v2\/posts\/1123","targetHints":{"allow":["GET"]}}],"collection":[{"href":"http:\/\/www.19paulfort.com\/galerie\/index.php\/wp-json\/wp\/v2\/posts"}],"about":[{"href":"http:\/\/www.19paulfort.com\/galerie\/index.php\/wp-json\/wp\/v2\/types\/post"}],"author":[{"embeddable":true,"href":"http:\/\/www.19paulfort.com\/galerie\/index.php\/wp-json\/wp\/v2\/users\/1"}],"replies":[{"embeddable":true,"href":"http:\/\/www.19paulfort.com\/galerie\/index.php\/wp-json\/wp\/v2\/comments?post=1123"}],"version-history":[{"count":5,"href":"http:\/\/www.19paulfort.com\/galerie\/index.php\/wp-json\/wp\/v2\/posts\/1123\/revisions"}],"predecessor-version":[{"id":13013,"href":"http:\/\/www.19paulfort.com\/galerie\/index.php\/wp-json\/wp\/v2\/posts\/1123\/revisions\/13013"}],"wp:attachment":[{"href":"http:\/\/www.19paulfort.com\/galerie\/index.php\/wp-json\/wp\/v2\/media?parent=1123"}],"wp:term":[{"taxonomy":"category","embeddable":true,"href":"http:\/\/www.19paulfort.com\/galerie\/index.php\/wp-json\/wp\/v2\/categories?post=1123"},{"taxonomy":"post_tag","embeddable":true,"href":"http:\/\/www.19paulfort.com\/galerie\/index.php\/wp-json\/wp\/v2\/tags?post=1123"}],"curies":[{"name":"wp","href":"https:\/\/api.w.org\/{rel}","templated":true}]}}