{"id":1125,"date":"2016-05-25T16:28:30","date_gmt":"2016-05-25T15:28:30","guid":{"rendered":"http:\/\/www.19paulfort.com\/galerie\/?p=1125"},"modified":"2025-03-03T12:15:41","modified_gmt":"2025-03-03T11:15:41","slug":"concert-du-duo-benoit-delbecq-et-ben-goldberg-8-juil-2015","status":"publish","type":"post","link":"http:\/\/www.19paulfort.com\/galerie\/index.php\/2016\/05\/25\/concert-du-duo-benoit-delbecq-et-ben-goldberg-8-juil-2015\/","title":{"rendered":"07 &#8211; 08 juillet &#8211; Concert &#8211; Duo Beno\u00eet Delbecq et Ben Goldberg"},"content":{"rendered":"<h1>Beno\u00eet Delbecq<\/h1>\n<p><strong>Pianiste<\/strong><\/p>\n<h1>Ben Goldberg<\/h1>\n<p><strong>Clarinettiste<\/strong><\/p>\n<p style=\"text-align: left;\"><strong>8 juillet 2015<\/strong><br \/>\n<strong><em> Duo in\u00e9dit pour la premi\u00e8re fois en France, 20h30.<\/em><\/strong><\/p>\n<p style=\"text-align: center;\"><iframe loading=\"lazy\" src=\"https:\/\/player.vimeo.com\/video\/133175088\" width=\"640\" height=\"360\" frameborder=\"0\" allowfullscreen=\"allowfullscreen\"><\/iframe><\/p>\n<p style=\"text-align: center;\"><a href=\"https:\/\/vimeo.com\/133175088\">Benoit Delbecq &amp; Ben Goldberg Live &#8211; Paris &#8211; July 2015<\/a> from <a href=\"https:\/\/vimeo.com\/tourneleson\">Igor Juget<\/a> on <a href=\"https:\/\/vimeo.com\">Vimeo<\/a>.<\/p>\n<p>&nbsp;<\/p>\n<p style=\"text-align: justify;\"><strong>Ben Goldberg( de Denver, Colorado USA)<\/strong><br \/>\n\u00ab Ben Goldberg est l&rsquo;un des plus intense, flexible et inventif clarinettiste dans le monde du jazz et des musiques improvis\u00e9es. \u00bb &#8211; Downbeat.<br \/>\n\u00ab Un artiste qui semble trouver de magnifiques m\u00e9lodies au bout de chaque sentier. \u00bb &#8211; NPR<br \/>\n\u00ab L&rsquo;un des plus grands clarinettistes que j&rsquo;ai pu entendre. \u00bb &#8211; John Zorn<\/p>\n<p style=\"text-align: justify;\">D\u00e8s 1992, lorsque son groupe \u00ab New Klezmer trio \u00bb a publi\u00e9 \u00ab Masks and Faces \u00bb et a \u00ab ouvert \u00e0 coup de pied la porte d&rsquo;exp\u00e9rimentations radicales dans la musique d&rsquo;inspiration Ashkenaze \u00bb (SF Chronicle), jusque la parution en 2013 de Subatomic Particle Homesick Blues (avec Joshua Redman) and Unfold Ordinary Mind (avec Nels Cline), le clarinettiste et compositeur ben Goldberg a construit sa carri\u00e8re au travers d&rsquo;une inlassable et pr\u00e9cieuse recherche de v\u00e9rit\u00e9s musicales croisant plusieurs genres et styles, jusqu&rsquo;\u00e0 ce que DownBeat le c\u00e9l\u00e8bre comme le clarinettiste num\u00e9ro un parmi les \u00e9toiles montantes de la sc\u00e8ne du jazz international. Ben Goldberg a grandi \u00e0 Denver, Colorado. Il est dipl\u00f4m\u00e9 de University of California \u00e0 Santa Cruz, et a obtenu un master of arts en composition au Mills College. Il f\u00fbt l&rsquo;\u00e9l\u00e8ve de l&rsquo;\u00e9minent clarinettiste Rosario Mazzeo, ainsi que de Steve Lacy et Joe Lovano.<\/p>\n<p><strong>Benoit Delbecq (Paris France)<\/strong><br \/>\nPianiste et arrangeur c&rsquo;est un de ces aventuriers du son, de ces cr\u00e9ateurs qui font que le jazz est toujours en mouvement. Adepte du piano pr\u00e9par\u00e9 et des effets \u00e9lectroniques il n&rsquo;a eu de cesse de multiplier les collaborations multidisciplinaires avec le collectif Hask, Kartet, Th\u00f4t, The Recyclers, Silencers et bien d&rsquo;autres. En 2010 son album \u00ab\u00a0The sixth jump\u00a0\u00bb \u00e9tait consacr\u00e9 comme l&rsquo;un des dix albums jazz de l&rsquo;ann\u00e9e par le New York Times. \u00ab\u00a0Crescendo in duke\u00a0\u00bb est le dernier projet ambitieux de Beno\u00eet Delbecq ; celui de rendre hommage au ma\u00eetre Duke Ellington en se r\u00e9appropriant un r\u00e9pertoire peu connu du compositeur (des ann\u00e9es 50 \u00e0 70). Delbecq a re\u00e7u le Prix Jeunes Affiches de la SACEM avec le groupe Kartet en 1995, le Prix de la Villa M\u00e9dicis Hors-Les-Murs 2001, le fellowship de la Civitella Fundation de New York en 2009, et a re\u00e7u en 2010 un double Grand Prix International du Disque (Acad\u00e9mie Charles Cros) pour les disques \u00ab\u00a0The Sixth Jump\u00a0\u00bb et \u00ab\u00a0Circles and Calligrams\u00a0\u00bb (Songlines, 2010).<\/p>\n<hr \/>\n<p><a href=\"http:\/\/19paulfort.com\/index.php?option=com_content&amp;view=article&amp;id=196:delbecq-benoit&amp;catid=36&amp;Itemid=163&amp;lang=fr\">&gt; Lien vers la fiche de Beno\u00eet Delbecq<\/a><br \/>\n<a href=\"http:\/\/19paulfort.com\/index.php?option=com_content&amp;view=article&amp;id=280:goldberg-ben&amp;catid=36&amp;Itemid=163&amp;lang=fr\">&gt; Lien vers la fiche de Ben Goldberg<\/a><\/p>\n","protected":false},"excerpt":{"rendered":"<p>Beno\u00eet Delbecq Pianiste Ben Goldberg Clarinettiste 8 juillet 2015 Duo in\u00e9dit pour la premi\u00e8re fois en France, 20h30. Benoit Delbecq &amp; Ben Goldberg Live &#8211; Paris &#8211; July 2015 from Igor Juget on Vimeo. &nbsp; Ben Goldberg( de Denver, Colorado USA) \u00ab Ben Goldberg est l&rsquo;un des plus intense, flexible et inventif clarinettiste dans le&hellip;<a href=\"http:\/\/www.19paulfort.com\/galerie\/index.php\/2016\/05\/25\/concert-du-duo-benoit-delbecq-et-ben-goldberg-8-juil-2015\/\" class=\"more-link\">Continue reading <span class=\"screen-reader-text\">07 &#8211; 08 juillet &#8211; Concert &#8211; Duo Beno\u00eet Delbecq et Ben Goldberg<\/span><\/a><\/p>\n","protected":false},"author":1,"featured_media":0,"comment_status":"closed","ping_status":"closed","sticky":false,"template":"","format":"standard","meta":{"footnotes":""},"categories":[17,12,7],"tags":[],"class_list":["post-1125","post","type-post","status-publish","format-standard","hentry","category-concerts","category-evenements-2015","category-evenements-passes"],"_links":{"self":[{"href":"http:\/\/www.19paulfort.com\/galerie\/index.php\/wp-json\/wp\/v2\/posts\/1125","targetHints":{"allow":["GET"]}}],"collection":[{"href":"http:\/\/www.19paulfort.com\/galerie\/index.php\/wp-json\/wp\/v2\/posts"}],"about":[{"href":"http:\/\/www.19paulfort.com\/galerie\/index.php\/wp-json\/wp\/v2\/types\/post"}],"author":[{"embeddable":true,"href":"http:\/\/www.19paulfort.com\/galerie\/index.php\/wp-json\/wp\/v2\/users\/1"}],"replies":[{"embeddable":true,"href":"http:\/\/www.19paulfort.com\/galerie\/index.php\/wp-json\/wp\/v2\/comments?post=1125"}],"version-history":[{"count":9,"href":"http:\/\/www.19paulfort.com\/galerie\/index.php\/wp-json\/wp\/v2\/posts\/1125\/revisions"}],"predecessor-version":[{"id":13020,"href":"http:\/\/www.19paulfort.com\/galerie\/index.php\/wp-json\/wp\/v2\/posts\/1125\/revisions\/13020"}],"wp:attachment":[{"href":"http:\/\/www.19paulfort.com\/galerie\/index.php\/wp-json\/wp\/v2\/media?parent=1125"}],"wp:term":[{"taxonomy":"category","embeddable":true,"href":"http:\/\/www.19paulfort.com\/galerie\/index.php\/wp-json\/wp\/v2\/categories?post=1125"},{"taxonomy":"post_tag","embeddable":true,"href":"http:\/\/www.19paulfort.com\/galerie\/index.php\/wp-json\/wp\/v2\/tags?post=1125"}],"curies":[{"name":"wp","href":"https:\/\/api.w.org\/{rel}","templated":true}]}}