{"id":11604,"date":"2024-03-28T15:23:50","date_gmt":"2024-03-28T14:23:50","guid":{"rendered":"https:\/\/www.19paulfort.com\/galerie\/?p=11604"},"modified":"2024-04-17T10:06:35","modified_gmt":"2024-04-17T09:06:35","slug":"delaunay-catherine","status":"publish","type":"post","link":"http:\/\/www.19paulfort.com\/galerie\/index.php\/2024\/03\/28\/delaunay-catherine\/","title":{"rendered":"DELAUNAY Catherine \u2022"},"content":{"rendered":"<h1 style=\"text-align: justify;\"><img loading=\"lazy\" decoding=\"async\" class=\"aligncenter wp-image-11651 size-full\" src=\"http:\/\/www.19paulfort.com\/galerie\/wp-content\/uploads\/2024\/03\/image0000001.jpg\" alt=\"\" width=\"1200\" height=\"1600\" srcset=\"http:\/\/www.19paulfort.com\/galerie\/wp-content\/uploads\/2024\/03\/image0000001.jpg 1200w, http:\/\/www.19paulfort.com\/galerie\/wp-content\/uploads\/2024\/03\/image0000001-225x300.jpg 225w, http:\/\/www.19paulfort.com\/galerie\/wp-content\/uploads\/2024\/03\/image0000001-768x1024.jpg 768w, http:\/\/www.19paulfort.com\/galerie\/wp-content\/uploads\/2024\/03\/image0000001-1152x1536.jpg 1152w, http:\/\/www.19paulfort.com\/galerie\/wp-content\/uploads\/2024\/03\/image0000001-750x1000.jpg 750w\" sizes=\"auto, (max-width: 1200px) 100vw, 1200px\" \/><br \/>\nCatherine DELAUNAY<\/h1>\n<p style=\"text-align: justify;\"><strong>Clarinettiste<\/strong><\/p>\n<p style=\"text-align: justify;\">N\u00e9e (1969) et vit en France. Catherine commence la clarinette \u00e0 l&rsquo;\u00e2ge de six ans.<\/p>\n<figure id=\"attachment_11627\" aria-describedby=\"caption-attachment-11627\" style=\"width: 225px\" class=\"wp-caption alignleft\"><img loading=\"lazy\" decoding=\"async\" class=\"wp-image-11627 size-medium\" src=\"http:\/\/www.19paulfort.com\/galerie\/wp-content\/uploads\/2024\/03\/Catherine-DELAUNAY-Copie-225x300.jpg\" alt=\"\" width=\"225\" height=\"300\" srcset=\"http:\/\/www.19paulfort.com\/galerie\/wp-content\/uploads\/2024\/03\/Catherine-DELAUNAY-Copie-225x300.jpg 225w, http:\/\/www.19paulfort.com\/galerie\/wp-content\/uploads\/2024\/03\/Catherine-DELAUNAY-Copie.jpg 720w\" sizes=\"auto, (max-width: 225px) 100vw, 225px\" \/><figcaption id=\"caption-attachment-11627\" class=\"wp-caption-text\">\u00a9 Serge Picard<\/figcaption><\/figure>\n<p style=\"text-align: justify;\">Elle \u00e9tudie la musique classique au Conservatoire de Rennes, et int\u00e8gre le Conservatoire national sup\u00e9rieur de musique de Lyon en 1989. Au CNSMD, elle obtient le Dipl\u00f4me national d&rsquo;\u00e9tudes sup\u00e9rieures musicales (DNESM) de clarinette (classe de Jacques Di Donato, 1993), le Certificat d&rsquo;\u00e9tudes sp\u00e9cialis\u00e9es de musique de chambre (classe de Jacques Aboulker, 1993), le certificat d&rsquo;\u00e9tudes compl\u00e9mentaires sp\u00e9cialis\u00e9es \u00ab Atelier instrumental du XXe si\u00e8cle \u00bb, (1993, direction Gilbert Amy, et le certificat d&rsquo;\u00e9tudes compl\u00e9mentaires sp\u00e9cialis\u00e9es de clarinette ancienne et chalumeau (1995, classe de Jean-Claude Veilhan).<br \/>\nParall\u00e8lement \u00e0 ses \u00e9tudes classiques, Catherine Delaunay se tourne plus particuli\u00e8rement vers le jazz et la musique improvis\u00e9e.<br \/>\nCatherine Delaunay est leader et compositrice de plusieurs formations :<br \/>\n\u2022<em> Mon crapaud s&rsquo;appelle Tino<\/em>, spectacle de La Guinguette \u00e0 P\u00e9p\u00e9E en collaboration avec des fanfares, autour des chansons d&rsquo;amour \u00e9crites notamment par Albert Marcoeur, Olivier Thomas, L\u00e9o Remke-Rochard cr\u00e9ation 2023 ;<br \/>\n\u2022 <em>Jusqu&rsquo;au dernier souffle<\/em>, cr\u00e9ation musicale (label Mission du Centenaire) sur des <em>Lettres d&rsquo;amour des Poilus de la Grande Guerre<\/em>, avec Yann Karaquillo (com\u00e9dien), Sandrine Le Grand (piano), Guillaume Roy (violon alto), Pierrick Hardy (guitare, banjo et clarinette), Christophe Morisset (serpent, tuba, trombone), Guillaume S\u00e9guron (contrebasse) ;<br \/>\n\u2022 <em>Sois patient car le loup<\/em>, cr\u00e9ation musicale sur des po\u00e8mes de Malcolm Lowry traduits par Jean-Fran\u00e7ois Goyet avec John Greaves (voix), Isabelle Olivier (harpe), Thierry Lhiver (trombone) et Guillaume S\u00e9guron (contrebasse) ;<br \/>\n\u2022 <em>La fanfare de rue et d&rsquo;int\u00e9rieur Y&rsquo;en a qui manquent pas d&rsquo;air<\/em> avec Lionel Martin (saxophones), Daniel Casimir (trombone), Didier Havet (soubassophone), et Tatiana Lejude (batterie).<br \/>\nElle est aussi la compagne de route d&rsquo;Olivier Thomas (Antifreeze Solution, Daisy Tambour&#8230;) (Tomassenko de Belgique), R\u00e9gis Huby The Ellipse M\u00e9tamorphose, Claude Tchamitchian Trio Na\u00efri, Vortice, Acoustic Lousadzac Marc Ducret Lady M20, Pierrick Hardy L&rsquo;Ogre Intac1, H\u00e9l\u00e8ne Labarri\u00e8re en duo et quintet Puzzle,<br \/>\nEntre les Terres quartet de Fran\u00e7ois Corneloup et Jacky Molard avec Vincent Courtois, l&rsquo;Orchestre National de Jazz de Fr\u00e9d\u00e9ric Maurin, Ex Machina musique avec Steve Lehman et l&rsquo;IRCAM26, Frame by Frame,Rituels, Anna Livia Plurabelle musique d&rsquo;Andr\u00e9 Hodeir, No Borders en duo avec Tony Hymas, Davu Seru et Guillaume S\u00e9guron Trio SDS, Guillaume S\u00e9guron Nora F, Joce Mienniel ensemble Art Sonic Le Bal Perdu Sarah Chaksad Large ensemble, Sweet Dog on the Moon, Julien Soro, Paul Jarret, Ariel Tessier, Emilie Lesbros, Cantil\u00e8ne pour Boris Vian avec Anamaz et Timoth\u00e9e Le Net.<\/p>\n<p style=\"text-align: justify;\">Elle m\u00eale aussi bien musique et litt\u00e9rature avec ses propres projets<br \/>\n<em>Jusqu&rsquo;au dernier souffle, Sois patient car le loup<\/em> et \u00e9galement Jacques Bonnaff\u00e9 <em>D&rsquo;un trait l&rsquo;oiseau,<br \/>\nPromenons nous dans l&rsquo;\u00e9moi<\/em>, Elie Guillou<br \/>\n<em>Et tu oses me parler de solitude,<\/em> Cie Miczzaj A l&rsquo;impossible on est tenu, musique et danse Cie Clara Cornil Cie Thierry Thie\u00fb Niang, musique et th\u00e9\u00e2tre Cie Tomassenko<br \/>\n<em>\u2022 Contes nus,<\/em> Daisy Tambourr, Antifreeze Solution,<br \/>\n<em>\u2022 Le jour de l&rsquo;envol L&rsquo;acteur loup<\/em> d&rsquo;Andr\u00e9 Benedetto, mis en sc\u00e8ne par Michel Bruzat, Cie L&rsquo;\u0153il du Tigre),<br \/>\n\u2022 Musique et cin\u00e9ma muet, avec Pierre Badaroux (<em>Les Aventures du prince Ahmed<\/em>, de Lotte Reiniger ; <em>L&rsquo;Homme \u00e0 la cam\u00e9ra<\/em>, de Dziga Vertov ; <em>La Fi\u00e8vre des \u00e9checs<\/em>, de Vsevolod Pudovkin) avec Bruno Angelini (<em>Tabu<\/em> de Murnau), <em>M\u00e9li\u00e8s dans tous ses \u00e9tats.<\/em><\/p>\n<hr \/>\n<p style=\"text-align: justify;\"><strong>Cette artiste a particip\u00e9 au 19 PaulFort \u00e0 :<br \/>\n&gt; <a href=\"https:\/\/www.19paulfort.com\/galerie\/index.php\/2024\/03\/28\/concert-quartet-jacky-molard-francois-corneloup-entre-les-terres-26-avril-2024\/\" target=\"_blank\" rel=\"noopener\">Concert Quartet Jacky Molard\/Fran\u00e7ois Corneloup, \u00ab\u00a0Entre les terres\u00a0\u00bb, le 16 avril 2024<\/a><br \/>\n<\/strong><\/p>\n","protected":false},"excerpt":{"rendered":"<p>Catherine DELAUNAY Clarinettiste N\u00e9e (1969) et vit en France. Catherine commence la clarinette \u00e0 l&rsquo;\u00e2ge de six ans. Elle \u00e9tudie la musique classique au Conservatoire de Rennes, et int\u00e8gre le Conservatoire national sup\u00e9rieur de musique de Lyon en 1989. Au CNSMD, elle obtient le Dipl\u00f4me national d&rsquo;\u00e9tudes sup\u00e9rieures musicales (DNESM) de clarinette (classe de Jacques&hellip;<a href=\"http:\/\/www.19paulfort.com\/galerie\/index.php\/2024\/03\/28\/delaunay-catherine\/\" class=\"more-link\">Continue reading <span class=\"screen-reader-text\">DELAUNAY Catherine \u2022<\/span><\/a><\/p>\n","protected":false},"author":1,"featured_media":0,"comment_status":"closed","ping_status":"closed","sticky":false,"template":"","format":"standard","meta":{"footnotes":""},"categories":[18,26,20,19],"tags":[],"class_list":["post-11604","post","type-post","status-publish","format-standard","hentry","category-artistes-invites","category-musiciens-compositeurs","category-par-nom","category-par-pratique-artistique"],"_links":{"self":[{"href":"http:\/\/www.19paulfort.com\/galerie\/index.php\/wp-json\/wp\/v2\/posts\/11604","targetHints":{"allow":["GET"]}}],"collection":[{"href":"http:\/\/www.19paulfort.com\/galerie\/index.php\/wp-json\/wp\/v2\/posts"}],"about":[{"href":"http:\/\/www.19paulfort.com\/galerie\/index.php\/wp-json\/wp\/v2\/types\/post"}],"author":[{"embeddable":true,"href":"http:\/\/www.19paulfort.com\/galerie\/index.php\/wp-json\/wp\/v2\/users\/1"}],"replies":[{"embeddable":true,"href":"http:\/\/www.19paulfort.com\/galerie\/index.php\/wp-json\/wp\/v2\/comments?post=11604"}],"version-history":[{"count":9,"href":"http:\/\/www.19paulfort.com\/galerie\/index.php\/wp-json\/wp\/v2\/posts\/11604\/revisions"}],"predecessor-version":[{"id":11652,"href":"http:\/\/www.19paulfort.com\/galerie\/index.php\/wp-json\/wp\/v2\/posts\/11604\/revisions\/11652"}],"wp:attachment":[{"href":"http:\/\/www.19paulfort.com\/galerie\/index.php\/wp-json\/wp\/v2\/media?parent=11604"}],"wp:term":[{"taxonomy":"category","embeddable":true,"href":"http:\/\/www.19paulfort.com\/galerie\/index.php\/wp-json\/wp\/v2\/categories?post=11604"},{"taxonomy":"post_tag","embeddable":true,"href":"http:\/\/www.19paulfort.com\/galerie\/index.php\/wp-json\/wp\/v2\/tags?post=11604"}],"curies":[{"name":"wp","href":"https:\/\/api.w.org\/{rel}","templated":true}]}}