{"id":1162,"date":"2016-05-25T15:27:13","date_gmt":"2016-05-25T14:27:13","guid":{"rendered":"http:\/\/www.19paulfort.com\/galerie\/?p=1162"},"modified":"2025-03-04T11:59:48","modified_gmt":"2025-03-04T10:59:48","slug":"concert-de-khaled-ajaramani-dans-le-cadre-de-lexposition-le-caire-30-nov-2014","status":"publish","type":"post","link":"http:\/\/www.19paulfort.com\/galerie\/index.php\/2016\/05\/25\/concert-de-khaled-ajaramani-dans-le-cadre-de-lexposition-le-caire-30-nov-2014\/","title":{"rendered":"11 &#8211; 30 novembre &#8211; Concert &#8211; Khaled Al Jaramani dans le cadre de l&rsquo;exposition  \u00ab\u00a0Le Caire&#8230;\u00a0\u00bb &#8211;"},"content":{"rendered":"<h1>Concert de Khaled Al Jaramani<\/h1>\n<p><em style=\"font-weight: bold;\">dans le cadre de l&rsquo;exposition<\/em>\u00a0<strong><em>\u00ab\u00a0Le Caire\u00a0\u00bb.<\/em><\/strong><br \/>\n<em>Photographies de Mich\u00e8le Maurin et c\u00e9ramiques du Fayoum<\/em><br \/>\n<em> d&rsquo;Evelyne Porret et Michel Pastore\u00a0\u00bb<\/em><br \/>\n<strong>30 novembre 2014<\/strong><\/p>\n<p style=\"text-align: justify;\">Dans le cadre de l\u2019exposition \u00ab Le Caire. Photographies de Mich\u00e8le Maurin et C\u00e9ramiques du Fayoum d&rsquo;Evelyn Porret et Michel Pastore \u00bb, Khaled Al Jaramani nous propose un voyage musical Il joue du oud , instrument de musique \u00e0 cordes pinc\u00e9es tr\u00e8s r\u00e9pandu dans les pays arabes, en Turquie, en Gr\u00e8ce, en Azerba\u00efdjan et en Arm\u00e9nie. Ce musicien, n\u00e9 en Syrie jouera de la musique traditionnelle et ses compositions. Il a su faire de cet instrument destin\u00e9 initialement \u00e0 accompagner des chants traditionnels un instrument solo.<\/p>\n<hr \/>\n<p><a href=\"http:\/\/www.19paulfort.com\/index.php?option=com_content&amp;view=article&amp;id=96:aljaramani-khaled&amp;catid=36&amp;Itemid=163&amp;lang=fr\">&gt; Lien vers la fiche de Khaled Aljaramani<br \/>\n<\/a><a href=\"http:\/\/19paulfort.com\/index.php?option=com_content&amp;view=article&amp;id=249:le-caire-a-la-recherche-de-gustave-le-gray-nov&amp;catid=57&amp;Itemid=197&amp;lang=fr\">&gt;\u00a0Lien vers l&rsquo;exposition<\/a><\/p>\n<p>&nbsp;<\/p>\n","protected":false},"excerpt":{"rendered":"<p>Concert de Khaled Al Jaramani dans le cadre de l&rsquo;exposition\u00a0\u00ab\u00a0Le Caire\u00a0\u00bb. Photographies de Mich\u00e8le Maurin et c\u00e9ramiques du Fayoum d&rsquo;Evelyne Porret et Michel Pastore\u00a0\u00bb 30 novembre 2014 Dans le cadre de l\u2019exposition \u00ab Le Caire. Photographies de Mich\u00e8le Maurin et C\u00e9ramiques du Fayoum d&rsquo;Evelyn Porret et Michel Pastore \u00bb, Khaled Al Jaramani nous propose un&hellip;<a href=\"http:\/\/www.19paulfort.com\/galerie\/index.php\/2016\/05\/25\/concert-de-khaled-ajaramani-dans-le-cadre-de-lexposition-le-caire-30-nov-2014\/\" class=\"more-link\">Continue reading <span class=\"screen-reader-text\">11 &#8211; 30 novembre &#8211; Concert &#8211; Khaled Al Jaramani dans le cadre de l&rsquo;exposition  \u00ab\u00a0Le Caire&#8230;\u00a0\u00bb &#8211;<\/span><\/a><\/p>\n","protected":false},"author":1,"featured_media":0,"comment_status":"closed","ping_status":"closed","sticky":false,"template":"","format":"standard","meta":{"footnotes":""},"categories":[17,11,7],"tags":[],"class_list":["post-1162","post","type-post","status-publish","format-standard","hentry","category-concerts","category-evenements-2014","category-evenements-passes"],"_links":{"self":[{"href":"http:\/\/www.19paulfort.com\/galerie\/index.php\/wp-json\/wp\/v2\/posts\/1162","targetHints":{"allow":["GET"]}}],"collection":[{"href":"http:\/\/www.19paulfort.com\/galerie\/index.php\/wp-json\/wp\/v2\/posts"}],"about":[{"href":"http:\/\/www.19paulfort.com\/galerie\/index.php\/wp-json\/wp\/v2\/types\/post"}],"author":[{"embeddable":true,"href":"http:\/\/www.19paulfort.com\/galerie\/index.php\/wp-json\/wp\/v2\/users\/1"}],"replies":[{"embeddable":true,"href":"http:\/\/www.19paulfort.com\/galerie\/index.php\/wp-json\/wp\/v2\/comments?post=1162"}],"version-history":[{"count":8,"href":"http:\/\/www.19paulfort.com\/galerie\/index.php\/wp-json\/wp\/v2\/posts\/1162\/revisions"}],"predecessor-version":[{"id":13135,"href":"http:\/\/www.19paulfort.com\/galerie\/index.php\/wp-json\/wp\/v2\/posts\/1162\/revisions\/13135"}],"wp:attachment":[{"href":"http:\/\/www.19paulfort.com\/galerie\/index.php\/wp-json\/wp\/v2\/media?parent=1162"}],"wp:term":[{"taxonomy":"category","embeddable":true,"href":"http:\/\/www.19paulfort.com\/galerie\/index.php\/wp-json\/wp\/v2\/categories?post=1162"},{"taxonomy":"post_tag","embeddable":true,"href":"http:\/\/www.19paulfort.com\/galerie\/index.php\/wp-json\/wp\/v2\/tags?post=1162"}],"curies":[{"name":"wp","href":"https:\/\/api.w.org\/{rel}","templated":true}]}}