{"id":11816,"date":"2024-06-13T07:23:41","date_gmt":"2024-06-13T06:23:41","guid":{"rendered":"https:\/\/www.19paulfort.com\/galerie\/?p=11816"},"modified":"2024-06-19T07:36:06","modified_gmt":"2024-06-19T06:36:06","slug":"breschand-helene-2","status":"publish","type":"post","link":"http:\/\/www.19paulfort.com\/galerie\/index.php\/2024\/06\/13\/breschand-helene-2\/","title":{"rendered":"BRESCHAND H\u00e9l\u00e8ne \u2022"},"content":{"rendered":"<p><img loading=\"lazy\" decoding=\"async\" class=\"alignleft size-full wp-image-11906\" src=\"http:\/\/www.19paulfort.com\/galerie\/wp-content\/uploads\/2024\/06\/Breschand01.jpg\" alt=\"\" width=\"995\" height=\"1395\" srcset=\"http:\/\/www.19paulfort.com\/galerie\/wp-content\/uploads\/2024\/06\/Breschand01.jpg 995w, http:\/\/www.19paulfort.com\/galerie\/wp-content\/uploads\/2024\/06\/Breschand01-214x300.jpg 214w, http:\/\/www.19paulfort.com\/galerie\/wp-content\/uploads\/2024\/06\/Breschand01-730x1024.jpg 730w, http:\/\/www.19paulfort.com\/galerie\/wp-content\/uploads\/2024\/06\/Breschand01-768x1077.jpg 768w, http:\/\/www.19paulfort.com\/galerie\/wp-content\/uploads\/2024\/06\/Breschand01-750x1052.jpg 750w\" sizes=\"auto, (max-width: 995px) 100vw, 995px\" \/><\/p>\n<h1 style=\"text-align: justify;\">H\u00e9l\u00e8ne BRESCHAND<\/h1>\n<p style=\"text-align: justify;\"><strong>Harpiste, compositrice<\/strong><\/p>\n<p style=\"text-align: justify;\">H\u00e9l\u00e8ne Breschand harpiste compositrice\u2028 n\u00e9e (1966) \u00e0 Paris Vit en France<br \/>\nH\u00e9l\u00e8ne Breschand commence sa carri\u00e8re solo \u00e0 l\u2019\u00e2ge de vingt ans. Elle travaille avec de nombreux compositeurs et joue un r\u00e9pertoire de cr\u00e9ations contemporaines. Elle \u00e9volue \u00e0 la limite de plusieurs domaines et vit l\u2019interpr\u00e9tation et l\u2019improvisation comme deux approches compl\u00e9mentaires de la musique.<br \/>\nEn 2006, le duo qu\u2019elle a cr\u00e9\u00e9 en 2001 avec Jean-Fran\u00e7ois Pauvros,est invit\u00e9 pour une performance dans le cadre de La Force de l&rsquo;art au Grand Palais, trois ans apr\u00e8s la sortie de l\u2019album Sombre sur le label Victo.<br \/>\n\u00c0 partir de 2007, elle rencontre Christian Marclay avec qui elle travaille r\u00e9guli\u00e8rement depuis. Leur collaboration commence par une performance solo de Graffiti composition \u00e0 la galerie Yvon Lambert \u00e0 Paris en 2007, puis par l\u2019interpr\u00e9tation de Screen Play avec Elliott Sharp \u00e0 la Cit\u00e9 de la Musique de la Villette, puis par la cr\u00e9ation fran\u00e7aise de Shuffle (entre autres au Ubu \u00e0 Rennes avec Jean-Fran\u00e7ois Pauvros), une performance avec Christian Marclay et Jacques Demierre au Centre culturel suisse et une nouvelle performance de Graffiti composition \u00e0 Lille au Tri Postal en novembre 2017.<br \/>\nEn 2011, elle est invit\u00e9e \u00e0 participer \u00e0 la cr\u00e9ation musicale de la performance Livre des Poisons avec \u00c9dith Scob et David Girondin Moab (compagnie Orbis Pictus) \u00e0 la Fondation Cartier.<br \/>\nEn 2012, elle participe \u00e0 la cr\u00e9ation de l\u2019op\u00e9ra Star Shaped Biscuit de David Toop\u00a0(en) au festival d\u2019Aldeburgh (Angleterre), une exp\u00e9rience riche, cr\u00e9\u00e9e dans la complicit\u00e9.<br \/>\nElle se produit plusieurs fois en Chine entre 2014 et 2015, \u00e0 chaque fois dans des contextes diff\u00e9rents. Tout d\u2019abord \u00e0 Wuhan puis \u00e0 P\u00e9kin lors d\u2019un festival de musique contemporaine, elle pr\u00e9sente en solo un programme de compositions contemporaines (des pi\u00e8ces de Luc Ferrari, Kasper T. Toeplitz, John Cage ainsi qu\u2019une composition d\u2019elle-m\u00eame). Puis, elle joue en solo son album Les Incarn\u00e9s au B10, fameux club underground \u00e0 Shenzhen, puis de nouveau au mus\u00e9e Power Station of Art \u00e0 Shanghai, qui c\u00e9l\u00e8bre alors ses trois ans d\u2019existence.<br \/>\nEn 2015, elle joue dans les ar\u00e8nes pour le festival de la photographie d\u2019Arles, lors d&rsquo;une conf\u00e9rence et projection d\u2019\u0153uvres de Hiroshi Sugimoto\u00a0; une v\u00e9ritable complicit\u00e9 n\u00e9e entre les images du photographe et sa musique.<br \/>\nElle forme un duo avec Reinhold Friedl, dont l\u2019inauguration a lieu \u00e0 La Muse en circuit, puis \u00e0 l\u2019Exploratorium \u00e0 Berlin. Elle participe \u00e0 la performance de Tarek Atoui From Architecture avec Gaspar Claus, Uriel Barth\u00e9l\u00e9mi, Carl Ludwig H\u00fcbsch, Susie Ibarra, Eric La Casa, Robert Aiki, Aubrey Lowe et \u00c8ve Risser, pr\u00e9sent\u00e9 \u00e0 la Fondation Louis Vuitton.<br \/>\nEn 2017, elle cr\u00e9e la pi\u00e8ce solo d\u2019\u00c9liane Radigue pour harpe, ainsi que pour harpe et contrebasse au coll\u00e8ge des Bernardins \u00e0 Paris.<br \/>\nDepuis 2016, elle travaille r\u00e9guli\u00e8rement avec la plasticienne Caecilia Tripp. Elles se rencontrent lors d\u2019une performance au Cr\u00e9dac (centre d&rsquo;art de Vitry), commande de la fondation Galeries Lafayette.<br \/>\nPuis elle participe \u00e0 la cr\u00e9ation de Score for Migrating Notes, une performance command\u00e9e par Mich\u00e8le Lamy avec Mich\u00e8le Lamy, Caecilia Tripp, Kerwin Rolland et Robert Aiki Aubrey Lowe et pr\u00e9sent\u00e9e au Silencio, lors de la FIAC.<br \/>\nlle appartient \u00e0 une g\u00e9n\u00e9ration de musiciens avides d&rsquo;exp\u00e9riences transfrontali\u00e8res. Sensible aux multiples disciplines artistiques, elle a collabor\u00e9 au fil des rencontres, \u00e9crites ou improvis\u00e9es, avec des musiciens classiques (Luciano Berio, Bernard Cavanna\u2026), des compositeurs contemporains (Eliane Radigue, David Toop, Elliott Sharp\u00a0(en), Reinhold Friedl, Franck Vigroux, Wilfried Wendling\u2026).<br \/>\nElle cr\u00e9e \u00e9galement pour les arts plastiques (Hiroshi Sugimoto, Christian Marclay\u2026) le cin\u00e9ma (Jeanne d\u2019Arc de Carl Theodor Dreyer, Salom\u00e9 de Charles Bryant) et la danse (avec Mic Guillaumes, Christian UBL\u2026).<br \/>\nElle enseigne \u00e9galement la harpe au conservatoire du VIe arrondissement de Paris.<br \/>\nEn 2017, elle participe \u00e0 des commandes de Mich\u00e8le Lamy avec la plasticienne Caecilia Tripp. En parall\u00e8le de ses projets actuels, elle travaille activement \u00e0 la cr\u00e9ation d\u2019un nouveau Solo \u00e0 la harpe \u00e9lectrique et voix, qui fera l\u2019objet d\u2019un disque et d\u2019une tourn\u00e9e en 2019.<\/p>\n<hr \/>\n<p style=\"text-align: justify;\"><strong>Cette artiste a particip\u00e9 au 19PaulFort \u00e0 :\u00a0<\/strong><br \/>\n<strong>&gt; <a href=\"https:\/\/www.19paulfort.com\/galerie\/index.php\/2024\/06\/12\/concert-quatuor-lukas-ligeti-et-ses-invites-18-juin-2024\/\" target=\"_blank\" rel=\"noopener\">Un concert le mardi 18 juin en quatuor avec Lukas Ligeti et ses invit\u00e9s<\/a><\/strong><\/p>\n","protected":false},"excerpt":{"rendered":"<p>H\u00e9l\u00e8ne BRESCHAND Harpiste, compositrice H\u00e9l\u00e8ne Breschand harpiste compositrice\u2028 n\u00e9e (1966) \u00e0 Paris Vit en France H\u00e9l\u00e8ne Breschand commence sa carri\u00e8re solo \u00e0 l\u2019\u00e2ge de vingt ans. Elle travaille avec de nombreux compositeurs et joue un r\u00e9pertoire de cr\u00e9ations contemporaines. Elle \u00e9volue \u00e0 la limite de plusieurs domaines et vit l\u2019interpr\u00e9tation et l\u2019improvisation comme deux approches&hellip;<a href=\"http:\/\/www.19paulfort.com\/galerie\/index.php\/2024\/06\/13\/breschand-helene-2\/\" class=\"more-link\">Continue reading <span class=\"screen-reader-text\">BRESCHAND H\u00e9l\u00e8ne \u2022<\/span><\/a><\/p>\n","protected":false},"author":1,"featured_media":0,"comment_status":"closed","ping_status":"closed","sticky":false,"template":"","format":"standard","meta":{"footnotes":""},"categories":[18,26,20,19],"tags":[],"class_list":["post-11816","post","type-post","status-publish","format-standard","hentry","category-artistes-invites","category-musiciens-compositeurs","category-par-nom","category-par-pratique-artistique"],"_links":{"self":[{"href":"http:\/\/www.19paulfort.com\/galerie\/index.php\/wp-json\/wp\/v2\/posts\/11816","targetHints":{"allow":["GET"]}}],"collection":[{"href":"http:\/\/www.19paulfort.com\/galerie\/index.php\/wp-json\/wp\/v2\/posts"}],"about":[{"href":"http:\/\/www.19paulfort.com\/galerie\/index.php\/wp-json\/wp\/v2\/types\/post"}],"author":[{"embeddable":true,"href":"http:\/\/www.19paulfort.com\/galerie\/index.php\/wp-json\/wp\/v2\/users\/1"}],"replies":[{"embeddable":true,"href":"http:\/\/www.19paulfort.com\/galerie\/index.php\/wp-json\/wp\/v2\/comments?post=11816"}],"version-history":[{"count":8,"href":"http:\/\/www.19paulfort.com\/galerie\/index.php\/wp-json\/wp\/v2\/posts\/11816\/revisions"}],"predecessor-version":[{"id":11925,"href":"http:\/\/www.19paulfort.com\/galerie\/index.php\/wp-json\/wp\/v2\/posts\/11816\/revisions\/11925"}],"wp:attachment":[{"href":"http:\/\/www.19paulfort.com\/galerie\/index.php\/wp-json\/wp\/v2\/media?parent=11816"}],"wp:term":[{"taxonomy":"category","embeddable":true,"href":"http:\/\/www.19paulfort.com\/galerie\/index.php\/wp-json\/wp\/v2\/categories?post=11816"},{"taxonomy":"post_tag","embeddable":true,"href":"http:\/\/www.19paulfort.com\/galerie\/index.php\/wp-json\/wp\/v2\/tags?post=11816"}],"curies":[{"name":"wp","href":"https:\/\/api.w.org\/{rel}","templated":true}]}}