{"id":119,"date":"2016-04-02T09:20:37","date_gmt":"2016-04-02T08:20:37","guid":{"rendered":"http:\/\/www.19paulfort.com\/galerie\/?p=119"},"modified":"2018-11-07T22:23:58","modified_gmt":"2018-11-07T21:23:58","slug":"jacqueline-salmon","status":"publish","type":"post","link":"http:\/\/www.19paulfort.com\/galerie\/index.php\/2016\/04\/02\/jacqueline-salmon\/","title":{"rendered":"SALMON Jacqueline \u2022"},"content":{"rendered":"<p style=\"text-align: justify;\"><em><strong><a href=\"http:\/\/www.19paulfort.com\/galerie\/wp-content\/uploads\/2016\/04\/portrait-jsalmon-wp.jpg\" rel=\"attachment wp-att-120\"><img loading=\"lazy\" decoding=\"async\" class=\" wp-image-120 aligncenter\" src=\"http:\/\/www.19paulfort.com\/galerie\/wp-content\/uploads\/2016\/04\/portrait-jsalmon-wp.jpg\" alt=\"portrait-jsalmon-wp\" width=\"317\" height=\"446\" \/><\/a><\/strong><\/em><\/p>\n<h3>Jacqueline Salmon<\/h3>\n<p><strong>Photographe<\/strong><\/p>\n<p style=\"text-align: justify;\">N\u00e9e en 1943, elle vit actuellement \u00e0 Paris.<br \/>\n\u00c9tudes : arts plastiques, architecture int\u00e9rieure, et histoire contemporaine \u00e0 la Sorbonne<br \/>\nDepuis 1981, elle r\u00e9alise une \u0153uvre photographique dont le sujet\u00a0 principal est l&rsquo;\u00e9tude des rapports entre philosophie, histoire de l&rsquo;art et architecture.\u00a0Elle a obtenu, en 1993,\u00a0 le prix de la Villa M\u00e9dicis hors- les- murs pour une s\u00e9rie alliant portraits et lieux, puis r\u00e9alis\u00e9 le 1% de la Direction des Affaires Culturelles (DRAC) Rh\u00f4ne-Alpes.<\/p>\n<p style=\"text-align: justify;\">En 1998,\u00a0 elle est nomm\u00e9e Chevalier des Arts et Lettres. Elle a publi\u00e9 de nombreux livres avec des auteurs tels que Paul Virilio, Jean Louis Schefer, Paul Ardenne, Jean-Christophe Bailly. Elle\u00a0 est pr\u00e9sente dans les collections du Centre Georges Pompidou,\u00a0 du Fonds National d\u2019Art Contemporain (FNAC), du Mus\u00e9e Carnavalet\u00a0 et du mus\u00e9e d\u2019Art moderne de la Ville de Paris.<\/p>\n<hr \/>\n<p style=\"text-align: justify;\"><strong>Cette artiste a particip\u00e9 rue Paul Fort \u00e0 :<\/strong><\/p>\n<p>L&rsquo;exposition \u00ab\u00a0Autour du Japon (VII), Affinit\u00e9s partag\u00e9es\u00a0\u00bb, du 21 novembre au 16 d\u00e9cembre 2018<br \/>\n<a href=\"http:\/\/www.19paulfort.com\/galerie\/index.php\/2018\/11\/07\/exposition-autour-du-japon-vii-affinirtes-partagees-du-21-nov-au-16-dec-2018\/\">&gt; Lien vers l&rsquo;exposition<\/a><\/p>\n<p>Une exposition \u00ab\u00a0Amour des mots, amour des livres\u00a0\u00bb en mars avril 2016<br \/>\n<a href=\"http:\/\/www.19paulfort.com\/galerie\/index.php\/2016\/04\/02\/lamour-des-mots-lamour-des-livres\/\">&gt; Lien vers l&rsquo;exposition<\/a><\/p>\n<p style=\"text-align: justify;\">Une exposition de groupe intitul\u00e9e \u00ab\u00a0Terre et racine\u00a0\u00bb,\u00a0 en mars-avril 2011.<br \/>\n<a href=\"http:\/\/www.19paulfort.com\/galerie\/index.php\/2016\/04\/02\/exposition-terre-et-racine-avril-2011\/\">&gt; Lien vers l&rsquo;exposition<\/a><\/p>\n<hr \/>\n<div id='gallery-1' class='gallery galleryid-119 gallery-columns-3 gallery-size-thumbnail'><figure class='gallery-item'>\n\t\t\t<div class='gallery-icon portrait'>\n\t\t\t\t<a href='http:\/\/www.19paulfort.com\/galerie\/wp-content\/uploads\/2016\/04\/navet-de-chine-wp.jpg'><img loading=\"lazy\" decoding=\"async\" width=\"150\" height=\"150\" src=\"http:\/\/www.19paulfort.com\/galerie\/wp-content\/uploads\/2016\/04\/navet-de-chine-wp-150x150.jpg\" class=\"attachment-thumbnail size-thumbnail\" alt=\"\" \/><\/a>\n\t\t\t<\/div><\/figure><figure class='gallery-item'>\n\t\t\t<div class='gallery-icon landscape'>\n\t\t\t\t<a href='http:\/\/www.19paulfort.com\/galerie\/wp-content\/uploads\/2016\/04\/dsc_1637.jpg'><img loading=\"lazy\" decoding=\"async\" width=\"150\" height=\"150\" src=\"http:\/\/www.19paulfort.com\/galerie\/wp-content\/uploads\/2016\/04\/dsc_1637-150x150.jpg\" class=\"attachment-thumbnail size-thumbnail\" alt=\"\" \/><\/a>\n\t\t\t<\/div><\/figure><figure class='gallery-item'>\n\t\t\t<div class='gallery-icon landscape'>\n\t\t\t\t<a href='http:\/\/www.19paulfort.com\/galerie\/wp-content\/uploads\/2016\/04\/dsc_1420.jpg'><img loading=\"lazy\" decoding=\"async\" width=\"150\" height=\"150\" src=\"http:\/\/www.19paulfort.com\/galerie\/wp-content\/uploads\/2016\/04\/dsc_1420-150x150.jpg\" class=\"attachment-thumbnail size-thumbnail\" alt=\"\" \/><\/a>\n\t\t\t<\/div><\/figure><figure class='gallery-item'>\n\t\t\t<div class='gallery-icon landscape'>\n\t\t\t\t<a href='http:\/\/www.19paulfort.com\/galerie\/wp-content\/uploads\/2016\/04\/dsc5162.jpg'><img loading=\"lazy\" decoding=\"async\" width=\"150\" height=\"150\" src=\"http:\/\/www.19paulfort.com\/galerie\/wp-content\/uploads\/2016\/04\/dsc5162-150x150.jpg\" class=\"attachment-thumbnail size-thumbnail\" alt=\"\" \/><\/a>\n\t\t\t<\/div><\/figure><figure class='gallery-item'>\n\t\t\t<div class='gallery-icon portrait'>\n\t\t\t\t<a href='http:\/\/www.19paulfort.com\/galerie\/wp-content\/uploads\/2016\/04\/cardon-wp.jpg'><img loading=\"lazy\" decoding=\"async\" width=\"150\" height=\"150\" src=\"http:\/\/www.19paulfort.com\/galerie\/wp-content\/uploads\/2016\/04\/cardon-wp-150x150.jpg\" class=\"attachment-thumbnail size-thumbnail\" alt=\"\" \/><\/a>\n\t\t\t<\/div><\/figure>\n\t\t<\/div>\n\n","protected":false},"excerpt":{"rendered":"<p>Jacqueline Salmon Photographe N\u00e9e en 1943, elle vit actuellement \u00e0 Paris. \u00c9tudes : arts plastiques, architecture int\u00e9rieure, et histoire contemporaine \u00e0 la Sorbonne Depuis 1981, elle r\u00e9alise une \u0153uvre photographique dont le sujet\u00a0 principal est l&rsquo;\u00e9tude des rapports entre philosophie, histoire de l&rsquo;art et architecture.\u00a0Elle a obtenu, en 1993,\u00a0 le prix de la Villa M\u00e9dicis&hellip;<a href=\"http:\/\/www.19paulfort.com\/galerie\/index.php\/2016\/04\/02\/jacqueline-salmon\/\" class=\"more-link\">Continue reading <span class=\"screen-reader-text\">SALMON Jacqueline \u2022<\/span><\/a><\/p>\n","protected":false},"author":1,"featured_media":0,"comment_status":"closed","ping_status":"closed","sticky":false,"template":"","format":"standard","meta":{"footnotes":""},"categories":[18,20,19,24],"tags":[],"class_list":["post-119","post","type-post","status-publish","format-standard","hentry","category-artistes-invites","category-par-nom","category-par-pratique-artistique","category-photographes"],"_links":{"self":[{"href":"http:\/\/www.19paulfort.com\/galerie\/index.php\/wp-json\/wp\/v2\/posts\/119","targetHints":{"allow":["GET"]}}],"collection":[{"href":"http:\/\/www.19paulfort.com\/galerie\/index.php\/wp-json\/wp\/v2\/posts"}],"about":[{"href":"http:\/\/www.19paulfort.com\/galerie\/index.php\/wp-json\/wp\/v2\/types\/post"}],"author":[{"embeddable":true,"href":"http:\/\/www.19paulfort.com\/galerie\/index.php\/wp-json\/wp\/v2\/users\/1"}],"replies":[{"embeddable":true,"href":"http:\/\/www.19paulfort.com\/galerie\/index.php\/wp-json\/wp\/v2\/comments?post=119"}],"version-history":[{"count":13,"href":"http:\/\/www.19paulfort.com\/galerie\/index.php\/wp-json\/wp\/v2\/posts\/119\/revisions"}],"predecessor-version":[{"id":6407,"href":"http:\/\/www.19paulfort.com\/galerie\/index.php\/wp-json\/wp\/v2\/posts\/119\/revisions\/6407"}],"wp:attachment":[{"href":"http:\/\/www.19paulfort.com\/galerie\/index.php\/wp-json\/wp\/v2\/media?parent=119"}],"wp:term":[{"taxonomy":"category","embeddable":true,"href":"http:\/\/www.19paulfort.com\/galerie\/index.php\/wp-json\/wp\/v2\/categories?post=119"},{"taxonomy":"post_tag","embeddable":true,"href":"http:\/\/www.19paulfort.com\/galerie\/index.php\/wp-json\/wp\/v2\/tags?post=119"}],"curies":[{"name":"wp","href":"https:\/\/api.w.org\/{rel}","templated":true}]}}