{"id":1194,"date":"2016-05-25T15:02:15","date_gmt":"2016-05-25T14:02:15","guid":{"rendered":"http:\/\/www.19paulfort.com\/galerie\/?p=1194"},"modified":"2025-03-04T17:57:50","modified_gmt":"2025-03-04T16:57:50","slug":"exposition-au-dela-du-precieux-au-dela-des-frontieres","status":"publish","type":"post","link":"http:\/\/www.19paulfort.com\/galerie\/index.php\/2016\/05\/25\/exposition-au-dela-du-precieux-au-dela-des-frontieres\/","title":{"rendered":"11 &#8211; 01 \/ 30 novembre &#8211; Exposition &#8211; \u00ab\u00a0Au-del\u00e0 du pr\u00e9cieux, au-del\u00e0 des fronti\u00e8res\u00a0\u00bb"},"content":{"rendered":"<h1>Au-del\u00e0 du pr\u00e9cieux, au-del\u00e0 des fronti\u00e8res<\/h1>\n<p><strong>Novembre 2013<em><br \/>\n<\/em><\/strong><br \/>\n<strong>\u00ab Au-del\u00e0 du pr\u00e9cieux \u00bb<\/strong><strong> Cr\u00e9ateurs de bijoux contemporains europ\u00e9ens (Allemagne, Grande Bretagne, Suisse).<\/strong><\/p>\n<p>\u00ab Beyond precious\u2026 \u00bb Europeans Contemporary jewellers<\/p>\n<p style=\"text-align: justify;\">\u201cSpecial guests\u201d : les laur\u00e9ats du c\u00e9l\u00e8bre \u00e9v\u00e8nement \u201cSchmuck\u201d \u00e0 Munich 2013 Robert Baines \u2013 Australia \u2013 qui a re\u00e7u le \u201cHerbert Hofmann Prize\u201d (<a href=\"http:\/\/www.19paulfort.com\/galerie\/index.php\/2016\/06\/06\/baines-robert\/\">&gt; voir fiche)<\/a> et Warwick Freeman &#8211; New Zealand- qui a re\u00e7u le \u201cBavarian State prize\u201d (<a href=\"http:\/\/www.19paulfort.com\/galerie\/index.php\/2016\/06\/07\/freeman-warwick\/\">&gt; voir fiche<\/a>). 15 artistes sont pr\u00e9sent\u00e9s \u00e0 cette exposition (cinq anglais, cinq allemands et cinq suisses) et \u00e0 travers leurs \u0153uvres, s\u2019impose une image forte du bijou contemporain europ\u00e9en. La c\u00e9ramiste <strong>Agathe Larpent<\/strong> (<a href=\"http:\/\/www.19paulfort.com\/galerie\/index.php\/2016\/12\/06\/larpent-agathe\/\">&gt; voir fiche<\/a>) a sp\u00e9cialement pr\u00e9par\u00e9 pour cette exposition un large ensemble de bo\u00eetes \u201cbijoux\u201d.<\/p>\n<p><strong>Artistes allemands invit\u00e9s :<\/strong><br \/>\nBettina DITTLMANN<br \/>\n<a href=\"http:\/\/www.19paulfort.com\/galerie\/index.php\/2016\/10\/06\/dittlmann-bettina\/\">&gt; fiche<\/a><br \/>\nMirjam HILLER<br \/>\n<a href=\"http:\/\/www.19paulfort.com\/galerie\/index.php\/2016\/06\/09\/hiller-mirjam\/\">&gt; fiche<\/a><br \/>\nDaniel KRUGER<br \/>\n<a href=\"http:\/\/www.19paulfort.com\/galerie\/index.php\/2016\/06\/07\/kruger-daniel\/\">&gt; fiche<\/a><br \/>\nDorothea PRUHL<br \/>\n<a href=\"http:\/\/www.19paulfort.com\/galerie\/index.php\/2016\/10\/06\/pruhl-dorothea\/\">&gt; fiche<\/a><br \/>\nBettina SPECKNER<br \/>\n<a href=\"http:\/\/www.19paulfort.com\/galerie\/index.php\/2016\/10\/06\/3986\/\">&gt; fiche\u00a0<\/a><\/p>\n<p><strong>Artistes anglais invit\u00e9s :<br \/>\n<\/strong>Peter CHANG<br \/>\n<a href=\"http:\/\/www.19paulfort.com\/galerie\/index.php\/2016\/06\/07\/chang-peter\/\">&gt; fiche<\/a><br \/>\nLiana PATTIHIS<br \/>\n<a href=\"http:\/\/www.19paulfort.com\/galerie\/index.php\/2016\/06\/04\/pattihis-liana\/\">&gt; fiche<\/a><br \/>\nAdam PAXON \u2022<br \/>\n<a href=\"http:\/\/www.19paulfort.com\/galerie\/index.php\/2016\/10\/06\/paxon-adam\/\">&gt; fiche<\/a><br \/>\nMah RANA<br \/>\n<a href=\"http:\/\/www.19paulfort.com\/galerie\/index.php\/2016\/10\/06\/mah-rana\/\">&gt; fiche<\/a><br \/>\nMark WOODS<br \/>\n<a href=\"http:\/\/www.19paulfort.com\/galerie\/index.php\/2016\/06\/04\/woods-mark\/\">&gt; fiche<\/a><\/p>\n<p><strong>Artistes suisses invit\u00e9s :<\/strong><br \/>\nDavid BIELANDER \u2022<br \/>\n<a href=\"http:\/\/www.19paulfort.com\/galerie\/index.php\/2016\/06\/07\/bielander-david\/\">&gt; fiche<\/a><br \/>\nOtto KUNZLI<br \/>\n<a href=\"http:\/\/www.19paulfort.com\/galerie\/index.php\/2016\/06\/07\/kunzli-otto\/\">&gt; fiche<\/a><br \/>\nAlla MALOVA GUY<br \/>\n<a href=\"http:\/\/www.19paulfort.com\/galerie\/index.php\/2016\/06\/07\/malova-guy-alla\/\">&gt; fiche<\/a><br \/>\nBernhard SCHOBINGER<br \/>\n&gt; fiche (prochainement en ligne)<br \/>\nVerena SIEBER-FUCHS<br \/>\n<a href=\"http:\/\/www.19paulfort.com\/galerie\/index.php\/2016\/10\/06\/3974\/\">&gt; fiche<\/a><\/p>\n<p>&nbsp;<\/p>\n","protected":false},"excerpt":{"rendered":"<p>Au-del\u00e0 du pr\u00e9cieux, au-del\u00e0 des fronti\u00e8res Novembre 2013 \u00ab Au-del\u00e0 du pr\u00e9cieux \u00bb Cr\u00e9ateurs de bijoux contemporains europ\u00e9ens (Allemagne, Grande Bretagne, Suisse). \u00ab Beyond precious\u2026 \u00bb Europeans Contemporary jewellers \u201cSpecial guests\u201d : les laur\u00e9ats du c\u00e9l\u00e8bre \u00e9v\u00e8nement \u201cSchmuck\u201d \u00e0 Munich 2013 Robert Baines \u2013 Australia \u2013 qui a re\u00e7u le \u201cHerbert Hofmann Prize\u201d (&gt; voir&hellip;<a href=\"http:\/\/www.19paulfort.com\/galerie\/index.php\/2016\/05\/25\/exposition-au-dela-du-precieux-au-dela-des-frontieres\/\" class=\"more-link\">Continue reading <span class=\"screen-reader-text\">11 &#8211; 01 \/ 30 novembre &#8211; Exposition &#8211; \u00ab\u00a0Au-del\u00e0 du pr\u00e9cieux, au-del\u00e0 des fronti\u00e8res\u00a0\u00bb<\/span><\/a><\/p>\n","protected":false},"author":1,"featured_media":0,"comment_status":"closed","ping_status":"closed","sticky":false,"template":"","format":"standard","meta":{"footnotes":""},"categories":[10,7,16],"tags":[],"class_list":["post-1194","post","type-post","status-publish","format-standard","hentry","category-evenements-2013","category-evenements-passes","category-expositions"],"_links":{"self":[{"href":"http:\/\/www.19paulfort.com\/galerie\/index.php\/wp-json\/wp\/v2\/posts\/1194","targetHints":{"allow":["GET"]}}],"collection":[{"href":"http:\/\/www.19paulfort.com\/galerie\/index.php\/wp-json\/wp\/v2\/posts"}],"about":[{"href":"http:\/\/www.19paulfort.com\/galerie\/index.php\/wp-json\/wp\/v2\/types\/post"}],"author":[{"embeddable":true,"href":"http:\/\/www.19paulfort.com\/galerie\/index.php\/wp-json\/wp\/v2\/users\/1"}],"replies":[{"embeddable":true,"href":"http:\/\/www.19paulfort.com\/galerie\/index.php\/wp-json\/wp\/v2\/comments?post=1194"}],"version-history":[{"count":12,"href":"http:\/\/www.19paulfort.com\/galerie\/index.php\/wp-json\/wp\/v2\/posts\/1194\/revisions"}],"predecessor-version":[{"id":13147,"href":"http:\/\/www.19paulfort.com\/galerie\/index.php\/wp-json\/wp\/v2\/posts\/1194\/revisions\/13147"}],"wp:attachment":[{"href":"http:\/\/www.19paulfort.com\/galerie\/index.php\/wp-json\/wp\/v2\/media?parent=1194"}],"wp:term":[{"taxonomy":"category","embeddable":true,"href":"http:\/\/www.19paulfort.com\/galerie\/index.php\/wp-json\/wp\/v2\/categories?post=1194"},{"taxonomy":"post_tag","embeddable":true,"href":"http:\/\/www.19paulfort.com\/galerie\/index.php\/wp-json\/wp\/v2\/tags?post=1194"}],"curies":[{"name":"wp","href":"https:\/\/api.w.org\/{rel}","templated":true}]}}