{"id":12145,"date":"2024-09-29T08:09:50","date_gmt":"2024-09-29T07:09:50","guid":{"rendered":"https:\/\/www.19paulfort.com\/galerie\/?p=12145"},"modified":"2024-09-29T08:09:56","modified_gmt":"2024-09-29T07:09:56","slug":"aperghis-georges","status":"publish","type":"post","link":"http:\/\/www.19paulfort.com\/galerie\/index.php\/2024\/09\/29\/aperghis-georges\/","title":{"rendered":"APERGHIS Georges &#8211;"},"content":{"rendered":"<h1>Georges Aperghis<\/h1>\n<p><strong>Compositeur<\/strong><\/p>\n<p style=\"text-align: justify;\">Georges Aperghis est n\u00e9 \u00e0 Ath\u00e8nes en 1945. Il vit et \u00e9crit \u00e0 Paris depuis 1963. Son \u0153uvre se distingue notamment par un questionnement sur les langages et le sens. Ses compositions, qu\u2019elles soient instrumentales, vocales ou th\u00e9\u00e2trales, explorent les fronti\u00e8res de l\u2019intelligible, il aime cr\u00e9er de \u00ab\u00a0fausses pistes\u00a0\u00bb qui lui permettent de captiver l&rsquo;auditeur (des histoires naissent mais sont contredites ou stopp\u00e9es nettes).<\/p>\n<p style=\"text-align: justify;\">En 1976, en complicit\u00e9 avec son \u00e9pouse Edith Scob, Aperghis fonde l\u2019Atelier Th\u00e9\u00e2tre et Musique (Atem) qui r\u00e9unit com\u00e9diens et musiciens. Jusqu\u2019en 1997, \u00e0 Bagnolet puis \u00e0 Nanterre, il y d\u00e9veloppe une des plus riches exp\u00e9riences de th\u00e9\u00e2tre musical men\u00e9e en France dont on retient entre autres Conversations (1985), \u00c9num\u00e9rations (1988), Sextuor (1992, Commentaires (1996).<\/p>\n<p style=\"text-align: justify;\">A partir des ann\u00e9es 2000, il explore les domaines de la technologie avec l\u2019Ircam (Machinations, Avis de temp\u00eate, Luna Park, Thinking Things\u2026)<\/p>\n<p style=\"text-align: justify;\">Il est l\u2019auteur de huit op\u00e9ras et de nombreuses partitions instrumentales, vocales et orchestrales dont les derni\u00e8res ont \u00e9t\u00e9 \u00e9crites en complicit\u00e9 avec l\u2019ensemble viennois Klang Forum ou les Neue Vokal Solisten de Stuttgart. Le festival Pr\u00e9sence de Radio France lui consacrera son \u00e9dition 2026.<\/p>\n<p style=\"text-align: justify;\">Distinctions r\u00e9centes\u00a0: Prix Mauricio Kagel 2011, Lion d\u2019Or de la Biennale de Venise 2015, Prix des Fronti\u00e8res de la connaissance 2016 &#8211; Fondation BBVA, Prix de la Fondation Kaske Munich 2016 &#8211; Grand Prix SACD 2018 &#8211; Ernst von Siemens Music Prize 2021, Grand Prix de l\u2019Acad\u00e9mie des Beaux-Arts, 2024.<\/p>\n<hr \/>\n<p style=\"text-align: justify;\"><strong>Cet artiste a particip\u00e9 au 19Paulfort \u00e0 :<br \/>\n<\/strong><a href=\"https:\/\/www.19paulfort.com\/galerie\/index.php\/2024\/09\/29\/concert-la-construction-du-monde-de-georges-aperghis-richard-dubelski-percussions-15-et-16-octobre-2024\/\" target=\"_blank\" rel=\"noopener\">&gt; La Construction du monde, un seul en sc\u00e8ne de Georges Aperghis, les 15 et 16 octobre 2024\u00a0<\/a><\/p>\n","protected":false},"excerpt":{"rendered":"<p>Georges Aperghis Compositeur Georges Aperghis est n\u00e9 \u00e0 Ath\u00e8nes en 1945. Il vit et \u00e9crit \u00e0 Paris depuis 1963. Son \u0153uvre se distingue notamment par un questionnement sur les langages et le sens. Ses compositions, qu\u2019elles soient instrumentales, vocales ou th\u00e9\u00e2trales, explorent les fronti\u00e8res de l\u2019intelligible, il aime cr\u00e9er de \u00ab\u00a0fausses pistes\u00a0\u00bb qui lui permettent&hellip;<a href=\"http:\/\/www.19paulfort.com\/galerie\/index.php\/2024\/09\/29\/aperghis-georges\/\" class=\"more-link\">Continue reading <span class=\"screen-reader-text\">APERGHIS Georges &#8211;<\/span><\/a><\/p>\n","protected":false},"author":1,"featured_media":0,"comment_status":"closed","ping_status":"closed","sticky":false,"template":"","format":"standard","meta":{"footnotes":""},"categories":[18,26,20,19],"tags":[],"class_list":["post-12145","post","type-post","status-publish","format-standard","hentry","category-artistes-invites","category-musiciens-compositeurs","category-par-nom","category-par-pratique-artistique"],"_links":{"self":[{"href":"http:\/\/www.19paulfort.com\/galerie\/index.php\/wp-json\/wp\/v2\/posts\/12145","targetHints":{"allow":["GET"]}}],"collection":[{"href":"http:\/\/www.19paulfort.com\/galerie\/index.php\/wp-json\/wp\/v2\/posts"}],"about":[{"href":"http:\/\/www.19paulfort.com\/galerie\/index.php\/wp-json\/wp\/v2\/types\/post"}],"author":[{"embeddable":true,"href":"http:\/\/www.19paulfort.com\/galerie\/index.php\/wp-json\/wp\/v2\/users\/1"}],"replies":[{"embeddable":true,"href":"http:\/\/www.19paulfort.com\/galerie\/index.php\/wp-json\/wp\/v2\/comments?post=12145"}],"version-history":[{"count":2,"href":"http:\/\/www.19paulfort.com\/galerie\/index.php\/wp-json\/wp\/v2\/posts\/12145\/revisions"}],"predecessor-version":[{"id":12147,"href":"http:\/\/www.19paulfort.com\/galerie\/index.php\/wp-json\/wp\/v2\/posts\/12145\/revisions\/12147"}],"wp:attachment":[{"href":"http:\/\/www.19paulfort.com\/galerie\/index.php\/wp-json\/wp\/v2\/media?parent=12145"}],"wp:term":[{"taxonomy":"category","embeddable":true,"href":"http:\/\/www.19paulfort.com\/galerie\/index.php\/wp-json\/wp\/v2\/categories?post=12145"},{"taxonomy":"post_tag","embeddable":true,"href":"http:\/\/www.19paulfort.com\/galerie\/index.php\/wp-json\/wp\/v2\/tags?post=12145"}],"curies":[{"name":"wp","href":"https:\/\/api.w.org\/{rel}","templated":true}]}}