{"id":12196,"date":"2024-10-15T07:24:48","date_gmt":"2024-10-15T06:24:48","guid":{"rendered":"https:\/\/www.19paulfort.com\/galerie\/?p=12196"},"modified":"2024-10-15T14:43:38","modified_gmt":"2024-10-15T13:43:38","slug":"karp-laurie","status":"publish","type":"post","link":"http:\/\/www.19paulfort.com\/galerie\/index.php\/2024\/10\/15\/karp-laurie\/","title":{"rendered":"KARP Laurie &#8211;"},"content":{"rendered":"<h1>Laurie Karp<\/h1>\n<p style=\"text-align: justify;\"><strong>Artiste-plasticienne<\/strong><\/p>\n<p>Fran\u00e7aise d&rsquo;origine New Yorkaise ; vit et travaille \u00e0 Paris<br \/>\nS&rsquo;\u00e9tablit \u00e0 Paris en 1979 apr\u00e8s ses \u00e9tudes \u00e0 RISD (Rhode Island School of Design), Etats-Unis. Depuis cette date, elle a notamment s\u00e9journ\u00e9 pour un temps en Asie (Hong Kong et Taiwan), Hawa\u00efi, et Australie.<br \/>\nSa cr\u00e9ation privil\u00e9gie les m\u00e9tamorphoses, les formes hybrides, ainsi que les mythologies personnelles. Si sa pratique artistique passe essentiellement par la c\u00e9ramique (sculptures et installations) et la broderie sur image num\u00e9rique, elle utilise \u00e9galement la vid\u00e9o, l\u2019enregistrement audio, le dessin, la peinture, la photo\u2026 Parmi ses expositions personnelles, on peut citer celles qu\u2019elle a r\u00e9alis\u00e9es \u00e0 la Fondation d\u2019Entreprise Ricard (Paris), au Mus\u00e9e de la Chasse et de la Nature (Paris), au Mus\u00e9e La Piscine (Roubaix) et au Mus\u00e9e de la C\u00e9ramique (Desvres). Plusieurs de ses \u0153uvres sont rentr\u00e9es dans les collections de ces mus\u00e9es ainsi<br \/>\nqu\u2019\u00e0 S\u00e8vres \u2013 Cit\u00e9 de la C\u00e9ramique.<\/p>\n<hr \/>\n<p style=\"text-align: justify;\"><strong>Cette artiste a particip\u00e9 au 19PaulFort \u00e0 :<\/strong><strong><br \/>\n<\/strong><a href=\"https:\/\/www.19paulfort.com\/galerie\/index.php\/2024\/10\/15\/exposition-une-oeuvre-au-musee-6-ceramistes-1-photographe-du-30-10-au-20-11-2024\/\" target=\"_blank\" rel=\"noopener\">&gt; Les expositions \u00ab\u00a0Une \u0153uvre au mus\u00e9e\u00a0\u00bb, 6 c\u00e9ramistes, \u00ab\u00a0Un jour au mus\u00e9e\u00a0\u00bb 1 photographe du 30 octobre au 20 novembre 2024<\/a><\/p>\n","protected":false},"excerpt":{"rendered":"<p>Laurie Karp Artiste-plasticienne Fran\u00e7aise d&rsquo;origine New Yorkaise ; vit et travaille \u00e0 Paris S&rsquo;\u00e9tablit \u00e0 Paris en 1979 apr\u00e8s ses \u00e9tudes \u00e0 RISD (Rhode Island School of Design), Etats-Unis. Depuis cette date, elle a notamment s\u00e9journ\u00e9 pour un temps en Asie (Hong Kong et Taiwan), Hawa\u00efi, et Australie. Sa cr\u00e9ation privil\u00e9gie les m\u00e9tamorphoses, les formes&hellip;<a href=\"http:\/\/www.19paulfort.com\/galerie\/index.php\/2024\/10\/15\/karp-laurie\/\" class=\"more-link\">Continue reading <span class=\"screen-reader-text\">KARP Laurie &#8211;<\/span><\/a><\/p>\n","protected":false},"author":1,"featured_media":0,"comment_status":"closed","ping_status":"closed","sticky":false,"template":"","format":"standard","meta":{"footnotes":""},"categories":[18,31,29,20,19,25,24,23,22],"tags":[],"class_list":["post-12196","post","type-post","status-publish","format-standard","hentry","category-artistes-invites","category-ceramistes-potiers-vanniers","category-createurs-textiles","category-par-nom","category-par-pratique-artistique","category-peintres-dessinateurs-calligraphes","category-photographes","category-plasticiens","category-sculpteurs"],"_links":{"self":[{"href":"http:\/\/www.19paulfort.com\/galerie\/index.php\/wp-json\/wp\/v2\/posts\/12196","targetHints":{"allow":["GET"]}}],"collection":[{"href":"http:\/\/www.19paulfort.com\/galerie\/index.php\/wp-json\/wp\/v2\/posts"}],"about":[{"href":"http:\/\/www.19paulfort.com\/galerie\/index.php\/wp-json\/wp\/v2\/types\/post"}],"author":[{"embeddable":true,"href":"http:\/\/www.19paulfort.com\/galerie\/index.php\/wp-json\/wp\/v2\/users\/1"}],"replies":[{"embeddable":true,"href":"http:\/\/www.19paulfort.com\/galerie\/index.php\/wp-json\/wp\/v2\/comments?post=12196"}],"version-history":[{"count":6,"href":"http:\/\/www.19paulfort.com\/galerie\/index.php\/wp-json\/wp\/v2\/posts\/12196\/revisions"}],"predecessor-version":[{"id":12267,"href":"http:\/\/www.19paulfort.com\/galerie\/index.php\/wp-json\/wp\/v2\/posts\/12196\/revisions\/12267"}],"wp:attachment":[{"href":"http:\/\/www.19paulfort.com\/galerie\/index.php\/wp-json\/wp\/v2\/media?parent=12196"}],"wp:term":[{"taxonomy":"category","embeddable":true,"href":"http:\/\/www.19paulfort.com\/galerie\/index.php\/wp-json\/wp\/v2\/categories?post=12196"},{"taxonomy":"post_tag","embeddable":true,"href":"http:\/\/www.19paulfort.com\/galerie\/index.php\/wp-json\/wp\/v2\/tags?post=12196"}],"curies":[{"name":"wp","href":"https:\/\/api.w.org\/{rel}","templated":true}]}}