{"id":12293,"date":"2024-10-22T09:25:49","date_gmt":"2024-10-22T08:25:49","guid":{"rendered":"https:\/\/www.19paulfort.com\/galerie\/?p=12293"},"modified":"2024-11-07T19:07:22","modified_gmt":"2024-11-07T18:07:22","slug":"bruun-peter","status":"publish","type":"post","link":"http:\/\/www.19paulfort.com\/galerie\/index.php\/2024\/10\/22\/bruun-peter\/","title":{"rendered":"BRUUN Peter \u2022"},"content":{"rendered":"<h1><img loading=\"lazy\" decoding=\"async\" class=\"aligncenter wp-image-12380 size-full\" src=\"http:\/\/www.19paulfort.com\/galerie\/wp-content\/uploads\/2024\/10\/bruun-scaled.jpg\" alt=\"\" width=\"1920\" height=\"2560\" srcset=\"http:\/\/www.19paulfort.com\/galerie\/wp-content\/uploads\/2024\/10\/bruun-scaled.jpg 1920w, http:\/\/www.19paulfort.com\/galerie\/wp-content\/uploads\/2024\/10\/bruun-225x300.jpg 225w, http:\/\/www.19paulfort.com\/galerie\/wp-content\/uploads\/2024\/10\/bruun-768x1024.jpg 768w, http:\/\/www.19paulfort.com\/galerie\/wp-content\/uploads\/2024\/10\/bruun-1152x1536.jpg 1152w, http:\/\/www.19paulfort.com\/galerie\/wp-content\/uploads\/2024\/10\/bruun-1536x2048.jpg 1536w, http:\/\/www.19paulfort.com\/galerie\/wp-content\/uploads\/2024\/10\/bruun-750x1000.jpg 750w\" sizes=\"auto, (max-width: 1920px) 100vw, 1920px\" \/><br \/>\nPeter BRUUN<\/h1>\n<p><strong>Batteur<\/strong><\/p>\n<p style=\"text-align: justify;\">N\u00e9 (1979) \u00e0 Copenhague Danemark.<br \/>\nPeter a commenc\u00e9 \u00e0 jouer de la batterie \u00e0 l&rsquo;\u00e9cole des enfants \u00e0 Copenhague, \u00e0 l&rsquo;\u00e2ge de trois ans. Il s&rsquo;est alors plong\u00e9 toute sa vie dans la batterie, la musique et la composition. Il a \u00e9t\u00e9 admis au conservatoire de musique rythmique de Copenhague \u00e0 l&rsquo;\u00e2ge de 18 ans. D\u00e8s le premier jour, Peter a suivi un fil rouge sans compromis dans son travail artistique. Cela s&rsquo;est traduit par un grand nombre d&rsquo;enregistrements en son nom propre et par une carri\u00e8re active sur la sc\u00e8ne europ\u00e9enne du jazz et de l&rsquo;improvisation. Ces derni\u00e8res ann\u00e9es, Peter Bruun a \u00e9t\u00e9 davantage reconnu pour son travail de composition. Plus r\u00e9cemment, il a re\u00e7u le Carl Nilsen Award en tant que compositeur de l&rsquo;ann\u00e9e 2019 et l&rsquo;Orchestra of the Year (Jazz Award \/ William Demant Foundation) 2021, en lien avec sa derni\u00e8re sortie chez All Too Human : &lsquo;Because You&rsquo;re Worth It&rsquo;<br \/>\n\u00ab \u00ab Le batteur de Copenhague Peter Bruun a une passion pour les paradoxes productifs. Le noir peut \u00eatre blanc et vice versa. Il y a le jazz, l&rsquo;autre musique, et il y a aussi le jeu intelligent qui consiste \u00e0 jouer l&rsquo;autre musique d&rsquo;une autre mani\u00e8re. \u00bb<\/p>\n<hr \/>\n<p style=\"text-align: justify;\"><strong>Cet artiste a particip\u00e9 au 19 Paul Fort \u00e0 :<\/strong><\/p>\n<p><strong>&gt; <a href=\"https:\/\/www.19paulfort.com\/galerie\/index.php\/2024\/10\/22\/concerts-hommage-au-trio-de-jazz-formule-magique-4-et-5-novembre-2024\/\" target=\"_blank\" rel=\"noopener\">Un concert en trio avec le tromboniste Samuel Blaser et le guitariste Marc Ducret, le 4 novembre 2024<\/a><\/strong><\/p>\n","protected":false},"excerpt":{"rendered":"<p>Peter BRUUN Batteur N\u00e9 (1979) \u00e0 Copenhague Danemark. Peter a commenc\u00e9 \u00e0 jouer de la batterie \u00e0 l&rsquo;\u00e9cole des enfants \u00e0 Copenhague, \u00e0 l&rsquo;\u00e2ge de trois ans. Il s&rsquo;est alors plong\u00e9 toute sa vie dans la batterie, la musique et la composition. Il a \u00e9t\u00e9 admis au conservatoire de musique rythmique de Copenhague \u00e0 l&rsquo;\u00e2ge&hellip;<a href=\"http:\/\/www.19paulfort.com\/galerie\/index.php\/2024\/10\/22\/bruun-peter\/\" class=\"more-link\">Continue reading <span class=\"screen-reader-text\">BRUUN Peter \u2022<\/span><\/a><\/p>\n","protected":false},"author":1,"featured_media":0,"comment_status":"closed","ping_status":"closed","sticky":false,"template":"","format":"standard","meta":{"footnotes":""},"categories":[18,26,20,19],"tags":[],"class_list":["post-12293","post","type-post","status-publish","format-standard","hentry","category-artistes-invites","category-musiciens-compositeurs","category-par-nom","category-par-pratique-artistique"],"_links":{"self":[{"href":"http:\/\/www.19paulfort.com\/galerie\/index.php\/wp-json\/wp\/v2\/posts\/12293","targetHints":{"allow":["GET"]}}],"collection":[{"href":"http:\/\/www.19paulfort.com\/galerie\/index.php\/wp-json\/wp\/v2\/posts"}],"about":[{"href":"http:\/\/www.19paulfort.com\/galerie\/index.php\/wp-json\/wp\/v2\/types\/post"}],"author":[{"embeddable":true,"href":"http:\/\/www.19paulfort.com\/galerie\/index.php\/wp-json\/wp\/v2\/users\/1"}],"replies":[{"embeddable":true,"href":"http:\/\/www.19paulfort.com\/galerie\/index.php\/wp-json\/wp\/v2\/comments?post=12293"}],"version-history":[{"count":5,"href":"http:\/\/www.19paulfort.com\/galerie\/index.php\/wp-json\/wp\/v2\/posts\/12293\/revisions"}],"predecessor-version":[{"id":12381,"href":"http:\/\/www.19paulfort.com\/galerie\/index.php\/wp-json\/wp\/v2\/posts\/12293\/revisions\/12381"}],"wp:attachment":[{"href":"http:\/\/www.19paulfort.com\/galerie\/index.php\/wp-json\/wp\/v2\/media?parent=12293"}],"wp:term":[{"taxonomy":"category","embeddable":true,"href":"http:\/\/www.19paulfort.com\/galerie\/index.php\/wp-json\/wp\/v2\/categories?post=12293"},{"taxonomy":"post_tag","embeddable":true,"href":"http:\/\/www.19paulfort.com\/galerie\/index.php\/wp-json\/wp\/v2\/tags?post=12293"}],"curies":[{"name":"wp","href":"https:\/\/api.w.org\/{rel}","templated":true}]}}