{"id":12568,"date":"2024-12-05T08:41:11","date_gmt":"2024-12-05T07:41:11","guid":{"rendered":"https:\/\/www.19paulfort.com\/galerie\/?p=12568"},"modified":"2025-05-05T19:11:43","modified_gmt":"2025-05-05T18:11:43","slug":"melikyan-sofya","status":"publish","type":"post","link":"http:\/\/www.19paulfort.com\/galerie\/index.php\/2024\/12\/05\/melikyan-sofya\/","title":{"rendered":"M\u00c9LIKYAN Sofya &#8211;"},"content":{"rendered":"<h1 style=\"text-align: left;\"><span style=\"color: #000000;\">Sofya M\u00e9likyan<\/span><\/h1>\n<p style=\"text-align: justify;\"><strong>Piano<\/strong><\/p>\n<p style=\"text-align: justify;\">N\u00e9e \u00e0 Erevan en Arm\u00e9nie. Sofya commence l\u2019apprentissage du piano \u00e0 l\u2019\u00e9cole de musique Tchaikovsky de Erevan o\u00f9 elle est \u00e9l\u00e8ve de Anahit Shahbazyan. Elle continue ses \u00e9tudes musicales au Conservatoire Royal de Madrid sous la tutelle de Joaquin Soriano o\u00f9 elle obtient le premier prix d&rsquo;honneur. Elle travaille \u00e9galement avec Galina Eguiazarova \u00e0 Madrid et Brigitte Engerer \u00e0 Paris, ainsi qu&rsquo;\u00e0 l\u2019Ecole Normale de Musique Alfred Cortot \u00e0 Paris avec Ramzi Yassa ou elle obtient \u00e0 l\u2019unanimit\u00e9 le Dipl\u00f4me Sup\u00e9rieur d\u2019Ex\u00e9cution. Elle a obtenu son Master de Musique en performance pianistique \u00e0 la Manhattan School of Music de New York o\u00f9 elle \u00e9tait \u00e9l\u00e8ve boursi\u00e8re du pianiste Solomon Mikowsky.<br \/>\nSalu\u00e9e pour \u00eatre une \u00ab\u00a0interpr\u00e8te tr\u00e8s sensible, qui subordonne toujours les aspects techniques \u00e0 la rh\u00e9torique (Remy Franck, Pizzicato), la pianiste arm\u00e9nienne Sofya Melikyan se produit dans les salles les plus prestigieuses d\u2019Europe, \u00c9tats-Unis, Chine, Canada, Japon et Australie. Sofya a remport\u00e9 plusieurs prix lors de concours internationaux et a fait de nombreux enregistrements en direct pour des \u00e9missions: \u00e0 la Radio-T\u00e9l\u00e9vision Espagnole, Radio T\u00e9l\u00e9vision d`Arm\u00e9nie, WFMT \u00e0 Chicago, ABC \u00e0 Melbourne et Mezzo entre autres. Sofya Melikyan est n\u00e9e \u00e0 Erevan en Arm\u00e9nie. Elle commence l\u2019apprentissage du piano \u00e0 l\u2019\u00e9cole de musique Tchaikovsky de Erevan o\u00f9 elle est \u00e9l\u00e8ve de Anahit Shahbazyan. Elle continue ses \u00e9tudes musicalesau Conservatoire Royal de Madrid sous la tutelle du pianiste Joaquin Soriano o\u00f9 elle obtient le premier prix d\u2019honneur. Sofya Melikyan travaille \u00e9galement avec Galina Eguiazarova \u00e0 Madrid et Brigitte Engerer \u00e0 Paris, ainsi qu&rsquo; \u00e0 l\u2019Ecole Normale de Musique Alfred Cortot \u00e0 Paris avec Ramzi Yassa ou elle obtient \u00e0 l\u2019unanimit\u00e9 le Dipl\u00f4me Sup\u00e9rieur d\u2019Ex\u00e9cution.<br \/>\nElle a obtenu son Master de Musique en performance pianistique \u00e0 la Manhattan School of Music de New York o\u00f9 elle \u00e9tait \u00e9l\u00e8ve boursi\u00e8re du pianiste Solomon Mikowsky.<br \/>\nR\u00e9cemment Sofya s\u2019est produite au Carnegie Hall, au Lincoln Center et \u00e0 la Soci\u00e9t\u00e9 Liszt \u00e0 New York, au Kennedy Center \u00e0 Washington, au festival Khachaturian en Arm\u00e9nie, \u00e0 l\u2019Op\u00e9ra Guangzhou en Chine, \u00e0 l&rsquo;Auditorium de Santiago de Compostela, au Festival \u00ab\u00a0Chopin+\u00a0\u00bb en Luxembourg, ainsi qu&rsquo; avec l\u2019Orchestre Symphonique National de Cuba, l\u2019 Orchestre Symphonique North Shore \u00e0 Chicago, l\u2019Orchestre Symphonique de Vancouver, l&rsquo;Orchestre Symphoniquede la Radio et T\u00e9l\u00e9vision Espagnole, Sinfon\u00eda Toronto, l&rsquo; Orchestre Philharmonique de Galice et l\u2019Orchestre Symphonique de Navarre. Musicienne de chambre enthousiaste, Sofya a collabor\u00e9 entre autres avec des artistes tels que Amaury Coeytaux, Gary Hoffman, Torleif Thedeen, Tanja-Becker Bender,<br \/>\nSilvia Simionescu, Lise Berthaud, Kim Kashkashian, Karen Ouzounian et Philippe Graffin.<br \/>\nSon trio nouvellement form\u00e9 avec le violoniste David Haroutunian et le violoncelliste Mikayel Hakhnazaryan est r\u00e9cemment sorti sur le label britannique \u00ab\u00a0Rubicon Classics\u00a0\u00bb un album consacr\u00e9 aux trios avec piano Op. 87 et 101 de Brahms. Le CD est le premier d&rsquo;une s\u00e9rie d&rsquo;enregistrements consacr\u00e9s \u00e0 la musique de chambre avec piano de Brahms. &lsquo;Disque du jour&rsquo; \u00e0 France Musique, il continue de recevoir une presse internationale enthousiaste. Le deuxi\u00e8me volume du projet Brahms va paraitre<br \/>\nau printemps de 2024 et inclura le trio Op.8 de Brahms et la Nuit Transfigur\u00e9e de Schoenberg.<br \/>\nEn 2018 ses deux albums solo ont \u00e9t\u00e9 lanc\u00e9s sur les labels IBS classical (Women) et Etcetera Records Spanish Piano Music). Les deux disques ont re\u00e7u les \u00e9loges enthousiastes de la critique internationale (5*\u00a0\u00bbClassica\u00a0\u00bb, 10 \u00a0\u00bbKlassik Heute\u00a0\u00bb, disque d&rsquo;or \u00a0\u00bbMelomano\u00a0\u00bb, 4* \u00a0\u00bbPizzicato\u00a0\u00bb, disque recommand\u00e9 par \u00a0\u00bbDer Tagesspiegel\u00a0\u00bb). Son nouveau travaille discographique d\u00e9di\u00e9 \u00e0 Ricardo Vi\u00f1es est sorti en septembre de 2023 sur Rubicon Classics.<\/p>\n<hr \/>\n<p style=\"text-align: justify;\"><strong>Cette artiste a particip\u00e9 au 19PaulFort \u00e0 :<br \/>\n&gt;\u00a0<a href=\"https:\/\/www.19paulfort.com\/galerie\/index.php\/2025\/05\/05\/05252025-concert-s-melikyan-piano-t-becker-bender-violon-entre-nostalgie-et-renouveau-les-annees-1917-1929-a-paris-et-berlin\/\" target=\"_blank\" rel=\"noopener\">Un concert avec Tanja Becker-Bender, violon<\/a>, <\/strong><strong><a href=\"https:\/\/www.19paulfort.com\/galerie\/index.php\/2025\/05\/05\/05252025-concert-s-melikyan-piano-t-becker-bender-violon-entre-nostalgie-et-renouveau-les-annees-1917-1929-a-paris-et-berlin\/\" target=\"_blank\" rel=\"noopener\">dans \u00ab Entre nostalgie et renouveau \u2013 les ann\u00e9es 1917-1929 \u00e0 Paris et Berlin \u00bb le 25 mai 2025<\/a><\/strong><br \/>\n<strong>&gt; <a href=\"https:\/\/www.19paulfort.com\/galerie\/index.php\/2024\/12\/05\/12581\/\" target=\"_blank\" rel=\"noopener\">Un concert en duo avec la mezzo-soprano Gayan\u00e9 Movsisyan, le 8 d\u00e9cembre 2024 <\/a><\/strong><\/p>\n","protected":false},"excerpt":{"rendered":"<p>Sofya M\u00e9likyan Piano N\u00e9e \u00e0 Erevan en Arm\u00e9nie. Sofya commence l\u2019apprentissage du piano \u00e0 l\u2019\u00e9cole de musique Tchaikovsky de Erevan o\u00f9 elle est \u00e9l\u00e8ve de Anahit Shahbazyan. Elle continue ses \u00e9tudes musicales au Conservatoire Royal de Madrid sous la tutelle de Joaquin Soriano o\u00f9 elle obtient le premier prix d&rsquo;honneur. Elle travaille \u00e9galement avec Galina&hellip;<a href=\"http:\/\/www.19paulfort.com\/galerie\/index.php\/2024\/12\/05\/melikyan-sofya\/\" class=\"more-link\">Continue reading <span class=\"screen-reader-text\">M\u00c9LIKYAN Sofya &#8211;<\/span><\/a><\/p>\n","protected":false},"author":1,"featured_media":0,"comment_status":"closed","ping_status":"closed","sticky":false,"template":"","format":"standard","meta":{"footnotes":""},"categories":[18,26,20,19],"tags":[],"class_list":["post-12568","post","type-post","status-publish","format-standard","hentry","category-artistes-invites","category-musiciens-compositeurs","category-par-nom","category-par-pratique-artistique"],"_links":{"self":[{"href":"http:\/\/www.19paulfort.com\/galerie\/index.php\/wp-json\/wp\/v2\/posts\/12568","targetHints":{"allow":["GET"]}}],"collection":[{"href":"http:\/\/www.19paulfort.com\/galerie\/index.php\/wp-json\/wp\/v2\/posts"}],"about":[{"href":"http:\/\/www.19paulfort.com\/galerie\/index.php\/wp-json\/wp\/v2\/types\/post"}],"author":[{"embeddable":true,"href":"http:\/\/www.19paulfort.com\/galerie\/index.php\/wp-json\/wp\/v2\/users\/1"}],"replies":[{"embeddable":true,"href":"http:\/\/www.19paulfort.com\/galerie\/index.php\/wp-json\/wp\/v2\/comments?post=12568"}],"version-history":[{"count":11,"href":"http:\/\/www.19paulfort.com\/galerie\/index.php\/wp-json\/wp\/v2\/posts\/12568\/revisions"}],"predecessor-version":[{"id":13506,"href":"http:\/\/www.19paulfort.com\/galerie\/index.php\/wp-json\/wp\/v2\/posts\/12568\/revisions\/13506"}],"wp:attachment":[{"href":"http:\/\/www.19paulfort.com\/galerie\/index.php\/wp-json\/wp\/v2\/media?parent=12568"}],"wp:term":[{"taxonomy":"category","embeddable":true,"href":"http:\/\/www.19paulfort.com\/galerie\/index.php\/wp-json\/wp\/v2\/categories?post=12568"},{"taxonomy":"post_tag","embeddable":true,"href":"http:\/\/www.19paulfort.com\/galerie\/index.php\/wp-json\/wp\/v2\/tags?post=12568"}],"curies":[{"name":"wp","href":"https:\/\/api.w.org\/{rel}","templated":true}]}}