{"id":12596,"date":"2024-12-08T17:07:01","date_gmt":"2024-12-08T16:07:01","guid":{"rendered":"https:\/\/www.19paulfort.com\/galerie\/?p=12596"},"modified":"2024-12-22T17:09:15","modified_gmt":"2024-12-22T16:09:15","slug":"ferre-boulou-elios","status":"publish","type":"post","link":"http:\/\/www.19paulfort.com\/galerie\/index.php\/2024\/12\/08\/ferre-boulou-elios\/","title":{"rendered":"FERR\u00c9 Boulou &#038; \u00c9lios &#8211;"},"content":{"rendered":"<figure id=\"attachment_12626\" aria-describedby=\"caption-attachment-12626\" style=\"width: 2016px\" class=\"wp-caption aligncenter\"><img loading=\"lazy\" decoding=\"async\" class=\"size-full wp-image-12626\" src=\"http:\/\/www.19paulfort.com\/galerie\/wp-content\/uploads\/2024\/12\/Snapseed.jpg\" alt=\"\" width=\"2016\" height=\"1512\" srcset=\"http:\/\/www.19paulfort.com\/galerie\/wp-content\/uploads\/2024\/12\/Snapseed.jpg 2016w, http:\/\/www.19paulfort.com\/galerie\/wp-content\/uploads\/2024\/12\/Snapseed-300x225.jpg 300w, http:\/\/www.19paulfort.com\/galerie\/wp-content\/uploads\/2024\/12\/Snapseed-1024x768.jpg 1024w, http:\/\/www.19paulfort.com\/galerie\/wp-content\/uploads\/2024\/12\/Snapseed-768x576.jpg 768w, http:\/\/www.19paulfort.com\/galerie\/wp-content\/uploads\/2024\/12\/Snapseed-1536x1152.jpg 1536w, http:\/\/www.19paulfort.com\/galerie\/wp-content\/uploads\/2024\/12\/Snapseed-750x563.jpg 750w\" sizes=\"auto, (max-width: 2016px) 100vw, 2016px\" \/><figcaption id=\"caption-attachment-12626\" class=\"wp-caption-text\"><em>Photographies Xavier Lambours (sauf celle dans le texte)<\/em><\/figcaption><\/figure>\n<h1><strong>Boulou &amp; \u00c9lios Ferr\u00e9<\/strong><\/h1>\n<p><strong>\u00a0<\/strong><strong>Guitaristes, compositeurs<\/strong><\/p>\n<p><img loading=\"lazy\" decoding=\"async\" class=\"alignleft wp-image-12592 size-medium\" src=\"http:\/\/www.19paulfort.com\/galerie\/wp-content\/uploads\/2024\/12\/freresferre-300x177.jpg\" alt=\"\" width=\"300\" height=\"177\" srcset=\"http:\/\/www.19paulfort.com\/galerie\/wp-content\/uploads\/2024\/12\/freresferre-300x177.jpg 300w, http:\/\/www.19paulfort.com\/galerie\/wp-content\/uploads\/2024\/12\/freresferre-750x443.jpg 750w, http:\/\/www.19paulfort.com\/galerie\/wp-content\/uploads\/2024\/12\/freresferre.jpg 761w\" sizes=\"auto, (max-width: 300px) 100vw, 300px\" \/><\/p>\n<p style=\"text-align: justify;\">Nationalit\u00e9: France. Naissances : 1951-56.<br \/>\nJean Jacques Ferr\u00e9, dit <strong>Boulou<\/strong>, nait en avril 1951, suivi de son fr\u00e8re Elios en d\u00e9cembre 1956, dans une famille tsigane. Leur P\u00e8re est \u00ab\u00a0Matelo\u00a0\u00bb Ferr\u00e9, et ils sont donc neveux de Baro et Sarrane Ferret. Autant dire que l&rsquo;entourage familial a tr\u00e8s t\u00f4t et fortement impr\u00e9gn\u00e9 les 2 fr\u00e8res de musiques manouche. Pierre Matelo Ferr\u00e9 a \u00e9t\u00e9 le partenaire de Django pendant plus de 10 ans.<br \/>\n<strong>&#8211; 1959 :<\/strong> Boulou a 8 ans et donne son premier concert au Mus\u00e9e Gr\u00e9vin, devant la reine de Belgique Paola.<br \/>\n<strong>&#8211; 1963 :<\/strong> Boulou joue avec Jean Ferrat et enregistre son premier disque : \u00ab\u00a0Boulou\u00a0\u00bb , accompagn\u00e9 par l&rsquo;orchestre de Alain Goraguer (sorti en 1964). Il joue souvent au restaurant \u00ab\u00a0Le Coq D&rsquo;Or\u00a0\u00bb, rue Malebranche \u00e0 Paris, qui est le point de rencontre des Ferr\u00e9.<br \/>\n<strong>&#8211; 1965 :<\/strong> Festival d&rsquo;Antibes, Boulou fait la premi\u00e8re partie de John Coltrane.<br \/>\nEnregistrement du premier album \u00ab\u00a0Boulou et le Paris all stars\u00a0\u00bb (Barclay), \u00e0 nouveau accompagn\u00e9 par l&rsquo;orchestre d&rsquo;Alain Goraguer.<br \/>\n<strong>1966 :<\/strong> Enregistrement du deuxi\u00e8me album, \u00ab\u00a0Boulou et le Paris All Stars\u00a0\u00bb, avec Eddie Louiss (orgue), Michel Gaudry (cb), Andy Arpino (dr), sur des arrangements de Jean Bouch\u00e9ty. Les ann\u00e9es suivantes, Boulou \u00e9largie ses connaissances musicales en suivant les cours de composition et d&rsquo;harmonie d&rsquo;Olivier Messiaen, puis en jouant avec diff\u00e9rents musiciens de jazz dont Gunter Hampel (sax), Takashi Kako (p), Kenny Clarke (dr), Dizzy Gillespie (tp), Dexter Gordon (sax), Barney Wilen (sax), St\u00e9phane Grappelli (v), et Maurice Vander (p).<\/p>\n<p style=\"text-align: justify;\"><strong>Elios<\/strong> a commenc\u00e9 la musique par le piano, puis se tourne \u00e9galement vers la guitare. De son c\u00f4t\u00e9, il aura \u00e9galement des fr\u00e9quentations prestigieuses : Larry Corryel (g), Didi Rover (cb), Olivier Hutman (p), Al Levitt (dr), Lee Konitz (sax), Bireli Lagr\u00e8ne (g) &#8230;<\/p>\n<p style=\"text-align: justify;\">Apr\u00e8s avoir honor\u00e9 Django \u00e0 leurs d\u00e9buts, par l&rsquo;enregistrement de plusieurs albums dans la tradition jazz manouche, Boulou et Elios ont rapidement explor\u00e9 d&rsquo;autres espaces musicaux. Boulou et Elios ne pensent pas \u00e0 leur musique au singulier mais au pluriel.<br \/>\n<strong>&#8211; Ann\u00e9es 1970 :<\/strong> Boulou se produit avec T Bone Walker (g), au Club \u00ab\u00a0Les trois Maillets\u00a0\u00bb \u00e0 Paris pour plusieurs soir\u00e9es.<br \/>\n<strong>&#8211; 1973 :<\/strong> Lors d&rsquo;un concert \u00e0 St Tropez, Boulou rencontre Duke Elligton, venu l&rsquo;\u00e9couter toute la soir\u00e9e, qui lui dit \u00ab\u00a0Boulou, tu es le g\u00e9nie \u00e0 travers l&rsquo;arc en ciel de Django\u00a0\u00bb.<br \/>\n<strong>&#8211; 1974 :<\/strong> Formation du groupe \u00ab\u00a0Corporation Gypsy Orchestra\u00a0\u00bb, tr\u00e8s exp\u00e9rimental.<br \/>\n<strong>&#8211; 1979 :<\/strong> Le duo Boulou et Elios Ferr\u00e9 est lanc\u00e9, et va collaborer avec de nombreux musiciens au plus haut niveau. Au d\u00e9part bas\u00e9s sur le jazz de Django, parfois accompagn\u00e9s de Louis Vola, contrebassiste du QHCF, ils vont aborder bien d&rsquo;autres horizons.<br \/>\n<strong>&#8211; 1980 :<\/strong> Premi\u00e8res escapades aux USA, au Canada, en Am\u00e9rique du Sud, en Asie, parfois en trio, quartet, ou quintet.<br \/>\n<strong>&#8211; 2004 :<\/strong> Album Shades of a dream, avec Alain Jean-Marie (p), et Riccardo Del Fra (cb).<br \/>\n<strong>&#8211; 2006 :<\/strong> Op\u00e9ra de Montpellier : Boulou dirige 3 grands concerts, \u00ab\u00a0Il \u00e9tait une fois les fr\u00e8res Ferr\u00e9\u00a0\u00bb, avec de nombreux musiciens de jazz dont Didier Lockwood (v), Phillipe Catherine (g), et Alain Jean-Marie (p).<br \/>\nBoulou et Elios Ferr\u00e9 re\u00e7oivent un \u00ab\u00a0Django d&rsquo;Or\u00a0\u00bb dans la cat\u00e9gorie musiques sans fronti\u00e8res, apr\u00e8s la sortie de leur album \u00ab\u00a0Parisian Passion\u00a0\u00bb.<br \/>\n<strong>&#8211; 2008 :<\/strong> Suite la cr\u00e9ation musicale de 2007 au Festival International de la guitare, Boulou et Elios sont \u00e9lus Citoyens d&rsquo;honneur de la ville de Montpellier. Album \u00ab\u00a0Brothers to brothers\u00a0\u00bb : les fr\u00e8res Boulou et Elios Ferr\u00e9, avec les fr\u00e8res Lionel (sax) et St\u00e9phane (tp) Belmondo, Pierre Boussaguet (cb), et Alain Jean-Marie (p).<br \/>\n<strong>&#8211; 2012 :<\/strong> Le ministre de la culture, Fr\u00e9d\u00e9ric Mitterand, remet \u00e0 Boulou et Elios l&rsquo;insigne de \u00ab\u00a0Chevalier des Arts et Lettres\u00a0\u00bb, ainsi qu&rsquo;\u00e0 Bireli Lagr\u00e8ne et Thomas Dutronc le m\u00eame jour.<br \/>\nIls ont re\u00e7u le Django d\u2019Or de la guitare.<\/p>\n<p style=\"text-align: center;\"><iframe loading=\"lazy\" title=\"YouTube video player\" src=\"https:\/\/www.youtube.com\/embed\/Dqrpdt7RAig?si=3m68dlbW5qQO_Mn_\" width=\"560\" height=\"315\" frameborder=\"0\" allowfullscreen=\"allowfullscreen\"><\/iframe><\/p>\n<div id='gallery-1' class='gallery galleryid-12596 gallery-columns-3 gallery-size-medium'><figure class='gallery-item'>\n\t\t\t<div class='gallery-icon portrait'>\n\t\t\t\t<a href='http:\/\/www.19paulfort.com\/galerie\/wp-content\/uploads\/2024\/12\/20241218_220323-scaled.jpg'><img loading=\"lazy\" decoding=\"async\" width=\"225\" height=\"300\" src=\"http:\/\/www.19paulfort.com\/galerie\/wp-content\/uploads\/2024\/12\/20241218_220323-225x300.jpg\" class=\"attachment-medium size-medium\" alt=\"\" srcset=\"http:\/\/www.19paulfort.com\/galerie\/wp-content\/uploads\/2024\/12\/20241218_220323-225x300.jpg 225w, http:\/\/www.19paulfort.com\/galerie\/wp-content\/uploads\/2024\/12\/20241218_220323-768x1024.jpg 768w, http:\/\/www.19paulfort.com\/galerie\/wp-content\/uploads\/2024\/12\/20241218_220323-1152x1536.jpg 1152w, http:\/\/www.19paulfort.com\/galerie\/wp-content\/uploads\/2024\/12\/20241218_220323-1536x2048.jpg 1536w, http:\/\/www.19paulfort.com\/galerie\/wp-content\/uploads\/2024\/12\/20241218_220323-750x1000.jpg 750w, http:\/\/www.19paulfort.com\/galerie\/wp-content\/uploads\/2024\/12\/20241218_220323-scaled.jpg 1920w\" sizes=\"auto, (max-width: 225px) 100vw, 225px\" \/><\/a>\n\t\t\t<\/div><\/figure><figure class='gallery-item'>\n\t\t\t<div class='gallery-icon portrait'>\n\t\t\t\t<a href='http:\/\/www.19paulfort.com\/galerie\/wp-content\/uploads\/2024\/12\/20241218_215816-scaled.jpg'><img loading=\"lazy\" decoding=\"async\" width=\"225\" height=\"300\" src=\"http:\/\/www.19paulfort.com\/galerie\/wp-content\/uploads\/2024\/12\/20241218_215816-225x300.jpg\" class=\"attachment-medium size-medium\" alt=\"\" srcset=\"http:\/\/www.19paulfort.com\/galerie\/wp-content\/uploads\/2024\/12\/20241218_215816-225x300.jpg 225w, http:\/\/www.19paulfort.com\/galerie\/wp-content\/uploads\/2024\/12\/20241218_215816-768x1024.jpg 768w, http:\/\/www.19paulfort.com\/galerie\/wp-content\/uploads\/2024\/12\/20241218_215816-1152x1536.jpg 1152w, http:\/\/www.19paulfort.com\/galerie\/wp-content\/uploads\/2024\/12\/20241218_215816-1536x2048.jpg 1536w, http:\/\/www.19paulfort.com\/galerie\/wp-content\/uploads\/2024\/12\/20241218_215816-750x1000.jpg 750w, http:\/\/www.19paulfort.com\/galerie\/wp-content\/uploads\/2024\/12\/20241218_215816-scaled.jpg 1920w\" sizes=\"auto, (max-width: 225px) 100vw, 225px\" \/><\/a>\n\t\t\t<\/div><\/figure><figure class='gallery-item'>\n\t\t\t<div class='gallery-icon portrait'>\n\t\t\t\t<a href='http:\/\/www.19paulfort.com\/galerie\/wp-content\/uploads\/2024\/12\/freresferre-1.jpg'><img loading=\"lazy\" decoding=\"async\" width=\"225\" height=\"300\" src=\"http:\/\/www.19paulfort.com\/galerie\/wp-content\/uploads\/2024\/12\/freresferre-1-225x300.jpg\" class=\"attachment-medium size-medium\" alt=\"\" srcset=\"http:\/\/www.19paulfort.com\/galerie\/wp-content\/uploads\/2024\/12\/freresferre-1-225x300.jpg 225w, http:\/\/www.19paulfort.com\/galerie\/wp-content\/uploads\/2024\/12\/freresferre-1-768x1024.jpg 768w, http:\/\/www.19paulfort.com\/galerie\/wp-content\/uploads\/2024\/12\/freresferre-1-1152x1536.jpg 1152w, http:\/\/www.19paulfort.com\/galerie\/wp-content\/uploads\/2024\/12\/freresferre-1-750x1000.jpg 750w, http:\/\/www.19paulfort.com\/galerie\/wp-content\/uploads\/2024\/12\/freresferre-1.jpg 1512w\" sizes=\"auto, (max-width: 225px) 100vw, 225px\" \/><\/a>\n\t\t\t<\/div><\/figure>\n\t\t<\/div>\n\n<hr \/>\n<p style=\"text-align: justify;\"><strong>Ces artistes ont particip\u00e9 au 19PaulFort \u00e0 :\u00a0<\/strong><br \/>\n&#8211; <a href=\"https:\/\/www.19paulfort.com\/galerie\/index.php\/2024\/12\/08\/concert_boulou_elios_ferre\/\" target=\"_blank\" rel=\"noopener\">Un concert soir\u00e9e jazz manouche le 18 d\u00e9cembre 2024\u00a0<\/a><\/p>\n","protected":false},"excerpt":{"rendered":"<p>Boulou &amp; \u00c9lios Ferr\u00e9 \u00a0Guitaristes, compositeurs Nationalit\u00e9: France. Naissances : 1951-56. Jean Jacques Ferr\u00e9, dit Boulou, nait en avril 1951, suivi de son fr\u00e8re Elios en d\u00e9cembre 1956, dans une famille tsigane. Leur P\u00e8re est \u00ab\u00a0Matelo\u00a0\u00bb Ferr\u00e9, et ils sont donc neveux de Baro et Sarrane Ferret. Autant dire que l&rsquo;entourage familial a tr\u00e8s t\u00f4t&hellip;<a href=\"http:\/\/www.19paulfort.com\/galerie\/index.php\/2024\/12\/08\/ferre-boulou-elios\/\" class=\"more-link\">Continue reading <span class=\"screen-reader-text\">FERR\u00c9 Boulou &#038; \u00c9lios &#8211;<\/span><\/a><\/p>\n","protected":false},"author":1,"featured_media":0,"comment_status":"closed","ping_status":"closed","sticky":false,"template":"","format":"standard","meta":{"footnotes":""},"categories":[18,26,20],"tags":[],"class_list":["post-12596","post","type-post","status-publish","format-standard","hentry","category-artistes-invites","category-musiciens-compositeurs","category-par-nom"],"_links":{"self":[{"href":"http:\/\/www.19paulfort.com\/galerie\/index.php\/wp-json\/wp\/v2\/posts\/12596","targetHints":{"allow":["GET"]}}],"collection":[{"href":"http:\/\/www.19paulfort.com\/galerie\/index.php\/wp-json\/wp\/v2\/posts"}],"about":[{"href":"http:\/\/www.19paulfort.com\/galerie\/index.php\/wp-json\/wp\/v2\/types\/post"}],"author":[{"embeddable":true,"href":"http:\/\/www.19paulfort.com\/galerie\/index.php\/wp-json\/wp\/v2\/users\/1"}],"replies":[{"embeddable":true,"href":"http:\/\/www.19paulfort.com\/galerie\/index.php\/wp-json\/wp\/v2\/comments?post=12596"}],"version-history":[{"count":8,"href":"http:\/\/www.19paulfort.com\/galerie\/index.php\/wp-json\/wp\/v2\/posts\/12596\/revisions"}],"predecessor-version":[{"id":12638,"href":"http:\/\/www.19paulfort.com\/galerie\/index.php\/wp-json\/wp\/v2\/posts\/12596\/revisions\/12638"}],"wp:attachment":[{"href":"http:\/\/www.19paulfort.com\/galerie\/index.php\/wp-json\/wp\/v2\/media?parent=12596"}],"wp:term":[{"taxonomy":"category","embeddable":true,"href":"http:\/\/www.19paulfort.com\/galerie\/index.php\/wp-json\/wp\/v2\/categories?post=12596"},{"taxonomy":"post_tag","embeddable":true,"href":"http:\/\/www.19paulfort.com\/galerie\/index.php\/wp-json\/wp\/v2\/tags?post=12596"}],"curies":[{"name":"wp","href":"https:\/\/api.w.org\/{rel}","templated":true}]}}