{"id":13766,"date":"2025-09-16T14:51:33","date_gmt":"2025-09-16T13:51:33","guid":{"rendered":"https:\/\/www.19paulfort.com\/galerie\/?p=13766"},"modified":"2025-09-27T17:11:25","modified_gmt":"2025-09-27T16:11:25","slug":"carniel-enzo","status":"publish","type":"post","link":"http:\/\/www.19paulfort.com\/galerie\/index.php\/2025\/09\/16\/carniel-enzo\/","title":{"rendered":"CARNIEL Enzo \u2022"},"content":{"rendered":"<h1 style=\"text-align: justify;\"><img loading=\"lazy\" decoding=\"async\" class=\"aligncenter size-full wp-image-13803\" src=\"http:\/\/www.19paulfort.com\/galerie\/wp-content\/uploads\/2025\/09\/carniel-1.jpg\" alt=\"\" width=\"1200\" height=\"1600\" srcset=\"http:\/\/www.19paulfort.com\/galerie\/wp-content\/uploads\/2025\/09\/carniel-1.jpg 1200w, http:\/\/www.19paulfort.com\/galerie\/wp-content\/uploads\/2025\/09\/carniel-1-225x300.jpg 225w, http:\/\/www.19paulfort.com\/galerie\/wp-content\/uploads\/2025\/09\/carniel-1-768x1024.jpg 768w, http:\/\/www.19paulfort.com\/galerie\/wp-content\/uploads\/2025\/09\/carniel-1-1152x1536.jpg 1152w, http:\/\/www.19paulfort.com\/galerie\/wp-content\/uploads\/2025\/09\/carniel-1-750x1000.jpg 750w\" sizes=\"auto, (max-width: 1200px) 100vw, 1200px\" \/><br \/>\nEnzo CARNIEL<\/h1>\n<p style=\"text-align: justify;\"><strong>Pianiste jazz, compositeur, enseignant<\/strong><\/p>\n<p style=\"text-align: justify;\">N\u00e9 le 27\/01\/87 \u00e0 la Seyne sur mer (83), France.<\/p>\n<p style=\"text-align: justify;\"><strong>\u00c9DUCATION<\/strong><br \/>\n&#8211; Bac Scientifique en 2005<br \/>\n&#8211; 5 ann\u00e9es d\u2019\u00e9tudes \u00e0 la facult\u00e9 de m\u00e9decine de la Timone (Marseille) avant de rentrer dans la classe de Jazz et Musiques improvis\u00e9es du CNSMDP.<br \/>\n&#8211; M\u00e9daill\u00e9 d\u2019or au conservatoire de Marseille en 2009,<br \/>\n&#8211; Prix de licence au CNSMDP en 2013 avec la mention Tr\u00e8s Bien \u00e0 l\u2019unanimit\u00e9 avec les F\u00e9licitations du jury.<br \/>\n&#8211; Prix de Master au CNSMDP en 2015 mention Tr\u00e8s bien \u00e0 l\u2019unanimit\u00e9 avec les F\u00e9licitations du jury.<br \/>\n&#8211; Prix d\u2019improvisation g\u00e9n\u00e9rative en 2015 au CSNMDP mention Tr\u00e8s bien.<br \/>\n&#8211; Obtention du CA de Jazz et du Master de P\u00e9dagogie Europ\u00e9en au CNSMDP en 2018.<\/p>\n<p style=\"text-align: justify;\"><strong>EXP\u00c9RIENCES<\/strong><br \/>\n&#8211; Nombreux concerts dans le cadre de grands festivals de jazz: Tanger( Maroc), Eclat d\u2019Email (Limoges), Ramatuelle, Segr\u00e8s, Wolfisheim, Amsterdam, Sienne (Italie), Festival d\u2019Art Lyric d\u2019 Aix en Provence, Festival de th\u00e9\u00e2tre d\u2019Avignon, Jazz \u00e0 Vienne, Jazz \u00e0 Saint Germain des pr\u00e9s, Gent (Belgique), Transition Festival (Ultrecht, Hollande)\u2026<br \/>\n&#8211; Exp\u00e9rience professionnelle dans les clubs de jazz parisiens et les clubs et salle de concert de r\u00e9gion:<br \/>\n&#8211; Concerts au Conservatoire National Sup\u00e9rieur, Th\u00e9\u00e2tre du Ch\u00e2telet , Mairie du 4\u00e8me, Cit\u00e9 de la Musique, Op\u00e9ra Bastille, Centre Pompidou, Cin\u00e9math\u00e8que Fran\u00e7aise.<br \/>\n&#8211; Multiples apparitions \u00e0 Radio France: Open Jazz (Alex Dutihl), Le matin des musiciens (Arnaud Merlin), \u00c0 l\u2019improviste (Anne Montaron), le Jazz sur le Vif (Arnaud Merlin, Xavier Pr\u00e9vost), Banzza\u00ef (Nathalie Piol\u00e9).<br \/>\n&#8211; Premier r\u00f4le dans un moyen m\u00e9trage en tant que pianiste et acteur.<br \/>\n&#8211; 2 Pi\u00e8ces pour Orchestre Symphonique dans le cadre du CNSMDP en mars 2014 et mars 2015.<br \/>\n&#8211; Professeur dans divers stages d\u2019initiation au Jazz (Les enfants du Jazz \u00e0 Barcelonnette, l\u2019Acad\u00e9mie de Jazz \u00e0 Vienne).<br \/>\n&#8211; Laur\u00e9at du Dispositif Jazz Migration en 2019: tourn\u00e9e Europ\u00e9enne (France, Suisse, Finlande, Italie, Allemagne, Hongrie).<br \/>\n&#8211; Participation au \u00ab French Quarter \u00bb organis\u00e9 par Paris Jazz Club \u00e0 New-York en Montr\u00e9al en janvier 2019.<br \/>\n&#8211; Enseignant de la classe de piano jazz au conservatoire de Montrouge depuis janvier 2017.<\/p>\n<p style=\"text-align: center;\"><iframe loading=\"lazy\" title=\"YouTube video player\" src=\"https:\/\/www.youtube.com\/embed\/RPH_fJidkxo?si=5CYlxixjJrrKcDLU\" width=\"560\" height=\"315\" frameborder=\"0\" allowfullscreen=\"allowfullscreen\"><\/iframe><\/p>\n<div id='gallery-1' class='gallery galleryid-13766 gallery-columns-3 gallery-size-thumbnail'><figure class='gallery-item'>\n\t\t\t<div class='gallery-icon landscape'>\n\t\t\t\t<a href='http:\/\/www.19paulfort.com\/galerie\/index.php\/2025\/09\/16\/carniel-enzo\/carnielmedioni\/'><img loading=\"lazy\" decoding=\"async\" width=\"150\" height=\"150\" src=\"http:\/\/www.19paulfort.com\/galerie\/wp-content\/uploads\/2025\/09\/carnielmedioni-150x150.jpg\" class=\"attachment-thumbnail size-thumbnail\" alt=\"\" aria-describedby=\"gallery-1-13814\" \/><\/a>\n\t\t\t<\/div>\n\t\t\t\t<figcaption class='wp-caption-text gallery-caption' id='gallery-1-13814'>\n\t\t\t\tDuo Jazz po\u00e9sie Enzo Carniel piano &#8211; Franck M\u00e9dioni, lecture, le 25\/09\/25 au 19PaulFort\n\t\t\t\t<\/figcaption><\/figure><figure class='gallery-item'>\n\t\t\t<div class='gallery-icon landscape'>\n\t\t\t\t<a href='http:\/\/www.19paulfort.com\/galerie\/index.php\/2025\/09\/16\/carniel-enzo\/carniel3\/'><img loading=\"lazy\" decoding=\"async\" width=\"150\" height=\"150\" src=\"http:\/\/www.19paulfort.com\/galerie\/wp-content\/uploads\/2025\/09\/carniel3-150x150.jpg\" class=\"attachment-thumbnail size-thumbnail\" alt=\"\" \/><\/a>\n\t\t\t<\/div><\/figure><figure class='gallery-item'>\n\t\t\t<div class='gallery-icon landscape'>\n\t\t\t\t<a href='http:\/\/www.19paulfort.com\/galerie\/index.php\/2025\/09\/16\/carniel-enzo\/carniel4\/'><img loading=\"lazy\" decoding=\"async\" width=\"150\" height=\"150\" src=\"http:\/\/www.19paulfort.com\/galerie\/wp-content\/uploads\/2025\/09\/carniel4-150x150.jpg\" class=\"attachment-thumbnail size-thumbnail\" alt=\"\" \/><\/a>\n\t\t\t<\/div><\/figure><figure class='gallery-item'>\n\t\t\t<div class='gallery-icon landscape'>\n\t\t\t\t<a href='http:\/\/www.19paulfort.com\/galerie\/index.php\/2025\/09\/16\/carniel-enzo\/carniel5\/'><img loading=\"lazy\" decoding=\"async\" width=\"150\" height=\"150\" src=\"http:\/\/www.19paulfort.com\/galerie\/wp-content\/uploads\/2025\/09\/carniel5-150x150.jpg\" class=\"attachment-thumbnail size-thumbnail\" alt=\"\" \/><\/a>\n\t\t\t<\/div><\/figure><figure class='gallery-item'>\n\t\t\t<div class='gallery-icon portrait'>\n\t\t\t\t<a href='http:\/\/www.19paulfort.com\/galerie\/index.php\/2025\/09\/16\/carniel-enzo\/carniel6\/'><img loading=\"lazy\" decoding=\"async\" width=\"150\" height=\"150\" src=\"http:\/\/www.19paulfort.com\/galerie\/wp-content\/uploads\/2025\/09\/carniel6-150x150.jpg\" class=\"attachment-thumbnail size-thumbnail\" alt=\"\" \/><\/a>\n\t\t\t<\/div><\/figure><figure class='gallery-item'>\n\t\t\t<div class='gallery-icon landscape'>\n\t\t\t\t<a href='http:\/\/www.19paulfort.com\/galerie\/index.php\/2025\/09\/16\/carniel-enzo\/carniel7\/'><img loading=\"lazy\" decoding=\"async\" width=\"150\" height=\"150\" src=\"http:\/\/www.19paulfort.com\/galerie\/wp-content\/uploads\/2025\/09\/carniel7-150x150.jpg\" class=\"attachment-thumbnail size-thumbnail\" alt=\"\" \/><\/a>\n\t\t\t<\/div><\/figure><figure class='gallery-item'>\n\t\t\t<div class='gallery-icon landscape'>\n\t\t\t\t<a href='http:\/\/www.19paulfort.com\/galerie\/index.php\/2025\/09\/16\/carniel-enzo\/carniel8\/'><img loading=\"lazy\" decoding=\"async\" width=\"150\" height=\"150\" src=\"http:\/\/www.19paulfort.com\/galerie\/wp-content\/uploads\/2025\/09\/carniel8-150x150.jpeg\" class=\"attachment-thumbnail size-thumbnail\" alt=\"\" \/><\/a>\n\t\t\t<\/div><\/figure><figure class='gallery-item'>\n\t\t\t<div class='gallery-icon portrait'>\n\t\t\t\t<a href='http:\/\/www.19paulfort.com\/galerie\/index.php\/2025\/09\/16\/carniel-enzo\/carniel9\/'><img loading=\"lazy\" decoding=\"async\" width=\"150\" height=\"150\" src=\"http:\/\/www.19paulfort.com\/galerie\/wp-content\/uploads\/2025\/09\/carniel9-150x150.jpg\" class=\"attachment-thumbnail size-thumbnail\" alt=\"\" \/><\/a>\n\t\t\t<\/div><\/figure><figure class='gallery-item'>\n\t\t\t<div class='gallery-icon landscape'>\n\t\t\t\t<a href='http:\/\/www.19paulfort.com\/galerie\/index.php\/2025\/09\/16\/carniel-enzo\/img-20250926-wa0000\/'><img loading=\"lazy\" decoding=\"async\" width=\"150\" height=\"150\" src=\"http:\/\/www.19paulfort.com\/galerie\/wp-content\/uploads\/2025\/09\/IMG-20250926-WA0000-150x150.jpg\" class=\"attachment-thumbnail size-thumbnail\" alt=\"\" \/><\/a>\n\t\t\t<\/div><\/figure><figure class='gallery-item'>\n\t\t\t<div class='gallery-icon portrait'>\n\t\t\t\t<a href='http:\/\/www.19paulfort.com\/galerie\/index.php\/2025\/09\/16\/carniel-enzo\/img-20250926-wa0001\/'><img loading=\"lazy\" decoding=\"async\" width=\"150\" height=\"150\" src=\"http:\/\/www.19paulfort.com\/galerie\/wp-content\/uploads\/2025\/09\/IMG-20250926-WA0001-150x150.jpg\" class=\"attachment-thumbnail size-thumbnail\" alt=\"\" \/><\/a>\n\t\t\t<\/div><\/figure><figure class='gallery-item'>\n\t\t\t<div class='gallery-icon portrait'>\n\t\t\t\t<a href='http:\/\/www.19paulfort.com\/galerie\/index.php\/2025\/09\/16\/carniel-enzo\/img-20250926-wa0002\/'><img loading=\"lazy\" decoding=\"async\" width=\"150\" height=\"150\" src=\"http:\/\/www.19paulfort.com\/galerie\/wp-content\/uploads\/2025\/09\/IMG-20250926-WA0002-150x150.jpg\" class=\"attachment-thumbnail size-thumbnail\" alt=\"\" \/><\/a>\n\t\t\t<\/div><\/figure><figure class='gallery-item'>\n\t\t\t<div class='gallery-icon portrait'>\n\t\t\t\t<a href='http:\/\/www.19paulfort.com\/galerie\/index.php\/2025\/09\/16\/carniel-enzo\/img-20250926-wa0004\/'><img loading=\"lazy\" decoding=\"async\" width=\"150\" height=\"150\" src=\"http:\/\/www.19paulfort.com\/galerie\/wp-content\/uploads\/2025\/09\/IMG-20250926-WA0004-150x150.jpg\" class=\"attachment-thumbnail size-thumbnail\" alt=\"\" \/><\/a>\n\t\t\t<\/div><\/figure><figure class='gallery-item'>\n\t\t\t<div class='gallery-icon portrait'>\n\t\t\t\t<a href='http:\/\/www.19paulfort.com\/galerie\/index.php\/2025\/09\/16\/carniel-enzo\/img-20250926-wa0005\/'><img loading=\"lazy\" decoding=\"async\" width=\"150\" height=\"150\" src=\"http:\/\/www.19paulfort.com\/galerie\/wp-content\/uploads\/2025\/09\/IMG-20250926-WA0005-150x150.jpg\" class=\"attachment-thumbnail size-thumbnail\" alt=\"\" \/><\/a>\n\t\t\t<\/div><\/figure>\n\t\t<\/div>\n\n<hr \/>\n<p style=\"text-align: justify;\"><strong>Cet artiste a particip\u00e9 au 19PaulFort \u00e0 :<\/strong><br \/>\n<strong>&gt; <a href=\"https:\/\/www.19paulfort.com\/galerie\/index.php\/2025\/09\/15\/09-25-septembre\/\" target=\"_blank\" rel=\"noopener\">Une soir\u00e9e \u00ab\u00a0Jazz et po\u00e9sie\u00a0\u00bb avec le hjournaliste et \u00e9crivain Franck M\u00e9dioni, le 25 septembre 2025<\/a><\/strong><\/p>\n","protected":false},"excerpt":{"rendered":"<p>Enzo CARNIEL Pianiste jazz, compositeur, enseignant N\u00e9 le 27\/01\/87 \u00e0 la Seyne sur mer (83), France. \u00c9DUCATION &#8211; Bac Scientifique en 2005 &#8211; 5 ann\u00e9es d\u2019\u00e9tudes \u00e0 la facult\u00e9 de m\u00e9decine de la Timone (Marseille) avant de rentrer dans la classe de Jazz et Musiques improvis\u00e9es du CNSMDP. &#8211; M\u00e9daill\u00e9 d\u2019or au conservatoire de Marseille&hellip;<a href=\"http:\/\/www.19paulfort.com\/galerie\/index.php\/2025\/09\/16\/carniel-enzo\/\" class=\"more-link\">Continue reading <span class=\"screen-reader-text\">CARNIEL Enzo \u2022<\/span><\/a><\/p>\n","protected":false},"author":1,"featured_media":0,"comment_status":"closed","ping_status":"closed","sticky":false,"template":"","format":"standard","meta":{"footnotes":""},"categories":[18,26,20,19],"tags":[],"class_list":["post-13766","post","type-post","status-publish","format-standard","hentry","category-artistes-invites","category-musiciens-compositeurs","category-par-nom","category-par-pratique-artistique"],"_links":{"self":[{"href":"http:\/\/www.19paulfort.com\/galerie\/index.php\/wp-json\/wp\/v2\/posts\/13766","targetHints":{"allow":["GET"]}}],"collection":[{"href":"http:\/\/www.19paulfort.com\/galerie\/index.php\/wp-json\/wp\/v2\/posts"}],"about":[{"href":"http:\/\/www.19paulfort.com\/galerie\/index.php\/wp-json\/wp\/v2\/types\/post"}],"author":[{"embeddable":true,"href":"http:\/\/www.19paulfort.com\/galerie\/index.php\/wp-json\/wp\/v2\/users\/1"}],"replies":[{"embeddable":true,"href":"http:\/\/www.19paulfort.com\/galerie\/index.php\/wp-json\/wp\/v2\/comments?post=13766"}],"version-history":[{"count":10,"href":"http:\/\/www.19paulfort.com\/galerie\/index.php\/wp-json\/wp\/v2\/posts\/13766\/revisions"}],"predecessor-version":[{"id":13839,"href":"http:\/\/www.19paulfort.com\/galerie\/index.php\/wp-json\/wp\/v2\/posts\/13766\/revisions\/13839"}],"wp:attachment":[{"href":"http:\/\/www.19paulfort.com\/galerie\/index.php\/wp-json\/wp\/v2\/media?parent=13766"}],"wp:term":[{"taxonomy":"category","embeddable":true,"href":"http:\/\/www.19paulfort.com\/galerie\/index.php\/wp-json\/wp\/v2\/categories?post=13766"},{"taxonomy":"post_tag","embeddable":true,"href":"http:\/\/www.19paulfort.com\/galerie\/index.php\/wp-json\/wp\/v2\/tags?post=13766"}],"curies":[{"name":"wp","href":"https:\/\/api.w.org\/{rel}","templated":true}]}}