{"id":13860,"date":"2025-10-07T18:22:06","date_gmt":"2025-10-07T17:22:06","guid":{"rendered":"https:\/\/www.19paulfort.com\/galerie\/?p=13860"},"modified":"2025-10-18T07:32:40","modified_gmt":"2025-10-18T06:32:40","slug":"lavergne-christophe","status":"publish","type":"post","link":"http:\/\/www.19paulfort.com\/galerie\/index.php\/2025\/10\/07\/lavergne-christophe\/","title":{"rendered":"LAVERGNE Christophe \u2022"},"content":{"rendered":"<h1><img loading=\"lazy\" decoding=\"async\" class=\"aligncenter size-full wp-image-13899\" src=\"http:\/\/www.19paulfort.com\/galerie\/wp-content\/uploads\/2025\/10\/lavergne.jpg\" alt=\"\" width=\"1200\" height=\"1600\" srcset=\"http:\/\/www.19paulfort.com\/galerie\/wp-content\/uploads\/2025\/10\/lavergne.jpg 1200w, http:\/\/www.19paulfort.com\/galerie\/wp-content\/uploads\/2025\/10\/lavergne-225x300.jpg 225w, http:\/\/www.19paulfort.com\/galerie\/wp-content\/uploads\/2025\/10\/lavergne-768x1024.jpg 768w, http:\/\/www.19paulfort.com\/galerie\/wp-content\/uploads\/2025\/10\/lavergne-1152x1536.jpg 1152w, http:\/\/www.19paulfort.com\/galerie\/wp-content\/uploads\/2025\/10\/lavergne-750x1000.jpg 750w\" sizes=\"auto, (max-width: 1200px) 100vw, 1200px\" \/>Christophe Lavergne<\/h1>\n<p class=\"p1\"><strong>Batterie et percussions<\/strong><\/p>\n<p style=\"text-align: justify;\">Vit en France. Christophe Lavergne \u00e9tudie les percussions classique au conservatoire de Nantes puis part \u00e0 New York suivre des cours \u00e0 la \u00ab New School \u00bb et \u00e0 \u00ab Jazz Mobile \u00bb en 1990\/1991. Il a alors l&rsquo;occasion d&rsquo;\u00e9tudier avec Billy Hart, Marvin Smitty Smith, Charlie Persip, Mike Clarke et Adam Nussbaum. Ancr\u00e9 dans la tradition du jazz Afro Am\u00e9ricain, il reste tr\u00e8s influenc\u00e9 par ses diff\u00e9rentes collaborations fran\u00e7aise et notamment celles men\u00e9es avec les groupes Th\u00f4t , Cathala Trio, Sclavis Trio Quartet et Quintet, Coronado, Darche , A.Emler, S.H\u00e9lary , S.Murcia, etc.<br \/>\nAdepte aussi bien de la petite formule (Chevallier Trio ) que du large ensemble (Gros Cube) du symphonique (M\u00e9gapolis de G.St James) et des m\u00e9langes de cultures (Sabar Ring, P. Katerine, Lionne, Glowing Life), il devient au fil des ann\u00e9es l&rsquo;un des batteurs les plus demand\u00e9s sur la sc\u00e8ne du jazz hexagonal, et a collabor\u00e9 avec de nombreux musiciens sur la sc\u00e8ne internationale : Ronan Guilfoyle, Tommy Halferty, Mickael Buckley, Chris. Brubeck, Tom Arthurs, Norma Winston, Ravi Coltrane, Drew Gress, G.Haynes D.Douglas, M. Manieri&#8230; Il est actuellement membre de l\u2019Orchestre National de Jazz dirig\u00e9e par Sylvaine H\u00e9lary, et batteur des formations de Louis Sclavis , de David Chevallier, Sarah Murcia, Sylvain Cathala, Gilles Coronado , etc.<br \/>\n<em>\u00ab Christophe Lavergne \u00ab joue \u00bb de la batterie. Inutile de parler de la qualit\u00e9 fantastique et rare de son jeu: plus int\u00e9ressant est de parler de lui, de dire que le mot \u00abjeu\u00bb est livr\u00e9 ici au sens premier: sa batterie est un outil toujours cr\u00e9atif dans ses mains et ses pieds. Dispositif sans cesse renouvel\u00e9, essayant toujours de trouver l\u2019\u00e9quilibre pour servir le son de la musique et du groupe au moment o\u00f9 celle-ci est jou\u00e9e. Je l&rsquo;ai entendu maintes fois et ce dans de nombreux groupes diff\u00e9rents, et toujours ses mouvements semblaient marquer un acte musical unique.\u00bb<\/em>\u00a0Thierry Br\u00e9hier, France 3<\/p>\n<hr \/>\n<p style=\"text-align: justify;\"><strong>Cet artiste a particip\u00e9 au 19PaulFort \u00e0 :<\/strong><\/p>\n<p>&gt; <a href=\"https:\/\/www.19paulfort.com\/galerie\/index.php\/2025\/10\/07\/13864\/\" target=\"_blank\" rel=\"noopener\">Un concert en quintet de Louis Sclavis, INDIA, le 15 octobre 2025<\/a><\/p>\n","protected":false},"excerpt":{"rendered":"<p>Christophe Lavergne Batterie et percussions Vit en France. Christophe Lavergne \u00e9tudie les percussions classique au conservatoire de Nantes puis part \u00e0 New York suivre des cours \u00e0 la \u00ab New School \u00bb et \u00e0 \u00ab Jazz Mobile \u00bb en 1990\/1991. Il a alors l&rsquo;occasion d&rsquo;\u00e9tudier avec Billy Hart, Marvin Smitty Smith, Charlie Persip, Mike Clarke&hellip;<a href=\"http:\/\/www.19paulfort.com\/galerie\/index.php\/2025\/10\/07\/lavergne-christophe\/\" class=\"more-link\">Continue reading <span class=\"screen-reader-text\">LAVERGNE Christophe \u2022<\/span><\/a><\/p>\n","protected":false},"author":1,"featured_media":0,"comment_status":"closed","ping_status":"closed","sticky":false,"template":"","format":"standard","meta":{"footnotes":""},"categories":[18,26,20,19],"tags":[],"class_list":["post-13860","post","type-post","status-publish","format-standard","hentry","category-artistes-invites","category-musiciens-compositeurs","category-par-nom","category-par-pratique-artistique"],"_links":{"self":[{"href":"http:\/\/www.19paulfort.com\/galerie\/index.php\/wp-json\/wp\/v2\/posts\/13860","targetHints":{"allow":["GET"]}}],"collection":[{"href":"http:\/\/www.19paulfort.com\/galerie\/index.php\/wp-json\/wp\/v2\/posts"}],"about":[{"href":"http:\/\/www.19paulfort.com\/galerie\/index.php\/wp-json\/wp\/v2\/types\/post"}],"author":[{"embeddable":true,"href":"http:\/\/www.19paulfort.com\/galerie\/index.php\/wp-json\/wp\/v2\/users\/1"}],"replies":[{"embeddable":true,"href":"http:\/\/www.19paulfort.com\/galerie\/index.php\/wp-json\/wp\/v2\/comments?post=13860"}],"version-history":[{"count":6,"href":"http:\/\/www.19paulfort.com\/galerie\/index.php\/wp-json\/wp\/v2\/posts\/13860\/revisions"}],"predecessor-version":[{"id":13902,"href":"http:\/\/www.19paulfort.com\/galerie\/index.php\/wp-json\/wp\/v2\/posts\/13860\/revisions\/13902"}],"wp:attachment":[{"href":"http:\/\/www.19paulfort.com\/galerie\/index.php\/wp-json\/wp\/v2\/media?parent=13860"}],"wp:term":[{"taxonomy":"category","embeddable":true,"href":"http:\/\/www.19paulfort.com\/galerie\/index.php\/wp-json\/wp\/v2\/categories?post=13860"},{"taxonomy":"post_tag","embeddable":true,"href":"http:\/\/www.19paulfort.com\/galerie\/index.php\/wp-json\/wp\/v2\/tags?post=13860"}],"curies":[{"name":"wp","href":"https:\/\/api.w.org\/{rel}","templated":true}]}}