{"id":14116,"date":"2025-12-03T15:37:15","date_gmt":"2025-12-03T14:37:15","guid":{"rendered":"https:\/\/www.19paulfort.com\/galerie\/?p=14116"},"modified":"2025-12-18T10:28:15","modified_gmt":"2025-12-18T09:28:15","slug":"levin-daniel","status":"publish","type":"post","link":"http:\/\/www.19paulfort.com\/galerie\/index.php\/2025\/12\/03\/levin-daniel\/","title":{"rendered":"LEVIN Daniel \u2022"},"content":{"rendered":"<h1><img loading=\"lazy\" decoding=\"async\" class=\"aligncenter size-full wp-image-14166\" src=\"http:\/\/www.19paulfort.com\/galerie\/wp-content\/uploads\/2025\/12\/levin.jpg\" alt=\"\" width=\"1200\" height=\"1600\" srcset=\"http:\/\/www.19paulfort.com\/galerie\/wp-content\/uploads\/2025\/12\/levin.jpg 1200w, http:\/\/www.19paulfort.com\/galerie\/wp-content\/uploads\/2025\/12\/levin-225x300.jpg 225w, http:\/\/www.19paulfort.com\/galerie\/wp-content\/uploads\/2025\/12\/levin-768x1024.jpg 768w, http:\/\/www.19paulfort.com\/galerie\/wp-content\/uploads\/2025\/12\/levin-1152x1536.jpg 1152w, http:\/\/www.19paulfort.com\/galerie\/wp-content\/uploads\/2025\/12\/levin-750x1000.jpg 750w\" sizes=\"auto, (max-width: 1200px) 100vw, 1200px\" \/><br \/>\nDaniel LEVIN<\/h1>\n<p><strong>Violoncelle<\/strong><\/p>\n<p><img loading=\"lazy\" decoding=\"async\" class=\"alignleft wp-image-14111 size-medium\" src=\"http:\/\/www.19paulfort.com\/galerie\/wp-content\/uploads\/2025\/12\/Daniel-LevinBIS-JPEG-242x300.jpg\" alt=\"\" width=\"242\" height=\"300\" srcset=\"http:\/\/www.19paulfort.com\/galerie\/wp-content\/uploads\/2025\/12\/Daniel-LevinBIS-JPEG-242x300.jpg 242w, http:\/\/www.19paulfort.com\/galerie\/wp-content\/uploads\/2025\/12\/Daniel-LevinBIS-JPEG.jpg 484w\" sizes=\"auto, (max-width: 242px) 100vw, 242px\" \/><\/p>\n<p style=\"text-align: justify;\">L<span style=\"text-align: justify;\">e violoncelliste Daniel Levin est \u00ab l&rsquo;un des interpr\u00e8tes contemporains les plus brillants de cet instrument \u00bb (The Wire). N\u00e9 \u00e0 Burlington, dans le Vermont, il commence \u00e0 jouer du violoncelle \u00e0 l&rsquo;\u00e2ge de six ans. En 2001, il obtient un dipl\u00f4me en \u00e9tudes jazzistiques au New England Conservatory of Music et fait peu apr\u00e8s son entr\u00e9e sur la sc\u00e8ne jazz new-yorkaise. Depuis lors, Daniel a d\u00e9velopp\u00e9 sa propre voix distinctive en tant que violoncelliste, improvisateur et compositeur. Ed Hazell a not\u00e9 \u00e0 la sortie du premier album de Levin en tant que leader : \u00ab Le violoncelliste Daniel Levin est une nouvelle voix majeure dans son instrument et dans la musique improvis\u00e9e. \u00bb Des \u00e9l\u00e9ments de musique classique europ\u00e9enne, de jazz am\u00e9ricain, de musique microtonale et nouvelle, ainsi que d&rsquo;improvisation libre europ\u00e9enne figurent tous en bonne place dans sa sonorit\u00e9 unique. \u2028Il s&rsquo;est produit \u00e0 de nombreuses reprises aux \u00c9tats-Unis et en Europe, et a enregistr\u00e9 plus de 20 albums en tant que leader ou co-leader, disponibles chez Clean Feed, HatOLOGY, Not Two, Trost, Riti, Mahakala, eyes &amp; ears et divers autres labels..<\/span><\/p>\n<hr \/>\n<p style=\"text-align: justify;\"><strong>Cet artiste a particip\u00e9 au 19PaulFort \u00e0<\/strong> :<\/p>\n<p><strong>&gt; <a href=\"https:\/\/www.19paulfort.com\/galerie\/index.php\/2025\/12\/03\/12-16-decembre-concert-daniel-levin-violoncelle-mat-maneri-violon-alto\/\" target=\"_blank\" rel=\"noopener\">Un concert avec le violoniste Mat Maneri, le 16 d\u00e9cembre 2025<\/a><\/strong><\/p>\n","protected":false},"excerpt":{"rendered":"<p>Daniel LEVIN Violoncelle Le violoncelliste Daniel Levin est \u00ab l&rsquo;un des interpr\u00e8tes contemporains les plus brillants de cet instrument \u00bb (The Wire). N\u00e9 \u00e0 Burlington, dans le Vermont, il commence \u00e0 jouer du violoncelle \u00e0 l&rsquo;\u00e2ge de six ans. En 2001, il obtient un dipl\u00f4me en \u00e9tudes jazzistiques au New England Conservatory of Music et&hellip;<a href=\"http:\/\/www.19paulfort.com\/galerie\/index.php\/2025\/12\/03\/levin-daniel\/\" class=\"more-link\">Continue reading <span class=\"screen-reader-text\">LEVIN Daniel \u2022<\/span><\/a><\/p>\n","protected":false},"author":1,"featured_media":0,"comment_status":"closed","ping_status":"closed","sticky":false,"template":"","format":"standard","meta":{"footnotes":""},"categories":[18,26,20,19],"tags":[],"class_list":["post-14116","post","type-post","status-publish","format-standard","hentry","category-artistes-invites","category-musiciens-compositeurs","category-par-nom","category-par-pratique-artistique"],"_links":{"self":[{"href":"http:\/\/www.19paulfort.com\/galerie\/index.php\/wp-json\/wp\/v2\/posts\/14116","targetHints":{"allow":["GET"]}}],"collection":[{"href":"http:\/\/www.19paulfort.com\/galerie\/index.php\/wp-json\/wp\/v2\/posts"}],"about":[{"href":"http:\/\/www.19paulfort.com\/galerie\/index.php\/wp-json\/wp\/v2\/types\/post"}],"author":[{"embeddable":true,"href":"http:\/\/www.19paulfort.com\/galerie\/index.php\/wp-json\/wp\/v2\/users\/1"}],"replies":[{"embeddable":true,"href":"http:\/\/www.19paulfort.com\/galerie\/index.php\/wp-json\/wp\/v2\/comments?post=14116"}],"version-history":[{"count":7,"href":"http:\/\/www.19paulfort.com\/galerie\/index.php\/wp-json\/wp\/v2\/posts\/14116\/revisions"}],"predecessor-version":[{"id":14168,"href":"http:\/\/www.19paulfort.com\/galerie\/index.php\/wp-json\/wp\/v2\/posts\/14116\/revisions\/14168"}],"wp:attachment":[{"href":"http:\/\/www.19paulfort.com\/galerie\/index.php\/wp-json\/wp\/v2\/media?parent=14116"}],"wp:term":[{"taxonomy":"category","embeddable":true,"href":"http:\/\/www.19paulfort.com\/galerie\/index.php\/wp-json\/wp\/v2\/categories?post=14116"},{"taxonomy":"post_tag","embeddable":true,"href":"http:\/\/www.19paulfort.com\/galerie\/index.php\/wp-json\/wp\/v2\/tags?post=14116"}],"curies":[{"name":"wp","href":"https:\/\/api.w.org\/{rel}","templated":true}]}}