{"id":1540,"date":"2016-06-01T15:03:04","date_gmt":"2016-06-01T14:03:04","guid":{"rendered":"http:\/\/www.19paulfort.com\/galerie\/?p=1540"},"modified":"2025-03-04T11:56:33","modified_gmt":"2025-03-04T10:56:33","slug":"exposition-jazz-inedits-gilles-rigoulet-du-11-au-28-sept-2014","status":"publish","type":"post","link":"http:\/\/www.19paulfort.com\/galerie\/index.php\/2016\/06\/01\/exposition-jazz-inedits-gilles-rigoulet-du-11-au-28-sept-2014\/","title":{"rendered":"09 &#8211; 11 \/ 28 septembre &#8211; Exposition &#8211; \u00ab\u00a0Jazz-in\u00e9dits\u00a0\u00bb Gilles Rigoulet &#8211;"},"content":{"rendered":"<h1>Exposition \u00ab\u00a0Jazz -in\u00e9dits\u00a0\u00bb<\/h1>\n<p><strong>Gilles Rigoulet<br \/>\n<\/strong><strong>Photographe<br \/>\n<\/strong><br \/>\n<strong> du 11 au 28 septembre 2014<\/strong><\/p>\n<p style=\"text-align: justify;\">\u00a0\u201cDu milieu des ann\u00e9es 70 \u00e0 la fin 90, j\u2019ai r\u00e9alis\u00e9 des images de musiciens de jazz, au gr\u00e9 de mes voyages aux Etats-Unis et au Canada. En France, un ami passionn\u00e9, Serge Bolor\u00e9, m\u2019entra\u00eenait dans les meilleurs concerts du moment.<\/p>\n<div class=\"page\" title=\"Page 1\">\n<div class=\"layoutArea\">\n<div class=\"column\">\n<p style=\"text-align: justify;\">Durant ces ann\u00e9es-l\u00e0, nous pouvions faire des photos en toute libert\u00e9, parler avec les musiciens entre deux sets. Il m\u2019est arriv\u00e9 de d\u00e9barquer dans la loge de Dizzy \u00e0 New York, faire des images, discuter avec lui alors qu\u2019il chauffait sa trompette. Une fois, Jimmy Smith s\u2019est arr\u00eat\u00e9 de jouer, par jeu avec mon appareil photo, juste pour plaisanter.<\/p>\n<p style=\"text-align: justify;\">A l\u2019\u00e9poque, je publiais des reportages dans la grande presse magazine. Mais je n\u2019ai jamais voulu publier les photos de jazz. Le jazz, c\u2019\u00e9tait \u201cpour moi\u201d. Aucune photo n\u2019est parue dans la presse.<\/p>\n<p style=\"text-align: justify;\">Pendant plus de vingt ans, j\u2019ai accumul\u00e9 les n\u00e9gatifs n&amp;b des grands noms du jazz. Je ne d\u00e9veloppais pas toujours les films. Je pouvais attendre plusieurs ann\u00e9es avant de tirer quelques images pour les accrocher aux murs.<\/p>\n<p style=\"text-align: justify;\">Puis, un jour, je me suis mis \u00e0 \u00e9couter d\u2019autres musiques et le classeur jazz est rest\u00e9 sagement rang\u00e9 sur les \u00e9tag\u00e8res. Jusqu\u2019\u00e0 maintenant&#8230;<\/p>\n<p style=\"text-align: justify;\">Lors d\u2019une discussion avec H\u00e9l\u00e8ne et son amour du jazz, j\u2019ai senti qu\u2019il fallait redonner vie \u00e0 ces images totalement in\u00e9dites.<\/p>\n<p style=\"text-align: right;\"><strong>Gilles Rigoulet, 23 Juin 2014<\/strong><\/p>\n<p><img loading=\"lazy\" decoding=\"async\" class=\"aligncenter\" src=\"http:\/\/www.19paulfort.com\/images\/stories\/expositions\/JazzETagesRigoulet\/Jazzetages.jpg\" alt=\"\" width=\"588\" height=\"825\" border=\"0\" \/><\/p>\n<div class=\"page\" title=\"Page 1\">\n<div class=\"layoutArea\">\n<div class=\"column\">\n<p>Archie Shepp 77, Miles Davis 83, 88, Dizzy Gillespie 83, Jimmy Smith 88&#8230;.<\/p>\n<p>Un ensemble d\u2019images in\u00e9dites gard\u00e9es dans des classeurs pendant plus de trente ans!!!<\/p>\n<p style=\"text-align: justify;\">Ces in\u00e9dits exceptionnels sont l\u2019\u0153uvre non seulement d\u2019un passionn\u00e9 de jazz mais celle d\u2019un reporter photographe \u00e0 l\u2019\u0153il \u00ab pointu \u00bb : Gilles Rigoulet.<br \/>\nGilles a \u00e9t\u00e9 le premier photographe \u00e0 avoir ses photos publi\u00e9es dans le journal<br \/>\nLe Monde. Il a \u00e9t\u00e9 tr\u00e8s pr\u00e9sent dans toute la presse fran\u00e7aise, internationale, que ce soit les quotidiens, les magazines&#8230;\u00a0depuis 35 ans !<\/p>\n<p>Ces photos enrichissent admirablement l\u2019iconographie du monde du jazz.<\/p>\n<p>Cet ensemble d\u2019images est montr\u00e9 pour la premi\u00e8re fois dans une exposition intitul\u00e9e \u00ab Jazz-In\u00e9dits \u00bb chez H\u00e9l\u00e8ne Aziza, 19 rue Paul Fort 75014.<\/p>\n<p>Gilles Rigoulet vient de ressortir de ses archives une s\u00e9rie d\u2019images rares sur la piscine Molitor<br \/>\nimages utilis\u00e9es pour la d\u00e9coration de \u00ab l\u2019h\u00f4tel Piscine Molitor \u00bb et publi\u00e9es dans<\/p>\n<p>Le Monde M (mai 2104).<br \/>\nUn autre th\u00e8me trait\u00e9 par Gilles et qui fera l\u2019objet de la sortie d\u2019un livre en novembre 2014 :<br \/>\n\u00ab les Rockabilly \u00bb, photos prises en 1982, uniques dans le monde du Rock.<\/p>\n<p>Liste des musiciens photographi\u00e9s :<br \/>\n<img loading=\"lazy\" decoding=\"async\" class=\"aligncenter\" src=\"http:\/\/www.19paulfort.com\/images\/stories\/expositions\/JazzETagesRigoulet\/Listemusiciens.jpg\" alt=\"\" width=\"581\" height=\"636\" border=\"0\" \/><\/p>\n<\/div>\n<\/div>\n<\/div>\n<\/div>\n<\/div>\n<\/div>\n<hr \/>\n<p>&gt; <a href=\"http:\/\/www.19paulfort.com\/galerie\/index.php\/2016\/05\/24\/rigoulet-gilles\">Voir la fiche de Gilles Rigoulet<\/a><\/p>\n<p>&nbsp;<\/p>\n<p>&nbsp;<\/p>\n<p>&nbsp;<\/p>\n","protected":false},"excerpt":{"rendered":"<p>Exposition \u00ab\u00a0Jazz -in\u00e9dits\u00a0\u00bb Gilles Rigoulet Photographe du 11 au 28 septembre 2014 \u00a0\u201cDu milieu des ann\u00e9es 70 \u00e0 la fin 90, j\u2019ai r\u00e9alis\u00e9 des images de musiciens de jazz, au gr\u00e9 de mes voyages aux Etats-Unis et au Canada. En France, un ami passionn\u00e9, Serge Bolor\u00e9, m\u2019entra\u00eenait dans les meilleurs concerts du moment. Durant ces&hellip;<a href=\"http:\/\/www.19paulfort.com\/galerie\/index.php\/2016\/06\/01\/exposition-jazz-inedits-gilles-rigoulet-du-11-au-28-sept-2014\/\" class=\"more-link\">Continue reading <span class=\"screen-reader-text\">09 &#8211; 11 \/ 28 septembre &#8211; Exposition &#8211; \u00ab\u00a0Jazz-in\u00e9dits\u00a0\u00bb Gilles Rigoulet &#8211;<\/span><\/a><\/p>\n","protected":false},"author":1,"featured_media":0,"comment_status":"closed","ping_status":"closed","sticky":false,"template":"","format":"standard","meta":{"footnotes":""},"categories":[11,7,16],"tags":[],"class_list":["post-1540","post","type-post","status-publish","format-standard","hentry","category-evenements-2014","category-evenements-passes","category-expositions"],"_links":{"self":[{"href":"http:\/\/www.19paulfort.com\/galerie\/index.php\/wp-json\/wp\/v2\/posts\/1540","targetHints":{"allow":["GET"]}}],"collection":[{"href":"http:\/\/www.19paulfort.com\/galerie\/index.php\/wp-json\/wp\/v2\/posts"}],"about":[{"href":"http:\/\/www.19paulfort.com\/galerie\/index.php\/wp-json\/wp\/v2\/types\/post"}],"author":[{"embeddable":true,"href":"http:\/\/www.19paulfort.com\/galerie\/index.php\/wp-json\/wp\/v2\/users\/1"}],"replies":[{"embeddable":true,"href":"http:\/\/www.19paulfort.com\/galerie\/index.php\/wp-json\/wp\/v2\/comments?post=1540"}],"version-history":[{"count":8,"href":"http:\/\/www.19paulfort.com\/galerie\/index.php\/wp-json\/wp\/v2\/posts\/1540\/revisions"}],"predecessor-version":[{"id":13127,"href":"http:\/\/www.19paulfort.com\/galerie\/index.php\/wp-json\/wp\/v2\/posts\/1540\/revisions\/13127"}],"wp:attachment":[{"href":"http:\/\/www.19paulfort.com\/galerie\/index.php\/wp-json\/wp\/v2\/media?parent=1540"}],"wp:term":[{"taxonomy":"category","embeddable":true,"href":"http:\/\/www.19paulfort.com\/galerie\/index.php\/wp-json\/wp\/v2\/categories?post=1540"},{"taxonomy":"post_tag","embeddable":true,"href":"http:\/\/www.19paulfort.com\/galerie\/index.php\/wp-json\/wp\/v2\/tags?post=1540"}],"curies":[{"name":"wp","href":"https:\/\/api.w.org\/{rel}","templated":true}]}}