{"id":1555,"date":"2016-06-01T14:41:14","date_gmt":"2016-06-01T13:41:14","guid":{"rendered":"http:\/\/www.19paulfort.com\/galerie\/?p=1555"},"modified":"2025-03-04T17:54:11","modified_gmt":"2025-03-04T16:54:11","slug":"concert-la-nuit-hallucinee-opera-radiophonique-de-sebastian-rivas-mars-2013","status":"publish","type":"post","link":"http:\/\/www.19paulfort.com\/galerie\/index.php\/2016\/06\/01\/concert-la-nuit-hallucinee-opera-radiophonique-de-sebastian-rivas-mars-2013\/","title":{"rendered":"03 &#8211; 01 mars &#8211; Concert &#8211; \u00ab\u00a0La nuit hallucin\u00e9e\u00a0\u00bb, Op\u00e9ra radiophonique de Sebastian Rivas &#8211;"},"content":{"rendered":"<h1>\u00ab\u00a0La nuit hallucin\u00e9e\u00a0\u00bb, op\u00e9ra radiophonique<\/h1>\n<p><strong>mars 2013<\/strong><\/p>\n<h1><strong>Sebastian\u00a0Rivas<\/strong><\/h1>\n<p><strong>Compositeur<\/strong><\/p>\n<p style=\"text-align: justify;\"><strong>Aliados<\/strong> sera cr\u00e9\u00e9 du 14 au 19 juin 2013 au Th\u00e9\u00e2tre de Gennevilliers, dans le cadre du Festival ManiFeste de L\u2019Ircam. En pr\u00e9lude \u00e0 cet \u00e9v\u00e9nement, nous vous invitons \u00e0 d\u00e9couvrir deux r\u00e9alisations de <a href=\"http:\/\/www.19paulfort.com\/galerie\/index.php\/2016\/11\/23\/beziat-philippe\/\">Philippe B\u00e9ziat<\/a> et Sebastian Rivas, en pr\u00e9sence des artistes et de l\u2019\u00e9quipe de Aliados.<\/p>\n<p><strong>ALIADOS (Alli\u00e9s)<\/strong><\/p>\n<p><strong>Un op\u00e9ra du temps r\u00e9el<\/strong><\/p>\n<p>Musique <a href=\"http:\/\/www.19paulfort.com\/galerie\/index.php\/2016\/07\/06\/rivas-sebastina\/\">Sebastian Rivas<\/a>, livret Esteban Buch<\/p>\n<p>Mise en sc\u00e8ne <a href=\"http:\/\/www.19paulfort.com\/galerie\/index.php\/2016\/06\/04\/gindt-antoine\/\">Antoine Gindt<\/a>, r\u00e9alisation live <a href=\"http:\/\/www.19paulfort.com\/galerie\/index.php\/2016\/11\/23\/beziat-philippe\/\">Philippe B\u00e9ziat<\/a><\/p>\n<p>Direction musicale <a href=\"http:\/\/www.19paulfort.com\/galerie\/index.php\/2016\/11\/23\/warynski-leo\/\">L\u00e9o Warynski<\/a><\/p>\n<p style=\"text-align: justify;\">Margaret Thatcher et Augusto Pinochet sont les deux protagonistes de cet op\u00e9ra en huis clos. Ressurgissent leurs souvenirs lacunaires, de leur alliance pendant la guerre des Malouines (1982) \u00e0 leurs connivences id\u00e9ologiques. Cette cr\u00e9ation en tous points originale associe documents, grotesque de la r\u00e9alit\u00e9, faits historiques et manipulation m\u00e9diatique. Elle offre \u00e0 l\u2019op\u00e9ra deux personnages hauts en couleur que l\u2019actualit\u00e9 n\u2019a jamais cess\u00e9 de convoquer.<\/p>\n","protected":false},"excerpt":{"rendered":"<p>\u00ab\u00a0La nuit hallucin\u00e9e\u00a0\u00bb, op\u00e9ra radiophonique mars 2013 Sebastian\u00a0Rivas Compositeur Aliados sera cr\u00e9\u00e9 du 14 au 19 juin 2013 au Th\u00e9\u00e2tre de Gennevilliers, dans le cadre du Festival ManiFeste de L\u2019Ircam. En pr\u00e9lude \u00e0 cet \u00e9v\u00e9nement, nous vous invitons \u00e0 d\u00e9couvrir deux r\u00e9alisations de Philippe B\u00e9ziat et Sebastian Rivas, en pr\u00e9sence des artistes et de l\u2019\u00e9quipe&hellip;<a href=\"http:\/\/www.19paulfort.com\/galerie\/index.php\/2016\/06\/01\/concert-la-nuit-hallucinee-opera-radiophonique-de-sebastian-rivas-mars-2013\/\" class=\"more-link\">Continue reading <span class=\"screen-reader-text\">03 &#8211; 01 mars &#8211; Concert &#8211; \u00ab\u00a0La nuit hallucin\u00e9e\u00a0\u00bb, Op\u00e9ra radiophonique de Sebastian Rivas &#8211;<\/span><\/a><\/p>\n","protected":false},"author":1,"featured_media":0,"comment_status":"closed","ping_status":"closed","sticky":false,"template":"","format":"standard","meta":{"footnotes":""},"categories":[17,10,7],"tags":[],"class_list":["post-1555","post","type-post","status-publish","format-standard","hentry","category-concerts","category-evenements-2013","category-evenements-passes"],"_links":{"self":[{"href":"http:\/\/www.19paulfort.com\/galerie\/index.php\/wp-json\/wp\/v2\/posts\/1555","targetHints":{"allow":["GET"]}}],"collection":[{"href":"http:\/\/www.19paulfort.com\/galerie\/index.php\/wp-json\/wp\/v2\/posts"}],"about":[{"href":"http:\/\/www.19paulfort.com\/galerie\/index.php\/wp-json\/wp\/v2\/types\/post"}],"author":[{"embeddable":true,"href":"http:\/\/www.19paulfort.com\/galerie\/index.php\/wp-json\/wp\/v2\/users\/1"}],"replies":[{"embeddable":true,"href":"http:\/\/www.19paulfort.com\/galerie\/index.php\/wp-json\/wp\/v2\/comments?post=1555"}],"version-history":[{"count":12,"href":"http:\/\/www.19paulfort.com\/galerie\/index.php\/wp-json\/wp\/v2\/posts\/1555\/revisions"}],"predecessor-version":[{"id":13137,"href":"http:\/\/www.19paulfort.com\/galerie\/index.php\/wp-json\/wp\/v2\/posts\/1555\/revisions\/13137"}],"wp:attachment":[{"href":"http:\/\/www.19paulfort.com\/galerie\/index.php\/wp-json\/wp\/v2\/media?parent=1555"}],"wp:term":[{"taxonomy":"category","embeddable":true,"href":"http:\/\/www.19paulfort.com\/galerie\/index.php\/wp-json\/wp\/v2\/categories?post=1555"},{"taxonomy":"post_tag","embeddable":true,"href":"http:\/\/www.19paulfort.com\/galerie\/index.php\/wp-json\/wp\/v2\/tags?post=1555"}],"curies":[{"name":"wp","href":"https:\/\/api.w.org\/{rel}","templated":true}]}}