{"id":1859,"date":"2016-06-03T11:38:23","date_gmt":"2016-06-03T10:38:23","guid":{"rendered":"http:\/\/www.19paulfort.com\/galerie\/?p=1859"},"modified":"2025-03-03T11:56:31","modified_gmt":"2025-03-03T10:56:31","slug":"salon-salon-pages-livres-dartistes-bibliophilie-contemporaine-28-29-mai-2016","status":"publish","type":"post","link":"http:\/\/www.19paulfort.com\/galerie\/index.php\/2016\/06\/03\/salon-salon-pages-livres-dartistes-bibliophilie-contemporaine-28-29-mai-2016\/","title":{"rendered":"05 &#8211; 28 \/ 29 mai &#8211; Salon &#8211; \u00ab\u00a0Salon Pages, livres d&rsquo;artistes\u00a0\u00bb Bibliophilie contemporaine &#8211;"},"content":{"rendered":"<p style=\"text-align: justify;\" align=\"center\"><strong><span style=\"color: #b2766b;\"><a href=\"http:\/\/www.19paulfort.com\/galerie\/wp-content\/uploads\/2016\/06\/P1110603-Copier.jpg\"><img loading=\"lazy\" decoding=\"async\" class=\"aligncenter wp-image-1860\" src=\"http:\/\/www.19paulfort.com\/galerie\/wp-content\/uploads\/2016\/06\/P1110603-Copier-1024x576.jpg\" alt=\"Salon pages\" width=\"650\" height=\"366\" srcset=\"http:\/\/www.19paulfort.com\/galerie\/wp-content\/uploads\/2016\/06\/P1110603-Copier-1024x576.jpg 1024w, http:\/\/www.19paulfort.com\/galerie\/wp-content\/uploads\/2016\/06\/P1110603-Copier-300x169.jpg 300w, http:\/\/www.19paulfort.com\/galerie\/wp-content\/uploads\/2016\/06\/P1110603-Copier-768x432.jpg 768w, http:\/\/www.19paulfort.com\/galerie\/wp-content\/uploads\/2016\/06\/P1110603-Copier-750x422.jpg 750w, http:\/\/www.19paulfort.com\/galerie\/wp-content\/uploads\/2016\/06\/P1110603-Copier.jpg 1280w\" sizes=\"auto, (max-width: 650px) 100vw, 650px\" \/><\/a><\/span><\/strong><\/p>\n<p><img loading=\"lazy\" decoding=\"async\" class=\"aligncenter wp-image-691\" src=\"http:\/\/www.19paulfort.com\/galerie\/wp-content\/uploads\/2016\/04\/salonpageflyer-965x1024.jpg\" alt=\"salonpageflyer\" width=\"640\" height=\"679\" srcset=\"http:\/\/www.19paulfort.com\/galerie\/wp-content\/uploads\/2016\/04\/salonpageflyer-965x1024.jpg 965w, http:\/\/www.19paulfort.com\/galerie\/wp-content\/uploads\/2016\/04\/salonpageflyer-283x300.jpg 283w, http:\/\/www.19paulfort.com\/galerie\/wp-content\/uploads\/2016\/04\/salonpageflyer-768x815.jpg 768w, http:\/\/www.19paulfort.com\/galerie\/wp-content\/uploads\/2016\/04\/salonpageflyer-750x796.jpg 750w, http:\/\/www.19paulfort.com\/galerie\/wp-content\/uploads\/2016\/04\/salonpageflyer.jpg 1122w\" sizes=\"auto, (max-width: 640px) 100vw, 640px\" \/><\/p>\n<h1 style=\"text-align: center;\"><span style=\"color: #cc071e;\">Salon \u00ab\u00a0Page(s)\u00a0\u00bb livres d&rsquo;artistes<\/span><\/h1>\n<p style=\"text-align: justify;\" align=\"center\"><span style=\"color: #cc071e;\">\u00a0<em><strong>Apr\u00e8s 2 ans d\u2019absence, faute d\u2019un lieu prestigieux pour nous accueillir, l\u2019association Page(s) est heureuse de vous annoncer la 11\u00e8me \u00e9dition du salon Livres en Mai.<\/strong><\/em><\/span><\/p>\n<p style=\"text-align: justify;\">\u00ab Livres en Mai \u00bb tient une place particuli\u00e8re dans la dynamique de l\u2019association Page(s) : il permet \u00e0 une quarantaine d\u2019\u00e9diteurs europ\u00e9ens, notamment de jeunes \u00e9diteurs, d\u2019exposer leurs cr\u00e9ations (livres d\u2019artiste et\/ou de bibliophilie), et de juger de l\u2019impact de leurs ouvrages aupr\u00e8s du public.<br \/>\nUne nouvelle possibilit\u00e9 de d\u00e9couvrir la cr\u00e9ation contemporaine dans le domaine du livre, et de dialoguer avec celles et ceux qui la d\u00e9fendent est ainsi offerte aux amoureux du Livre d&rsquo;Artiste.<strong><span style=\"color: #b2766b;\"><br \/>\n<\/span><\/strong><\/p>\n<hr \/>\n","protected":false},"excerpt":{"rendered":"<p>Salon \u00ab\u00a0Page(s)\u00a0\u00bb livres d&rsquo;artistes \u00a0Apr\u00e8s 2 ans d\u2019absence, faute d\u2019un lieu prestigieux pour nous accueillir, l\u2019association Page(s) est heureuse de vous annoncer la 11\u00e8me \u00e9dition du salon Livres en Mai. \u00ab Livres en Mai \u00bb tient une place particuli\u00e8re dans la dynamique de l\u2019association Page(s) : il permet \u00e0 une quarantaine d\u2019\u00e9diteurs europ\u00e9ens, notamment de&hellip;<a href=\"http:\/\/www.19paulfort.com\/galerie\/index.php\/2016\/06\/03\/salon-salon-pages-livres-dartistes-bibliophilie-contemporaine-28-29-mai-2016\/\" class=\"more-link\">Continue reading <span class=\"screen-reader-text\">05 &#8211; 28 \/ 29 mai &#8211; Salon &#8211; \u00ab\u00a0Salon Pages, livres d&rsquo;artistes\u00a0\u00bb Bibliophilie contemporaine &#8211;<\/span><\/a><\/p>\n","protected":false},"author":1,"featured_media":0,"comment_status":"closed","ping_status":"closed","sticky":false,"template":"","format":"standard","meta":{"footnotes":""},"categories":[13,7],"tags":[],"class_list":["post-1859","post","type-post","status-publish","format-standard","hentry","category-evenements-2016","category-evenements-passes"],"_links":{"self":[{"href":"http:\/\/www.19paulfort.com\/galerie\/index.php\/wp-json\/wp\/v2\/posts\/1859","targetHints":{"allow":["GET"]}}],"collection":[{"href":"http:\/\/www.19paulfort.com\/galerie\/index.php\/wp-json\/wp\/v2\/posts"}],"about":[{"href":"http:\/\/www.19paulfort.com\/galerie\/index.php\/wp-json\/wp\/v2\/types\/post"}],"author":[{"embeddable":true,"href":"http:\/\/www.19paulfort.com\/galerie\/index.php\/wp-json\/wp\/v2\/users\/1"}],"replies":[{"embeddable":true,"href":"http:\/\/www.19paulfort.com\/galerie\/index.php\/wp-json\/wp\/v2\/comments?post=1859"}],"version-history":[{"count":4,"href":"http:\/\/www.19paulfort.com\/galerie\/index.php\/wp-json\/wp\/v2\/posts\/1859\/revisions"}],"predecessor-version":[{"id":12973,"href":"http:\/\/www.19paulfort.com\/galerie\/index.php\/wp-json\/wp\/v2\/posts\/1859\/revisions\/12973"}],"wp:attachment":[{"href":"http:\/\/www.19paulfort.com\/galerie\/index.php\/wp-json\/wp\/v2\/media?parent=1859"}],"wp:term":[{"taxonomy":"category","embeddable":true,"href":"http:\/\/www.19paulfort.com\/galerie\/index.php\/wp-json\/wp\/v2\/categories?post=1859"},{"taxonomy":"post_tag","embeddable":true,"href":"http:\/\/www.19paulfort.com\/galerie\/index.php\/wp-json\/wp\/v2\/tags?post=1859"}],"curies":[{"name":"wp","href":"https:\/\/api.w.org\/{rel}","templated":true}]}}