{"id":2197,"date":"2016-06-07T15:53:36","date_gmt":"2016-06-07T14:53:36","guid":{"rendered":"http:\/\/www.19paulfort.com\/galerie\/?p=2197"},"modified":"2018-11-03T09:27:06","modified_gmt":"2018-11-03T08:27:06","slug":"edelin-michel","status":"publish","type":"post","link":"http:\/\/www.19paulfort.com\/galerie\/index.php\/2016\/06\/07\/edelin-michel\/","title":{"rendered":"EDELIN Michel \u2022"},"content":{"rendered":"<p><a href=\"http:\/\/www.19paulfort.com\/galerie\/wp-content\/uploads\/2016\/06\/MichelEDELIN.jpg\"><img loading=\"lazy\" decoding=\"async\" class=\"aligncenter wp-image-2513 size-full\" src=\"http:\/\/www.19paulfort.com\/galerie\/wp-content\/uploads\/2016\/06\/MichelEDELIN.jpg\" alt=\"MichelEDELIN\" width=\"750\" height=\"1000\" srcset=\"http:\/\/www.19paulfort.com\/galerie\/wp-content\/uploads\/2016\/06\/MichelEDELIN.jpg 750w, http:\/\/www.19paulfort.com\/galerie\/wp-content\/uploads\/2016\/06\/MichelEDELIN-225x300.jpg 225w\" sizes=\"auto, (max-width: 750px) 100vw, 750px\" \/><\/a><\/p>\n<h1>Michel Edelin<\/h1>\n<p><strong><em>Fl\u00fbte, fl\u00fbte alto, fl\u00fbte basse<\/em><\/strong><\/p>\n<p style=\"text-align: justify;\">N\u00e9 \u00e0 Paris (f\u00e9vrier 1941). Vit \u00e0 Paris. Dans le \u00ab Nouveau Dictionnaire du Jazz 2011 \u00bb (Laffont) , dans \u201cLes Grands cr\u00e9ateurs de Jazz\u201d (Bordas) , il est reconnu comme un authentique sp\u00e9cialiste de la fl\u00fbte jazz et figure parmi les quatre fl\u00fbtistes cit\u00e9s par un referendum (avec Dave VALENTIN, James MOODY et Sonny FORTUNE).<br \/>\nTitulaire de plusieurs prix de soliste dont le prestigieux Prix de la D\u00e9fense, fl\u00fbtiste du groupe TRIODE puis, leader de diverses formations du duo au nonnette, il fait appel \u00e0 l\u2019\u00e9lite des musiciens fran\u00e7ais et des musiciens \u00e9trangers.<br \/>\nIl cr\u00e9e des spectacles comme \u00ab L\u2019air d\u2019Ayler \u00bb ou \u00ab Ze Blue Note \u00bb, op\u00e9ra-th\u00e9\u00e2tre pour ch\u0153ur d\u2019enfants et quintette de jazz \u00bb (jou\u00e9 en 2014 sous forme d&rsquo;oratorio jazz).<br \/>\nEn 2015, il enregistre le FLUTE FEVER ORCHESTRA avec Nicole MITCHELL<br \/>\n( flutes, USA) special guest. Et cr\u00e9e deux duos : SNARK\/ avec Franca CUOMO (vocal) et le FLUTE MACHINE avec Olivier SENS (traitement sonore). Michel se produit dans de tr\u00e8s nombreux festivals en France (Paris La Villette, Europa jazz Festival Le Mans, Sons d&rsquo;hiver&#8230;) et \u00e0 l&rsquo;\u00e9tranger (Montreux, Vancouver&#8230;)<br \/>\n<a href=\"http:\/\/www.19paulfort.com\/galerie\/wp-content\/uploads\/2016\/06\/Inbox.jpg\"><img loading=\"lazy\" decoding=\"async\" class=\" wp-image-2216 alignleft\" src=\"http:\/\/www.19paulfort.com\/galerie\/wp-content\/uploads\/2016\/06\/Inbox.jpg\" alt=\"Inbox\" width=\"435\" height=\"235\" srcset=\"http:\/\/www.19paulfort.com\/galerie\/wp-content\/uploads\/2016\/06\/Inbox.jpg 326w, http:\/\/www.19paulfort.com\/galerie\/wp-content\/uploads\/2016\/06\/Inbox-300x162.jpg 300w\" sizes=\"auto, (max-width: 435px) 100vw, 435px\" \/><\/a>\u201cUne sonorit\u00e9 \u00e9l\u00e9gante,un phras\u00e9 anguleux d\u2019o\u00f9 n\u2019est pas absente une propension \u00e0 l\u2019\u00e9blouissement m\u00e9lodique et au lyrisme, certaines audaces instrumentales, le sens du collectif &#8230;, telles sont les qualit\u00e9s de ce fl\u00fbtiste exclusif, inventeur de nombreux groupes aux orientations multiples &#8230; \u201d<br \/>\n<strong><em>Extrait du \u00ab Nouveau Dictionnaire du Jazz \u00bb 2011 (Robert Laffont ed.)<br \/>\n<\/em><\/strong>\u201c&#8230;Michel Edelin r\u00e9invente la v\u00e9rit\u00e9 du Jazz&#8230;\u201d &#8211; <strong>Jazz Magazine<br \/>\n<\/strong>\u201cMichel Edelin est un compositeur et un instrumentiste important du jazz en France\u201c.<br \/>\n\u201cFl\u00fbtiste ing\u00e9nieux, d\u00e9brid\u00e9&#8230; un tabac en quartette parfaitement construit\u201d &#8211; <strong>Le Monde<\/strong><\/p>\n<figure id=\"attachment_6326\" aria-describedby=\"caption-attachment-6326\" style=\"width: 1480px\" class=\"wp-caption aligncenter\"><img loading=\"lazy\" decoding=\"async\" class=\"size-full wp-image-6326\" src=\"http:\/\/www.19paulfort.com\/galerie\/wp-content\/uploads\/2016\/06\/DSCF0035.jpg\" alt=\"\" width=\"1480\" height=\"1110\" srcset=\"http:\/\/www.19paulfort.com\/galerie\/wp-content\/uploads\/2016\/06\/DSCF0035.jpg 1480w, http:\/\/www.19paulfort.com\/galerie\/wp-content\/uploads\/2016\/06\/DSCF0035-300x225.jpg 300w, http:\/\/www.19paulfort.com\/galerie\/wp-content\/uploads\/2016\/06\/DSCF0035-768x576.jpg 768w, http:\/\/www.19paulfort.com\/galerie\/wp-content\/uploads\/2016\/06\/DSCF0035-1024x768.jpg 1024w, http:\/\/www.19paulfort.com\/galerie\/wp-content\/uploads\/2016\/06\/DSCF0035-750x563.jpg 750w\" sizes=\"auto, (max-width: 1480px) 100vw, 1480px\" \/><figcaption id=\"caption-attachment-6326\" class=\"wp-caption-text\">Michel Edelin et Peter Giron \u00a9 X. Lambours<\/figcaption><\/figure>\n<hr \/>\n<p style=\"text-align: justify;\"><strong>Cet artiste a particip\u00e9 au 19Paulfort \u00e0 : <\/strong><\/p>\n<p>Un concert &#8211; \u00ab\u00a0Le Trio Edelin invite Fran\u00e7ois Couturier\u00a0\u00bb, le 30 octobre 2018<br \/>\n<a href=\"http:\/\/www.19paulfort.com\/galerie\/index.php\/2018\/10\/25\/concert-le-trio-edelin-invite-francois-couturier-30-octobre-2018\/\">&gt; voir l&rsquo;\u00e9v\u00e9nement<\/a><br \/>\nUn concert du trio Edelin, Cond\u00e9, Ko\u00efta, le mercredi 15 juin 2016<br \/>\n<a href=\"http:\/\/www.19paulfort.com\/galerie\/index.php\/2016\/06\/07\/concert-trio-conde-edelin-koita-15-juin-2016\/\">&gt; voir l&rsquo;\u00e9v\u00e9nement<\/a><\/p>\n","protected":false},"excerpt":{"rendered":"<p>Michel Edelin Fl\u00fbte, fl\u00fbte alto, fl\u00fbte basse N\u00e9 \u00e0 Paris (f\u00e9vrier 1941). Vit \u00e0 Paris. Dans le \u00ab Nouveau Dictionnaire du Jazz 2011 \u00bb (Laffont) , dans \u201cLes Grands cr\u00e9ateurs de Jazz\u201d (Bordas) , il est reconnu comme un authentique sp\u00e9cialiste de la fl\u00fbte jazz et figure parmi les quatre fl\u00fbtistes cit\u00e9s par un referendum&hellip;<a href=\"http:\/\/www.19paulfort.com\/galerie\/index.php\/2016\/06\/07\/edelin-michel\/\" class=\"more-link\">Continue reading <span class=\"screen-reader-text\">EDELIN Michel \u2022<\/span><\/a><\/p>\n","protected":false},"author":1,"featured_media":0,"comment_status":"closed","ping_status":"closed","sticky":false,"template":"","format":"standard","meta":{"footnotes":""},"categories":[18,26,20,19],"tags":[],"class_list":["post-2197","post","type-post","status-publish","format-standard","hentry","category-artistes-invites","category-musiciens-compositeurs","category-par-nom","category-par-pratique-artistique"],"_links":{"self":[{"href":"http:\/\/www.19paulfort.com\/galerie\/index.php\/wp-json\/wp\/v2\/posts\/2197","targetHints":{"allow":["GET"]}}],"collection":[{"href":"http:\/\/www.19paulfort.com\/galerie\/index.php\/wp-json\/wp\/v2\/posts"}],"about":[{"href":"http:\/\/www.19paulfort.com\/galerie\/index.php\/wp-json\/wp\/v2\/types\/post"}],"author":[{"embeddable":true,"href":"http:\/\/www.19paulfort.com\/galerie\/index.php\/wp-json\/wp\/v2\/users\/1"}],"replies":[{"embeddable":true,"href":"http:\/\/www.19paulfort.com\/galerie\/index.php\/wp-json\/wp\/v2\/comments?post=2197"}],"version-history":[{"count":10,"href":"http:\/\/www.19paulfort.com\/galerie\/index.php\/wp-json\/wp\/v2\/posts\/2197\/revisions"}],"predecessor-version":[{"id":6373,"href":"http:\/\/www.19paulfort.com\/galerie\/index.php\/wp-json\/wp\/v2\/posts\/2197\/revisions\/6373"}],"wp:attachment":[{"href":"http:\/\/www.19paulfort.com\/galerie\/index.php\/wp-json\/wp\/v2\/media?parent=2197"}],"wp:term":[{"taxonomy":"category","embeddable":true,"href":"http:\/\/www.19paulfort.com\/galerie\/index.php\/wp-json\/wp\/v2\/categories?post=2197"},{"taxonomy":"post_tag","embeddable":true,"href":"http:\/\/www.19paulfort.com\/galerie\/index.php\/wp-json\/wp\/v2\/tags?post=2197"}],"curies":[{"name":"wp","href":"https:\/\/api.w.org\/{rel}","templated":true}]}}