{"id":2199,"date":"2016-06-07T15:53:49","date_gmt":"2016-06-07T14:53:49","guid":{"rendered":"http:\/\/www.19paulfort.com\/galerie\/?p=2199"},"modified":"2016-06-23T14:45:20","modified_gmt":"2016-06-23T13:45:20","slug":"conde-abama","status":"publish","type":"post","link":"http:\/\/www.19paulfort.com\/galerie\/index.php\/2016\/06\/07\/conde-abama\/","title":{"rendered":"COND\u00c9 Adama \u2022"},"content":{"rendered":"<h3 style=\"text-align: justify;\"><a href=\"http:\/\/www.19paulfort.com\/galerie\/wp-content\/uploads\/2016\/06\/Adama-CONDE.jpg\"><img loading=\"lazy\" decoding=\"async\" class=\"aligncenter wp-image-2515 size-full\" src=\"http:\/\/www.19paulfort.com\/galerie\/wp-content\/uploads\/2016\/06\/Adama-CONDE.jpg\" alt=\"Adama CONDE\" width=\"750\" height=\"1000\" srcset=\"http:\/\/www.19paulfort.com\/galerie\/wp-content\/uploads\/2016\/06\/Adama-CONDE.jpg 750w, http:\/\/www.19paulfort.com\/galerie\/wp-content\/uploads\/2016\/06\/Adama-CONDE-225x300.jpg 225w\" sizes=\"auto, (max-width: 750px) 100vw, 750px\" \/><\/a>Adama Cond\u00e9<\/h3>\n<p><strong>Balafon<\/strong><\/p>\n<p style=\"text-align: justify;\">N\u00e9 le 1 janvier 1969 \u00a0Faranah en Guin\u00e9e. Vit \u00e0 Paris<br \/>\nAdama est issu d&rsquo;une famille de griots : personnages d\u00e9positaires de la transmission de la m\u00e9moire et de la tradition mandingue. Il dit lui-m\u00eame qu&rsquo;il a toujours jou\u00e9 au balafon, il n&rsquo;a pas de souvenir sans cet instrument ancestral.<br \/>\nD\u00e8s son enfance, il apprend avec son p\u00e8re, N&rsquo;Fadji\u00e9 Cond\u00e9 \u00e0 \u00e9laborer et \u00e0 r\u00e9parer les balafons. Au contact de sa m\u00e8re, Dinimba Diabate, au cours des diff\u00e9rentes c\u00e9r\u00e9monies qui rythment la vie mandingue, il s\u2019impr\u00e8gne du jeu traditionnel du balafon.<br \/>\nAdama prend des cours de th\u00e9\u00e2tre tout au long de son cursus \u00e0 l&rsquo;\u00e9cole primaire. C&rsquo;est ce qui, dit-il, lui a donn\u00e9 envie de \u00ab faire parler le balafon diff\u00e9remment \u00bb. Ce sont, son grand-p\u00e8re maternel, Dj\u00e9li Kalifa Diabate et son grand-oncle Dj\u00e9li bala Kalifa Diabate qui l&rsquo;initient v\u00e9ritablement au je traditionnel du balafon et \u00e0 l&rsquo;art du solo.\u00a0Apr\u00e8s d&rsquo;innombrables r\u00e9unions de village et de c\u00e9r\u00e9monies, il monte son premier groupe \u00e0 l&rsquo;\u00e2ge de 16 ans, c&rsquo;est la naissance de Gbarawagna : \u00ab ceux qui cassent tout musicalement \u00bb. Avec son groupe form\u00e9 de huit personnes (deux balafons, un dumdum, un djemb\u00e9, un guitariste, et trois chanteurs), Adama joue de ville en ville et m\u00eame dans les autres pr\u00e9fectures de Guin\u00e9e. Il joue \u00e0 Kidougou, \u00e0 Kankan, \u00e0 Gu\u00e9k\u00e9dou, etc.<br \/>\nOn le demande dans tout le pays. On envoie souvent une \u00ab noix de kola bien emball\u00e9e \u00bb \u00e0 son p\u00e8re pour lui faire part de c\u00e9r\u00e9monies.<br \/>\nIl connait un grand succ\u00e8s national, puis international. Il parcourt le monde avec Mori Kante et montre une nouvelle vision de jeux au balafon. Il \u00e9volue dans un style baign\u00e9 de jazz, de musique latine et d\u2019electro.<\/p>\n<hr \/>\n<p style=\"text-align: justify;\"><strong>Cet artiste a particip\u00e9 au 19Paulfort \u00e0 : <\/strong><\/p>\n<p>un concert du trio Edelin, Cond\u00e9, Ko\u00efta, le mercredi 15 juin 2016<br \/>\n<a href=\"http:\/\/www.19paulfort.com\/galerie\/index.php\/2016\/06\/07\/concert-trio-conde-edelin-koita-15-juin-2016\/\">&gt; voir l&rsquo;\u00e9v\u00e9nement<\/a><\/p>\n","protected":false},"excerpt":{"rendered":"<p>Adama Cond\u00e9 Balafon N\u00e9 le 1 janvier 1969 \u00a0Faranah en Guin\u00e9e. Vit \u00e0 Paris Adama est issu d&rsquo;une famille de griots : personnages d\u00e9positaires de la transmission de la m\u00e9moire et de la tradition mandingue. Il dit lui-m\u00eame qu&rsquo;il a toujours jou\u00e9 au balafon, il n&rsquo;a pas de souvenir sans cet instrument ancestral. D\u00e8s son&hellip;<a href=\"http:\/\/www.19paulfort.com\/galerie\/index.php\/2016\/06\/07\/conde-abama\/\" class=\"more-link\">Continue reading <span class=\"screen-reader-text\">COND\u00c9 Adama \u2022<\/span><\/a><\/p>\n","protected":false},"author":1,"featured_media":0,"comment_status":"closed","ping_status":"closed","sticky":false,"template":"","format":"standard","meta":{"footnotes":""},"categories":[18,26,20,19],"tags":[],"class_list":["post-2199","post","type-post","status-publish","format-standard","hentry","category-artistes-invites","category-musiciens-compositeurs","category-par-nom","category-par-pratique-artistique"],"_links":{"self":[{"href":"http:\/\/www.19paulfort.com\/galerie\/index.php\/wp-json\/wp\/v2\/posts\/2199","targetHints":{"allow":["GET"]}}],"collection":[{"href":"http:\/\/www.19paulfort.com\/galerie\/index.php\/wp-json\/wp\/v2\/posts"}],"about":[{"href":"http:\/\/www.19paulfort.com\/galerie\/index.php\/wp-json\/wp\/v2\/types\/post"}],"author":[{"embeddable":true,"href":"http:\/\/www.19paulfort.com\/galerie\/index.php\/wp-json\/wp\/v2\/users\/1"}],"replies":[{"embeddable":true,"href":"http:\/\/www.19paulfort.com\/galerie\/index.php\/wp-json\/wp\/v2\/comments?post=2199"}],"version-history":[{"count":8,"href":"http:\/\/www.19paulfort.com\/galerie\/index.php\/wp-json\/wp\/v2\/posts\/2199\/revisions"}],"predecessor-version":[{"id":2632,"href":"http:\/\/www.19paulfort.com\/galerie\/index.php\/wp-json\/wp\/v2\/posts\/2199\/revisions\/2632"}],"wp:attachment":[{"href":"http:\/\/www.19paulfort.com\/galerie\/index.php\/wp-json\/wp\/v2\/media?parent=2199"}],"wp:term":[{"taxonomy":"category","embeddable":true,"href":"http:\/\/www.19paulfort.com\/galerie\/index.php\/wp-json\/wp\/v2\/categories?post=2199"},{"taxonomy":"post_tag","embeddable":true,"href":"http:\/\/www.19paulfort.com\/galerie\/index.php\/wp-json\/wp\/v2\/tags?post=2199"}],"curies":[{"name":"wp","href":"https:\/\/api.w.org\/{rel}","templated":true}]}}