{"id":2575,"date":"2016-06-21T16:05:32","date_gmt":"2016-06-21T15:05:32","guid":{"rendered":"http:\/\/www.19paulfort.com\/galerie\/?p=2575"},"modified":"2018-10-22T11:00:28","modified_gmt":"2018-10-22T10:00:28","slug":"mcnicoll-carol","status":"publish","type":"post","link":"http:\/\/www.19paulfort.com\/galerie\/index.php\/2016\/06\/21\/mcnicoll-carol\/","title":{"rendered":"McNICOLL Carol \u2022"},"content":{"rendered":"<h1><img loading=\"lazy\" decoding=\"async\" class=\"aligncenter size-full wp-image-6239\" src=\"http:\/\/www.19paulfort.com\/galerie\/wp-content\/uploads\/2016\/06\/McNicoll.jpg\" alt=\"\" width=\"1016\" height=\"2094\" srcset=\"http:\/\/www.19paulfort.com\/galerie\/wp-content\/uploads\/2016\/06\/McNicoll.jpg 1016w, http:\/\/www.19paulfort.com\/galerie\/wp-content\/uploads\/2016\/06\/McNicoll-146x300.jpg 146w, http:\/\/www.19paulfort.com\/galerie\/wp-content\/uploads\/2016\/06\/McNicoll-768x1583.jpg 768w, http:\/\/www.19paulfort.com\/galerie\/wp-content\/uploads\/2016\/06\/McNicoll-497x1024.jpg 497w, http:\/\/www.19paulfort.com\/galerie\/wp-content\/uploads\/2016\/06\/McNicoll-750x1546.jpg 750w\" sizes=\"auto, (max-width: 1016px) 100vw, 1016px\" \/><br \/>\nCarol McNICOLL<\/h1>\n<p style=\"text-align: justify;\"><strong>C\u00e9ramiste<\/strong><\/p>\n<p style=\"text-align: justify;\"><span style=\"color: #800080;\">[English below]<\/span><\/p>\n<p style=\"text-align: justify;\"><img loading=\"lazy\" decoding=\"async\" class=\"aligncenter size-full wp-image-5107\" src=\"http:\/\/www.19paulfort.com\/galerie\/wp-content\/uploads\/2016\/07\/C.-McNicoll.jpg\" alt=\"\" width=\"681\" height=\"908\" srcset=\"http:\/\/www.19paulfort.com\/galerie\/wp-content\/uploads\/2016\/07\/C.-McNicoll.jpg 681w, http:\/\/www.19paulfort.com\/galerie\/wp-content\/uploads\/2016\/07\/C.-McNicoll-225x300.jpg 225w\" sizes=\"auto, (max-width: 681px) 100vw, 681px\" \/><br \/>\nCarol McNicoll cr\u00e9e des c\u00e9ramiques fonctionnelles sculpturales.<br \/>\nElle a donn\u00e9 de nombreuses conf\u00e9rences, notamment au Camberwell College of Arts. A \u00e9t\u00e9 s\u00e9lectionn\u00e9e pour le Prix Jerwood de la C\u00e9ramique.Elle travaille \u00e0 partir d&rsquo;objets trouv\u00e9s tels que des soldats de plomb, en utilisant des d\u00e9corations de transfert commerciales et auto-fabriqu\u00e9es.<\/p>\n<p style=\"text-align: justify;\">Elle dit de son travail \u00abJe me divertis en faisant des objets fonctionnels qui sont richement model\u00e9s et commente le monde \u00e9trange que nous avons cr\u00e9\u00e9 pour nous-m\u00eames.\u00bb Elle expose internationalement et en 2003 City Gallery \u00e0 Leicester, Angleterre a pr\u00e9sent\u00e9 une r\u00e9trospective majeure de son travail.Son travail est dans la collection contemporaine du Victoria &amp; Albert Museum, Mus\u00e9e de S\u00e8vres et Mus\u00e9e des arts D\u00e9coratifs de Paris..<\/p>\n<h1><a href=\"http:\/\/www.19paulfort.com\/galerie\/wp-content\/uploads\/2016\/06\/CarolMcNicoll.jpg\"><img loading=\"lazy\" decoding=\"async\" class=\"alignleft wp-image-3560\" src=\"http:\/\/www.19paulfort.com\/galerie\/wp-content\/uploads\/2016\/06\/CarolMcNicoll-199x300.jpg\" alt=\"CarolMcNicoll\" width=\"350\" height=\"527\" srcset=\"http:\/\/www.19paulfort.com\/galerie\/wp-content\/uploads\/2016\/06\/CarolMcNicoll-199x300.jpg 199w, http:\/\/www.19paulfort.com\/galerie\/wp-content\/uploads\/2016\/06\/CarolMcNicoll-768x1156.jpg 768w, http:\/\/www.19paulfort.com\/galerie\/wp-content\/uploads\/2016\/06\/CarolMcNicoll-680x1024.jpg 680w, http:\/\/www.19paulfort.com\/galerie\/wp-content\/uploads\/2016\/06\/CarolMcNicoll-750x1129.jpg 750w, http:\/\/www.19paulfort.com\/galerie\/wp-content\/uploads\/2016\/06\/CarolMcNicoll.jpg 945w\" sizes=\"auto, (max-width: 350px) 100vw, 350px\" \/><\/a><\/h1>\n<p style=\"text-align: justify;\"><strong><span style=\"color: #800080;\">Carol McNicoll<\/span><\/strong> was born in 1943. She studied Fine Art at Leeds Polytechnic and ceramics at the Royal College of Art. Her works explore the relationship between two and three-dimensional figurative imagery within the context of functional ceramics. She has always been concerned with pattern, and uses glazes, open stock transfers and her own transfers to create richly patterned surfaces. Her work is included in public collections in Australia, Netherlands and the UK and private collections worldwide. In 2001 she was short-listed for the Jerwood Prize for Ceramics and a major retrospective of her work toured the UK as part of the Craft Council&rsquo;s Show5 initiative, 2003-2005.<\/p>\n<p style=\"text-align: justify;\">McNicoll was born in Solihull, Birmingham in 1943. She attended a foundation course at Solihull College of Technology and then studied fine art at Leeds Polytechnic from 1967 to 1970. In 1968 she made a film with three other students titled Musical which collaged and parodied existing musicals, comedian Roy Hudd was invited to open the premiere. McNicoll was awarded a Princess of Wales Scholarship to attend Royal College of Art from 1970 to 1973, where she felt women were \u00ab\u00a0marginalised\u00a0\u00bb and \u00ab\u00a0attention went to the men who were interested in industrial ceramics\u00a0\u00bb.<br \/>\nMcNicoll worked as a wardrobe assistant at theatres in Birmingham and London in the early 1960s. In 1970 she designed costumes for Brian Eno of Roxy Music who was then her boyfriend. Her black cockerel feathered boa collar achieved an iconic status in the fledgling glamrock period. McNicoll supervised the design of the cover for Eno&rsquo;s Here Come the Warm Jets album with one of her teapot designs being featured on the sleeve cover. She also worked as a machinist for fashion designer Zandra Rhodes, who in 1972 commissioned her to make a unique dinner set, consisting of pink coffee cups with hands for saucers.<br \/>\nMcNicoll makes sculptural functional ceramics and has lectured widely including at Camberwell College of Arts from 1986 to 2000. In 2001 she was short-listed for the Jerwood Prize for Ceramics. Recent work has been constructed from slipcast and found objects such as toy soldiers, using commercial and self made transfer decoration.<br \/>\nMcNicoll says of her work \u00ab\u00a0I am entertained by making functional objects which are both richly patterned and comment on the strange world we have created for ourselves.\u00a0\u00bb She exhibits internationally and in 2003 City Gallery at Leicester, England presented a major retrospective of her work. Her work is in the V&amp;A&rsquo;s modern collection.<br \/>\nMcNicoll lives and works in a converted piano factory in Camden Town London, designed by her friend the architect Piers Gough in exchange for a McNicoll teaset.<\/p>\n<p><strong>Selections d&rsquo;Expositions \/ Exhibitions<\/strong><\/p>\n<p>\u2022 Well meaning cultural commodities, Barrett Marsden Gallery London, 2008<br \/>\n\u2022 Taiwan biennale exhibition curated by Moyra Elliott, 2010<br \/>\n\u2022 Ceramics \u2013 Carol McNicoll, Ken Eastman, Alison Britton, Clara Scremini Gallery, Paris, 2010<br \/>\n\u2022 Ideal Home \u2013 Carol McNicoll, Jacqui Poncelet, Sam Scott, Marsden Woo Gallery London, 2011<br \/>\n\u2022 5 Divas: Carol McNicoll, Jacqui Poncelet, Janice Tchalenko, Elizabeth Fritsch, Alison Britton, Helene Aziza Paris, 2012<br \/>\n\u2022 Pieces together: Carol McNicoll, Sam Scott, 1 Canada Square, Canary Wharf London, 2012<\/p>\n<hr \/>\n<p style=\"text-align: justify;\"><strong>Cette artiste a particip\u00e9 rue Paul Fort \u00e0 :<\/strong><\/p>\n<p>&gt; <a href=\"http:\/\/www.19paulfort.com\/galerie\/index.php\/2018\/10\/03\/exposition-mouvement-mcnicoll-moglia-slee-lambours-9-au-28-octobre-2018\/\">L&rsquo;exposition \u00ab\u00a0Mouvement\u00a0\u00bb du 9 au 28 octobre 2018<\/a><br \/>\n&gt; <a href=\"http:\/\/www.19paulfort.com\/galerie\/index.php\/2017\/11\/07\/exposition-english-touch-du-22-novembre-au-20-decembre-2017\/\">L&rsquo;exposition \u00ab\u00a0English Touch\u00a0\u00bb du 22 novembre au 20 d\u00e9cembre 2017<\/a><br \/>\n<a href=\"http:\/\/www.19paulfort.com\/galerie\/index.php\/2016\/08\/26\/exposition-les-plaisirs-de-lassiette-15-septembre-5-octobre-2016\/\">&gt; L&rsquo;exposition \u00ab\u00a0Les Plaisirs de l&rsquo;assiette\u00a0\u00bb du jeudi 15 septembre 2016 au mercredi 5 octobre 2016<br \/>\n<\/a><a href=\"http:\/\/www.19paulfort.com\/galerie\/index.php\/2016\/06\/01\/exposition-libertes-affinites-avec-alison-britton-elizabeth-fritsch-carol-mcnicoll-jacqueline-poncelet-janice-tchalenko-et-marie-christine-dorner-du-24-mai-au-15-juin-2012\/\">&gt; L&rsquo;exposition \u00ab\u00a0Libert\u00e9s Affinit\u00e9s\u00a0\u00bb du\u00a024\u00a0mai au 15 juin\u00a02012<\/a><em><br \/>\n<\/em><\/p>\n","protected":false},"excerpt":{"rendered":"<p>Carol McNICOLL C\u00e9ramiste [English below] Carol McNicoll cr\u00e9e des c\u00e9ramiques fonctionnelles sculpturales. Elle a donn\u00e9 de nombreuses conf\u00e9rences, notamment au Camberwell College of Arts. A \u00e9t\u00e9 s\u00e9lectionn\u00e9e pour le Prix Jerwood de la C\u00e9ramique.Elle travaille \u00e0 partir d&rsquo;objets trouv\u00e9s tels que des soldats de plomb, en utilisant des d\u00e9corations de transfert commerciales et auto-fabriqu\u00e9es. Elle&hellip;<a href=\"http:\/\/www.19paulfort.com\/galerie\/index.php\/2016\/06\/21\/mcnicoll-carol\/\" class=\"more-link\">Continue reading <span class=\"screen-reader-text\">McNICOLL Carol \u2022<\/span><\/a><\/p>\n","protected":false},"author":1,"featured_media":0,"comment_status":"closed","ping_status":"closed","sticky":false,"template":"","format":"standard","meta":{"footnotes":""},"categories":[18,31,20,19],"tags":[],"class_list":["post-2575","post","type-post","status-publish","format-standard","hentry","category-artistes-invites","category-ceramistes-potiers-vanniers","category-par-nom","category-par-pratique-artistique"],"_links":{"self":[{"href":"http:\/\/www.19paulfort.com\/galerie\/index.php\/wp-json\/wp\/v2\/posts\/2575","targetHints":{"allow":["GET"]}}],"collection":[{"href":"http:\/\/www.19paulfort.com\/galerie\/index.php\/wp-json\/wp\/v2\/posts"}],"about":[{"href":"http:\/\/www.19paulfort.com\/galerie\/index.php\/wp-json\/wp\/v2\/types\/post"}],"author":[{"embeddable":true,"href":"http:\/\/www.19paulfort.com\/galerie\/index.php\/wp-json\/wp\/v2\/users\/1"}],"replies":[{"embeddable":true,"href":"http:\/\/www.19paulfort.com\/galerie\/index.php\/wp-json\/wp\/v2\/comments?post=2575"}],"version-history":[{"count":16,"href":"http:\/\/www.19paulfort.com\/galerie\/index.php\/wp-json\/wp\/v2\/posts\/2575\/revisions"}],"predecessor-version":[{"id":6240,"href":"http:\/\/www.19paulfort.com\/galerie\/index.php\/wp-json\/wp\/v2\/posts\/2575\/revisions\/6240"}],"wp:attachment":[{"href":"http:\/\/www.19paulfort.com\/galerie\/index.php\/wp-json\/wp\/v2\/media?parent=2575"}],"wp:term":[{"taxonomy":"category","embeddable":true,"href":"http:\/\/www.19paulfort.com\/galerie\/index.php\/wp-json\/wp\/v2\/categories?post=2575"},{"taxonomy":"post_tag","embeddable":true,"href":"http:\/\/www.19paulfort.com\/galerie\/index.php\/wp-json\/wp\/v2\/tags?post=2575"}],"curies":[{"name":"wp","href":"https:\/\/api.w.org\/{rel}","templated":true}]}}