{"id":3417,"date":"2016-08-24T08:02:32","date_gmt":"2016-08-24T07:02:32","guid":{"rendered":"http:\/\/www.19paulfort.com\/galerie\/?p=3417"},"modified":"2025-03-03T12:01:46","modified_gmt":"2025-03-03T11:01:46","slug":"concert-louis-sclavis-et-jean-pierre-drouet-17-septembre-2016","status":"publish","type":"post","link":"http:\/\/www.19paulfort.com\/galerie\/index.php\/2016\/08\/24\/concert-louis-sclavis-et-jean-pierre-drouet-17-septembre-2016\/","title":{"rendered":"09 &#8211; 17 septembre &#8211; Concert &#8211; Louis Sclavis et Jean-Pierre Drouet"},"content":{"rendered":"<h1><img loading=\"lazy\" decoding=\"async\" class=\"aligncenter size-large wp-image-5468\" src=\"http:\/\/www.19paulfort.com\/galerie\/wp-content\/uploads\/2016\/08\/DROUET-SCLAVIS-768x1024.jpg\" alt=\"\" width=\"768\" height=\"1024\" srcset=\"http:\/\/www.19paulfort.com\/galerie\/wp-content\/uploads\/2016\/08\/DROUET-SCLAVIS-768x1024.jpg 768w, http:\/\/www.19paulfort.com\/galerie\/wp-content\/uploads\/2016\/08\/DROUET-SCLAVIS-225x300.jpg 225w, http:\/\/www.19paulfort.com\/galerie\/wp-content\/uploads\/2016\/08\/DROUET-SCLAVIS-750x1000.jpg 750w, http:\/\/www.19paulfort.com\/galerie\/wp-content\/uploads\/2016\/08\/DROUET-SCLAVIS.jpg 1417w\" sizes=\"auto, (max-width: 768px) 100vw, 768px\" \/><br \/>\nLouis Sclavis<\/h1>\n<p><strong>Clarinettiste<\/strong><\/p>\n<h1>Jean-Pierre Drouet<\/h1>\n<p><strong>Percussions<\/strong><\/p>\n<p><strong>17 septembre 2016, 20h30<\/strong><\/p>\n<p style=\"text-align: justify;\">Jean Pierre Drouet et Louis Sclavis se rencontrent.<br \/>\nPas de discussion pr\u00e9alable au concert, pas de pr\u00e9paration, pas de r\u00e9p\u00e9tition, mais 30 ans et plus de travail derri\u00e8re eux.<br \/>\nChaque concert est une nouvelle aventure.<\/p>\n<div id='gallery-1' class='gallery galleryid-3417 gallery-columns-3 gallery-size-thumbnail'><figure class='gallery-item'>\n\t\t\t<div class='gallery-icon portrait'>\n\t\t\t\t<a href='http:\/\/www.19paulfort.com\/galerie\/wp-content\/uploads\/2016\/08\/01_DSCF1191.jpg'><img loading=\"lazy\" decoding=\"async\" width=\"150\" height=\"150\" src=\"http:\/\/www.19paulfort.com\/galerie\/wp-content\/uploads\/2016\/08\/01_DSCF1191-150x150.jpg\" class=\"attachment-thumbnail size-thumbnail\" alt=\"\" \/><\/a>\n\t\t\t<\/div><\/figure><figure class='gallery-item'>\n\t\t\t<div class='gallery-icon portrait'>\n\t\t\t\t<a href='http:\/\/www.19paulfort.com\/galerie\/wp-content\/uploads\/2016\/08\/02_DSCF1183.jpg'><img loading=\"lazy\" decoding=\"async\" width=\"150\" height=\"150\" src=\"http:\/\/www.19paulfort.com\/galerie\/wp-content\/uploads\/2016\/08\/02_DSCF1183-150x150.jpg\" class=\"attachment-thumbnail size-thumbnail\" alt=\"\" \/><\/a>\n\t\t\t<\/div><\/figure><figure class='gallery-item'>\n\t\t\t<div class='gallery-icon landscape'>\n\t\t\t\t<a href='http:\/\/www.19paulfort.com\/galerie\/wp-content\/uploads\/2016\/08\/03_DSCF1187.jpg'><img loading=\"lazy\" decoding=\"async\" width=\"150\" height=\"150\" src=\"http:\/\/www.19paulfort.com\/galerie\/wp-content\/uploads\/2016\/08\/03_DSCF1187-150x150.jpg\" class=\"attachment-thumbnail size-thumbnail\" alt=\"\" \/><\/a>\n\t\t\t<\/div><\/figure><figure class='gallery-item'>\n\t\t\t<div class='gallery-icon landscape'>\n\t\t\t\t<a href='http:\/\/www.19paulfort.com\/galerie\/wp-content\/uploads\/2016\/08\/04_DSCF1197.jpg'><img loading=\"lazy\" decoding=\"async\" width=\"150\" height=\"150\" src=\"http:\/\/www.19paulfort.com\/galerie\/wp-content\/uploads\/2016\/08\/04_DSCF1197-150x150.jpg\" class=\"attachment-thumbnail size-thumbnail\" alt=\"\" \/><\/a>\n\t\t\t<\/div><\/figure><figure class='gallery-item'>\n\t\t\t<div class='gallery-icon landscape'>\n\t\t\t\t<a href='http:\/\/www.19paulfort.com\/galerie\/wp-content\/uploads\/2016\/08\/05_DSCF1251.jpg'><img loading=\"lazy\" decoding=\"async\" width=\"150\" height=\"150\" src=\"http:\/\/www.19paulfort.com\/galerie\/wp-content\/uploads\/2016\/08\/05_DSCF1251-150x150.jpg\" class=\"attachment-thumbnail size-thumbnail\" alt=\"\" \/><\/a>\n\t\t\t<\/div><\/figure>\n\t\t<\/div>\n\n<p><a href=\"http:\/\/www.19paulfort.com\/galerie\/wp-content\/uploads\/2016\/07\/Drouet-Sclavis-Invit.jpg\"><img loading=\"lazy\" decoding=\"async\" class=\"aligncenter size-full wp-image-3407\" src=\"http:\/\/www.19paulfort.com\/galerie\/wp-content\/uploads\/2016\/07\/Drouet-Sclavis-Invit.jpg\" alt=\"Drouet-Sclavis-Invit\" width=\"1240\" height=\"1753\" srcset=\"http:\/\/www.19paulfort.com\/galerie\/wp-content\/uploads\/2016\/07\/Drouet-Sclavis-Invit.jpg 1240w, http:\/\/www.19paulfort.com\/galerie\/wp-content\/uploads\/2016\/07\/Drouet-Sclavis-Invit-212x300.jpg 212w, http:\/\/www.19paulfort.com\/galerie\/wp-content\/uploads\/2016\/07\/Drouet-Sclavis-Invit-768x1086.jpg 768w, http:\/\/www.19paulfort.com\/galerie\/wp-content\/uploads\/2016\/07\/Drouet-Sclavis-Invit-724x1024.jpg 724w, http:\/\/www.19paulfort.com\/galerie\/wp-content\/uploads\/2016\/07\/Drouet-Sclavis-Invit-750x1060.jpg 750w\" sizes=\"auto, (max-width: 1240px) 100vw, 1240px\" \/><\/a><\/p>\n<hr \/>\n<p><a href=\"http:\/\/www.19paulfort.com\/galerie\/index.php\/2016\/08\/24\/sclavis-louis\">&gt; Voir la fiche de Louis Sclavis<\/a><br \/>\n<a href=\"http:\/\/www.19paulfort.com\/galerie\/index.php\/2016\/06\/04\/drouet-jean-pierre\/\">&gt; Voir la fiche de Jean-Pierre Drouet<\/a><\/p>\n","protected":false},"excerpt":{"rendered":"<p>Louis Sclavis Clarinettiste Jean-Pierre Drouet Percussions 17 septembre 2016, 20h30 Jean Pierre Drouet et Louis Sclavis se rencontrent. Pas de discussion pr\u00e9alable au concert, pas de pr\u00e9paration, pas de r\u00e9p\u00e9tition, mais 30 ans et plus de travail derri\u00e8re eux. Chaque concert est une nouvelle aventure. &gt; Voir la fiche de Louis Sclavis &gt; Voir la&hellip;<a href=\"http:\/\/www.19paulfort.com\/galerie\/index.php\/2016\/08\/24\/concert-louis-sclavis-et-jean-pierre-drouet-17-septembre-2016\/\" class=\"more-link\">Continue reading <span class=\"screen-reader-text\">09 &#8211; 17 septembre &#8211; Concert &#8211; Louis Sclavis et Jean-Pierre Drouet<\/span><\/a><\/p>\n","protected":false},"author":1,"featured_media":0,"comment_status":"closed","ping_status":"closed","sticky":false,"template":"","format":"standard","meta":{"footnotes":""},"categories":[17,13,7],"tags":[],"class_list":["post-3417","post","type-post","status-publish","format-standard","hentry","category-concerts","category-evenements-2016","category-evenements-passes"],"_links":{"self":[{"href":"http:\/\/www.19paulfort.com\/galerie\/index.php\/wp-json\/wp\/v2\/posts\/3417","targetHints":{"allow":["GET"]}}],"collection":[{"href":"http:\/\/www.19paulfort.com\/galerie\/index.php\/wp-json\/wp\/v2\/posts"}],"about":[{"href":"http:\/\/www.19paulfort.com\/galerie\/index.php\/wp-json\/wp\/v2\/types\/post"}],"author":[{"embeddable":true,"href":"http:\/\/www.19paulfort.com\/galerie\/index.php\/wp-json\/wp\/v2\/users\/1"}],"replies":[{"embeddable":true,"href":"http:\/\/www.19paulfort.com\/galerie\/index.php\/wp-json\/wp\/v2\/comments?post=3417"}],"version-history":[{"count":7,"href":"http:\/\/www.19paulfort.com\/galerie\/index.php\/wp-json\/wp\/v2\/posts\/3417\/revisions"}],"predecessor-version":[{"id":12988,"href":"http:\/\/www.19paulfort.com\/galerie\/index.php\/wp-json\/wp\/v2\/posts\/3417\/revisions\/12988"}],"wp:attachment":[{"href":"http:\/\/www.19paulfort.com\/galerie\/index.php\/wp-json\/wp\/v2\/media?parent=3417"}],"wp:term":[{"taxonomy":"category","embeddable":true,"href":"http:\/\/www.19paulfort.com\/galerie\/index.php\/wp-json\/wp\/v2\/categories?post=3417"},{"taxonomy":"post_tag","embeddable":true,"href":"http:\/\/www.19paulfort.com\/galerie\/index.php\/wp-json\/wp\/v2\/tags?post=3417"}],"curies":[{"name":"wp","href":"https:\/\/api.w.org\/{rel}","templated":true}]}}