{"id":3733,"date":"2016-08-31T13:38:45","date_gmt":"2016-08-31T12:38:45","guid":{"rendered":"http:\/\/www.19paulfort.com\/galerie\/?p=3733"},"modified":"2016-10-02T08:03:56","modified_gmt":"2016-10-02T07:03:56","slug":"benoit-armelle","status":"publish","type":"post","link":"http:\/\/www.19paulfort.com\/galerie\/index.php\/2016\/08\/31\/benoit-armelle\/","title":{"rendered":"BENO\u00ceT Armelle \u2022\u00a0"},"content":{"rendered":"<h1><a href=\"http:\/\/www.19paulfort.com\/galerie\/wp-content\/uploads\/2016\/08\/ArmelleBenoit1.jpg\"><img loading=\"lazy\" decoding=\"async\" class=\"aligncenter size-large wp-image-3855\" src=\"http:\/\/www.19paulfort.com\/galerie\/wp-content\/uploads\/2016\/08\/ArmelleBenoit1.jpg\" alt=\"armellebenoit1\" width=\"567\" height=\"756\" srcset=\"http:\/\/www.19paulfort.com\/galerie\/wp-content\/uploads\/2016\/08\/ArmelleBenoit1.jpg 567w, http:\/\/www.19paulfort.com\/galerie\/wp-content\/uploads\/2016\/08\/ArmelleBenoit1-225x300.jpg 225w\" sizes=\"auto, (max-width: 567px) 100vw, 567px\" \/><\/a><br \/>\nArmelle Beno\u00eet<\/h1>\n<p><strong>Peintre et c\u00e9ramiste<\/strong><\/p>\n<p>N\u00e9e \u00e0 Paris le 13 janvier 1957. Vit et travaille \u00e0 Durtal &#8211; Maine et Loire.<\/p>\n<p><strong>CR\u00c9ATIONS-R\u00c9ALISATIONS MARQUANTES<\/strong><br \/>\n2016 Collection particuli\u00e8re Urvater une fresque 15&#215;2,5m Bruxelles Belgique<br \/>\nIceberg sculpture Bruxelles Belgique Une g\u00e9om\u00e9trie pench\u00e9e : 2 sculptures Bruxelles Belgique<br \/>\nNeige et galets sculpture Paris<br \/>\n2015Panneaux muraux :Tout bascule Andermatt SuisseNoir de noir Aups<br \/>\nCollection particuli\u00e8re :La fleur Sculpture lumineuse New York USA Blocs 3 Sculpture<br \/>\n2014\u00ab Fontaine, je boirai ton l\u2019eau ! \u00bb, collection priv\u00e9e \u2013 Aups 83<br \/>\n2013 \u2013 2014\u00ab LA piscine \u00bb Elizabeth Garouste\/Armelle Benoit \u2013 Montpellier 34<br \/>\n2012\u00ab La Poulido \u00bb fresque \u2013 collection priv\u00e9e \u2013 Grimaud 83<br \/>\n2010 \u2013 2011G\u00e9rard Garouste\/Armelle Benoit *- 400 briques \u2013 UHJ J\u00e9rusalem &#8211; Isra\u00ebl<br \/>\n2010\u00ab La Tache \u00bb, sculpture, collection priv\u00e9e &#8211; Paris<br \/>\nDepuis 2010, cr\u00e9ation de mobilier, luminaires, panneaux muraux etc., fresques,pour des particuliers avec les Agences \u00ab Dorner Design \u00bb et \u00ab Pierre YovanovitchArchitecture d\u2019Int\u00e9rieur\u00bb.<br \/>\n2009-2010\u00ab Bac-Universit\u00e9 \u00bb G\u00e9rard Garouste\/Armelle Benoit*, deux fresques monumentales<br \/>\n(72m\u00b2 :18mx4m et 25m\u00b2) Rue de l\u2019Universit\u00e9 &#8211; Paris<br \/>\nInterpr\u00e9tation de l\u2019\u0153uvre posthume de l\u2019artiste Andr\u00e9 Borderie, fresque en gr\u00e8s<br \/>\n\u00e9maill\u00e9 de 45m\u00b2 :15mx3m, Commanderie de Peyrassol &#8211; Flassans\/Issole 83<br \/>\n2007\u00ab L\u2019arrosoir, r\u00e9ponse \u00e0 Tawatchai \u00bb &#8211; Burgio &#8211; Sicile<br \/>\n2006Conseil de Sandrine Bonnaire ( r\u00f4le de c\u00e9ramiste dans le film de PierreJolivet : \u00ab Irr\u00e9sistible \u00bb<br \/>\nReprise de la collaboration avec Elisabeth Garouste et la Granville Gallery<br \/>\n2004\u00ab One Shape &#8211; One Form \u00bb, Marie-Christine Dorner\/Armelle Benoit, Galerie Id\u00e9e-<br \/>\nTokyo et Galerie Haute D\u00e9finition- Paris<br \/>\n2001-2002\u00ab Vingt s\u00e9ries \u00bb d\u2019Ettore Sottsas \u2013 Suisse<br \/>\n1999-2000 S\u00e9jour de Miquel BARCELO \u00e0 l\u2019atelier, dans la perspective de ses expositions \u00e0 la<br \/>\nGalerie Grant Selwyn, Fine Art &#8211; New-York et aux Arts D\u00e9coratifs &#8211; Paris<br \/>\n1995 \u00ab Colonne \u00bb (h: 4m) &#8211; c\u00e9ramique et fer forg\u00e9 &#8211; G\u00e9rard Garouste\/Armelle Benoit &#8211;<br \/>\nCollection particuli\u00e8re<br \/>\n1994 \u00ab Les droits de l\u2019homme \u00bb G\u00e9rard Garouste\/Armelle Benoit : 35 panneaux muraux &#8211;<br \/>\nc\u00e9ramique et fer forg\u00e9 &#8211; salle des Pas Perdus du Palais de Justice de la Part-Dieu &#8211; Lyon<br \/>\n1986 D\u00e9but de la collaboration avec Elizabeth Garouste et Mattia Bonetti, avec la galerie<br \/>\nNeotu \u00e0 Paris et la galerie David Gill \u00e0 Londres, jalonn\u00e9e par des r\u00e9alisations notamment :<br \/>\nMiroir Freya, Chevet Thor (1999), Collection Boogie Woogie (1997),Hydra (1995).<br \/>\n*Pour diff\u00e9rencier mon travail de cr\u00e9ation et celui d\u2019interpr\u00e9tation d\u2018oeuvres d\u2019artistes ou de<br \/>\ndesigners, je note: artiste\/interpr\u00e8te<\/p>\n<p><strong>EXPOSITIONS<\/strong><br \/>\n<strong>2015<\/strong> \u00ab Fragments \u00bb Le salon H Galerie Paris 75006<br \/>\n<strong>2014<\/strong> \u00ab OPEN SPACE \u00bb Anoa Galerie Paris 75014<br \/>\n\u00ab P(etits) M(eubles) I(nutiles) \u2026 les derniers\u00bb, Galerie Michele Hayem &#8211; Paris<br \/>\nExposition hommage \u00e0 Pierre Staudenmeyer, Sotheby&rsquo;s France<br \/>\n<strong>2012<\/strong> AD Interiors &#8211; Arcurial &#8211; Paris 75008<br \/>\n\u00ab Maisons \u00e0 cuire \u00bb Claude Ponti Armelle Benoit &#8211; Abbaye de Fontevraud 49<br \/>\n<strong>2010-2011<\/strong> \u00ab Petits meubles inutiles \u00bb dans le cadre de l\u2019exposition \u00ab Circuits c\u00e9ramiques,<br \/>\nLa sc\u00e8ne fran\u00e7aise contemporaine \u00bb au Mus\u00e9e des Arts D\u00e9coratifs \u2013 Paris.<br \/>\n\u00ab 200 bols &#8211; Hommage \u00e0 Zd\u00e9na Trobachova\u00bb Prague &#8211; R\u00e9publique Tch\u00e9que.<br \/>\n<strong>2008<\/strong> \u00ab Le vase \u00e9clat\u00e9, d\u00e9clinaison \u00bb, galerie Daniel Jibert, Paris 7\u00e8me<br \/>\n<strong>2007<\/strong> \u00ab Petits meubles inutiles et absolument n\u00e9cessaires \u00bb, Betton (Rennes)<br \/>\n\u00ab S\u00e9rie\u2026 petits meubles inutiles \u00bb, Galerie Adama, Bordeaux 33000<br \/>\n<strong>2006<\/strong> \u00ab Le d\u00e9cor &#8211; de la couleur\u2026 au blanc \u00bb Mus\u00e9e Bernard Palissy &#8211; Saint-Avit 47<br \/>\n\u00ab Funky Zen \u00bb Mairie du VI\u00e8me Paris<br \/>\n<strong>2005<\/strong> \u00ab C\u00e9ramiques \u00bb Clara Scr\u00e9mini Gallery \u2013 Paris \u00ab Journ\u00e9es des plantes \u00bb &#8211; Courson<br \/>\n<strong>2002<\/strong> \u00ab El\u00e9mentarisme \u00bb Mouvements Modernes, galeriste Pierre Staudenmeyer \u2013Paris<br \/>\n\u00ab Pequenios Muebles Inutiles \u00bb galeria Mexicana de Diseno &#8211; Mexico<br \/>\n<strong>1999 &#8211; 1997<\/strong> Exposition collective de peinture \u00e0 Untereisesheim, Allemagne, au ch\u00e2teau du<br \/>\nPlessis-Bourr\u00e9, Maine et Loire<br \/>\nJ\u2019ai \u00e9t\u00e9 laur\u00e9ate des bourses du Fiacre (DAP) en 2001 avec M-C Dorner, de la \u00ab Villa M\u00e9dicis\u00a0Hors les Murs \u00bb (AFAA) en 2000, du concours de l\u2019OPAC pour l\u2019am\u00e9nagement de jardins\u00a0avec M.Jakubec en 1998.<\/p>\n<p><strong>PARUTIONS<\/strong> (s\u00e9lection)<br \/>\nAD interiors 2012<br \/>\nLa revue de la C\u00e9ramique et du verre<br \/>\nNum\u00e9ro 142, p 50-51 : Portrait<br \/>\nNum\u00e9ro 151, p 64 \u00e0 66 : Armelle Benoit et Hugo Jakubec : ombre et soleil<br \/>\nNum\u00e9ro 180, p 26 \u00e0 29 : de la peinture \u00e0 la c\u00e9ramique, m\u00e9tamorphose d\u2019une oeuvre<br \/>\n<strong>Catalogues d\u2019exposition<\/strong><br \/>\n\u00ab Circuit c\u00e9ramique, aux Arts D\u00e9coratifs, la sc\u00e8ne fran\u00e7aise contemporaine \u00bb \u00e9d. Les Arts<br \/>\nD\u00e9coratifs.<br \/>\n\u00ab Le d\u00e9cor : de la couleur \u2026au blanc \u00bb \u00e9d. Abstraction et g\u00e9om\u00e9trie<br \/>\nG\u00e9rard Garouste: M\u00e9tamorphose d\u2019une oeuvre, ed. The Carlyle Group<br \/>\nChapitre : les c\u00e9ramiques, p 48 \u00e0 79<br \/>\nMiquel Barcelo: Conjeturas Sobre Vasijas, p 6, ed. \u00ab la Caixa \u00bbBanca Privada<br \/>\nMiquel Barcelo, Mapamundi : chap. La c\u00e9ramique, p 146 \u00e0 155, ed.Fondation Maeght<br \/>\nMiquel Barcelo, a les Illes Balears : p 126 \u00e0131, ed. BalArts\u201903, fundacio balears21<br \/>\nMiquel Barcelo, p 40 \u00e0 61, ed. Grant Selwyn Fine Art.<br \/>\n<strong>CD<\/strong><br \/>\nG\u00e9rard Garouste \u00ab M\u00e9tamorphoses d\u2019une oeuvre \u00bb Jo\u00ebl Calmettes, The Carlyle Group 2010,<br \/>\nChiloe productions<\/p>\n<p><strong>ETUDES ET FORMATION<\/strong><br \/>\n<strong>2007-2010<\/strong> Pr\u00e9paration d\u2019un Master en Arts Plastiques &#8211; Universit\u00e9 de Paris I<br \/>\n<strong>1983-1986<\/strong> Ecole des Beaux-Arts de Bourges \u00e9l\u00e8ve de Jacqueline LERAT<br \/>\nAssistante d&rsquo;Anne KJAERSGAARD (Et\u00e9 1984-1985) Villeneuve-sur-Lot<br \/>\n<strong>1982-1983<\/strong> Atelier Vivien-Drillon, Athis-Mons<br \/>\n<strong>1980-1982<\/strong> Cours de peinture : Arno STERN, le Closlieu<br \/>\n<strong>1979-1980<\/strong> Atelier Mini Singh, New-Delhi et Chola Mandel, Tamil Nadou &#8211; Inde<br \/>\n<strong>1977-1982<\/strong> Ecole des Beaux-Arts Paris, atelier de peinture de M. GUIGNEBERT<br \/>\n<strong>1976-1977<\/strong> Ecole pr\u00e9paratoire au concours des Beaux-Arts de Paris<br \/>\n<strong>1975-1977<\/strong> Stage d\u2019\u00e9t\u00e9, Entreprise Montgolfier, Durtal<br \/>\n<strong>1975<\/strong> Bac C, Paris.<\/p>\n<p><strong>Ateliers d\u2019enfants<\/strong><br \/>\n<strong>2013<\/strong> Atelier \u00ab les champignons de la cascade des rires \u00bb avec Claude PONTI &#8211; jardin<br \/>\ndes Plantes &#8211; Nantes<br \/>\n<strong>2012<\/strong> Atelier \u00ab Maisons \u00e0 cuire \u00bb avec les enfants du Foyer des tourelles \u00e0 Saumur<br \/>\navec Claude PONTI et Fran\u00e7ois BON &#8211; Fontevraud 49<br \/>\n<strong>1995-2008<\/strong> Ouverture de l\u2019atelier aux enfants de Durtal &#8211; 49<br \/>\n<strong>1980-1983<\/strong> Cr\u00e9ation de l\u2019atelier Terre : \u00ab la Cl\u00e9 de Lune \u00bb, Paris 20\u00e8me<br \/>\n<strong>1977- 1979<\/strong> Centre a\u00e9r\u00e9, atelier peinture et terre, \u00ab biblioth\u00e8que de rue \u00bb ATD Quart-Monde<br \/>\nCr\u00e9teil.<\/p>\n<hr \/>\n<p><strong>Cette artiste \u00e0 particip\u00e9 au 19PaulFort \u00e0 :<\/strong><br \/>\n<a href=\"http:\/\/www.19paulfort.com\/galerie\/index.php\/2016\/08\/26\/exposition-les-plaisirs-de-lassiette-15-septembre-5-octobre-2016\/\">&gt; L&rsquo;exposition \u00ab\u00a0Les Plaisirs de l&rsquo;assiette\u00a0\u00bb du jeudi 15 septembre 2016 au mercredi 5 octobre 2016<\/a><\/p>\n","protected":false},"excerpt":{"rendered":"<p>Armelle Beno\u00eet Peintre et c\u00e9ramiste N\u00e9e \u00e0 Paris le 13 janvier 1957. Vit et travaille \u00e0 Durtal &#8211; Maine et Loire. CR\u00c9ATIONS-R\u00c9ALISATIONS MARQUANTES 2016 Collection particuli\u00e8re Urvater une fresque 15&#215;2,5m Bruxelles Belgique Iceberg sculpture Bruxelles Belgique Une g\u00e9om\u00e9trie pench\u00e9e : 2 sculptures Bruxelles Belgique Neige et galets sculpture Paris 2015Panneaux muraux :Tout bascule Andermatt SuisseNoir&hellip;<a href=\"http:\/\/www.19paulfort.com\/galerie\/index.php\/2016\/08\/31\/benoit-armelle\/\" class=\"more-link\">Continue reading <span class=\"screen-reader-text\">BENO\u00ceT Armelle \u2022\u00a0<\/span><\/a><\/p>\n","protected":false},"author":1,"featured_media":0,"comment_status":"closed","ping_status":"closed","sticky":false,"template":"","format":"standard","meta":{"footnotes":""},"categories":[18,31,20,19,25],"tags":[],"class_list":["post-3733","post","type-post","status-publish","format-standard","hentry","category-artistes-invites","category-ceramistes-potiers-vanniers","category-par-nom","category-par-pratique-artistique","category-peintres-dessinateurs-calligraphes"],"_links":{"self":[{"href":"http:\/\/www.19paulfort.com\/galerie\/index.php\/wp-json\/wp\/v2\/posts\/3733","targetHints":{"allow":["GET"]}}],"collection":[{"href":"http:\/\/www.19paulfort.com\/galerie\/index.php\/wp-json\/wp\/v2\/posts"}],"about":[{"href":"http:\/\/www.19paulfort.com\/galerie\/index.php\/wp-json\/wp\/v2\/types\/post"}],"author":[{"embeddable":true,"href":"http:\/\/www.19paulfort.com\/galerie\/index.php\/wp-json\/wp\/v2\/users\/1"}],"replies":[{"embeddable":true,"href":"http:\/\/www.19paulfort.com\/galerie\/index.php\/wp-json\/wp\/v2\/comments?post=3733"}],"version-history":[{"count":6,"href":"http:\/\/www.19paulfort.com\/galerie\/index.php\/wp-json\/wp\/v2\/posts\/3733\/revisions"}],"predecessor-version":[{"id":3864,"href":"http:\/\/www.19paulfort.com\/galerie\/index.php\/wp-json\/wp\/v2\/posts\/3733\/revisions\/3864"}],"wp:attachment":[{"href":"http:\/\/www.19paulfort.com\/galerie\/index.php\/wp-json\/wp\/v2\/media?parent=3733"}],"wp:term":[{"taxonomy":"category","embeddable":true,"href":"http:\/\/www.19paulfort.com\/galerie\/index.php\/wp-json\/wp\/v2\/categories?post=3733"},{"taxonomy":"post_tag","embeddable":true,"href":"http:\/\/www.19paulfort.com\/galerie\/index.php\/wp-json\/wp\/v2\/tags?post=3733"}],"curies":[{"name":"wp","href":"https:\/\/api.w.org\/{rel}","templated":true}]}}