{"id":3777,"date":"2016-09-20T22:13:45","date_gmt":"2016-09-20T21:13:45","guid":{"rendered":"http:\/\/www.19paulfort.com\/galerie\/?p=3777"},"modified":"2020-01-08T15:36:52","modified_gmt":"2020-01-08T14:36:52","slug":"cleavers-gerald","status":"publish","type":"post","link":"http:\/\/www.19paulfort.com\/galerie\/index.php\/2016\/09\/20\/cleavers-gerald\/","title":{"rendered":"CLEAVER Gerald \u2022"},"content":{"rendered":"<h1><a href=\"http:\/\/www.19paulfort.com\/galerie\/wp-content\/uploads\/2016\/09\/20160929_192222.jpg\"><img loading=\"lazy\" decoding=\"async\" class=\"aligncenter size-large wp-image-3827\" src=\"http:\/\/www.19paulfort.com\/galerie\/wp-content\/uploads\/2016\/09\/20160929_192222-768x1024.jpg\" alt=\"20160929_192222\" width=\"768\" height=\"1024\" srcset=\"http:\/\/www.19paulfort.com\/galerie\/wp-content\/uploads\/2016\/09\/20160929_192222-768x1024.jpg 768w, http:\/\/www.19paulfort.com\/galerie\/wp-content\/uploads\/2016\/09\/20160929_192222-225x300.jpg 225w, http:\/\/www.19paulfort.com\/galerie\/wp-content\/uploads\/2016\/09\/20160929_192222-750x1000.jpg 750w, http:\/\/www.19paulfort.com\/galerie\/wp-content\/uploads\/2016\/09\/20160929_192222.jpg 945w\" sizes=\"auto, (max-width: 768px) 100vw, 768px\" \/><br \/>\n<\/a>Gerald Cleaver<\/h1>\n<p><strong>Batteur<\/strong><\/p>\n<p style=\"text-align: justify;\">N\u00e9 le 4 mai 1963 \u00e0 Detroit. Travaille et vit \u00e0 New York.<br \/>\nInspir\u00e9 par son p\u00e8re, le batteur John Cleaver, il a commenc\u00e9 tr\u00e8s jeune \u00e0 jouer de la batterie, du violon et de la trompette. Il a acquis \u00e0 D\u00e9troit une exp\u00e9rience inestimable t\u00f4t avec des ma\u00eetres du jazz tels que Ali Muhammad Jackson, Lamont Hamilton, Earl Van Riper, et Pancho Hagood.<br \/>\nIl a \u00e9tudi\u00e9 \u00e0 l&rsquo;Universit\u00e9 du Michigan, avec le batteur Victor Lewis. Dpl\u00f4m\u00e9 en 1992 , il commence \u00e0 enseigner \u00e0 Detroit, o\u00f9 il a travaill\u00e9 avec Rodney Whitaker, A. Spencer Barefield, Marcus Belgrave, Donald Walden, Wendell Harrison, et avec des musiciens de passage tels que Hank Jones, Tommy Flanagan, Barry Harris, Kenny Burrell, Frank Foster, Cecil Bridgewater, Ray Bryant, Eddie Harris, Dennis Rowland, Howard Johnson, Diana Krall, et Don Byron.<br \/>\nEn 1995, il a accept\u00e9 un poste de professeur adjoint des \u00e9tudes de jazz \u00e0 l&rsquo;Universit\u00e9 du Michigan, et en 1998, a \u00e9galement rejoint la facult\u00e9 de jazz \u00e0 l&rsquo;Universit\u00e9 d&rsquo;\u00c9tat du Michigan. Il a d\u00e9m\u00e9nag\u00e9 \u00e0 New York en 2002.<br \/>\nIl a fait des tourn\u00e9es et \/ ou enregistr\u00e9 avec Henry Threadgill, Roscoe Mitchell, Lotte Anker, Matt Shipp, William Parker, Craig Taborn, Kevin Mahogany, Charles Gayle, Mario Pavone, Ralph Alessi, Jacky Terrasson, Muhal Richard Abrams, Tim Berne, Jeremy Pelt, Ellery Eskelin, David Torn, Miroslav Vitous, Terje Rypdal, Michael Formanek, Tomasz Stanko et Charles Lloyd, entre autres.<\/p>\n<figure id=\"attachment_8385\" aria-describedby=\"caption-attachment-8385\" style=\"width: 1024px\" class=\"wp-caption aligncenter\"><img loading=\"lazy\" decoding=\"async\" class=\"size-large wp-image-8385\" src=\"http:\/\/www.19paulfort.com\/galerie\/wp-content\/uploads\/2020\/01\/GeraldCLEAVER_byRalphPhillips-1024x682.jpeg\" alt=\"\" width=\"1024\" height=\"682\" srcset=\"http:\/\/www.19paulfort.com\/galerie\/wp-content\/uploads\/2020\/01\/GeraldCLEAVER_byRalphPhillips-1024x682.jpeg 1024w, http:\/\/www.19paulfort.com\/galerie\/wp-content\/uploads\/2020\/01\/GeraldCLEAVER_byRalphPhillips-300x200.jpeg 300w, http:\/\/www.19paulfort.com\/galerie\/wp-content\/uploads\/2020\/01\/GeraldCLEAVER_byRalphPhillips-768x511.jpeg 768w, http:\/\/www.19paulfort.com\/galerie\/wp-content\/uploads\/2020\/01\/GeraldCLEAVER_byRalphPhillips-750x499.jpeg 750w, http:\/\/www.19paulfort.com\/galerie\/wp-content\/uploads\/2020\/01\/GeraldCLEAVER_byRalphPhillips.jpeg 1280w\" sizes=\"auto, (max-width: 1024px) 100vw, 1024px\" \/><figcaption id=\"caption-attachment-8385\" class=\"wp-caption-text\">Gerald Cleaver \u00a9 Ralph Phillips<\/figcaption><\/figure>\n<hr \/>\n<p style=\"text-align: justify;\"><strong>Cet artiste a particip\u00e9 rue Paul Fort \u00e0 :<\/strong><\/p>\n<p style=\"text-align: justify;\">Un concert en trio avec <a href=\"http:\/\/www.19paulfort.com\/galerie\/index.php\/2020\/01\/08\/maneri-mat\/\">Mat Maneri<\/a> (violon\/alto) et <a href=\"http:\/\/www.19paulfort.com\/galerie\/index.php\/2016\/05\/25\/leandre-joelle\/\">Jo\u00eblle L\u00e9andre<\/a> (contrebasse), le 25 janvier 2020<em><br \/>\n<\/em>&gt; <a href=\"http:\/\/www.19paulfort.com\/galerie\/index.php\/2020\/01\/08\/concert-trio-g-cleaver-m-maneri-j-leandre-25-janvier-2020\/\">Lien vers l&rsquo;\u00e9v\u00e9nement<\/a><\/p>\n<p style=\"text-align: justify;\">Un concert dans le cadre de l&rsquo;exposition <a href=\"http:\/\/www.19paulfort.com\/galerie\/index.php\/2016\/08\/26\/exposition-les-plaisirs-de-lassiette-15-septembre-5-octobre-2016\/\">\u00ab\u00a0Les Plaisirs de l&rsquo;assiette\u00a0\u00bb<\/a>, le 29 septembre 2016, avec le saxophoniste <a href=\"http:\/\/www.19paulfort.com\/galerie\/index.php\/2016\/05\/25\/ochs-larry\/\">Larry Ochs<\/a><br \/>\n&gt; <a href=\"http:\/\/www.19paulfort.com\/galerie\/index.php\/2016\/09\/20\/concert-duo-larry-ochs-gerald-cleaer-29-sept-2016\/\">Lien vers le concert.<\/a><\/p>\n","protected":false},"excerpt":{"rendered":"<p>Gerald Cleaver Batteur N\u00e9 le 4 mai 1963 \u00e0 Detroit. Travaille et vit \u00e0 New York. Inspir\u00e9 par son p\u00e8re, le batteur John Cleaver, il a commenc\u00e9 tr\u00e8s jeune \u00e0 jouer de la batterie, du violon et de la trompette. Il a acquis \u00e0 D\u00e9troit une exp\u00e9rience inestimable t\u00f4t avec des ma\u00eetres du jazz tels&hellip;<a href=\"http:\/\/www.19paulfort.com\/galerie\/index.php\/2016\/09\/20\/cleavers-gerald\/\" class=\"more-link\">Continue reading <span class=\"screen-reader-text\">CLEAVER Gerald \u2022<\/span><\/a><\/p>\n","protected":false},"author":1,"featured_media":0,"comment_status":"closed","ping_status":"closed","sticky":false,"template":"","format":"standard","meta":{"footnotes":""},"categories":[18,26,20,19],"tags":[],"class_list":["post-3777","post","type-post","status-publish","format-standard","hentry","category-artistes-invites","category-musiciens-compositeurs","category-par-nom","category-par-pratique-artistique"],"_links":{"self":[{"href":"http:\/\/www.19paulfort.com\/galerie\/index.php\/wp-json\/wp\/v2\/posts\/3777","targetHints":{"allow":["GET"]}}],"collection":[{"href":"http:\/\/www.19paulfort.com\/galerie\/index.php\/wp-json\/wp\/v2\/posts"}],"about":[{"href":"http:\/\/www.19paulfort.com\/galerie\/index.php\/wp-json\/wp\/v2\/types\/post"}],"author":[{"embeddable":true,"href":"http:\/\/www.19paulfort.com\/galerie\/index.php\/wp-json\/wp\/v2\/users\/1"}],"replies":[{"embeddable":true,"href":"http:\/\/www.19paulfort.com\/galerie\/index.php\/wp-json\/wp\/v2\/comments?post=3777"}],"version-history":[{"count":10,"href":"http:\/\/www.19paulfort.com\/galerie\/index.php\/wp-json\/wp\/v2\/posts\/3777\/revisions"}],"predecessor-version":[{"id":8408,"href":"http:\/\/www.19paulfort.com\/galerie\/index.php\/wp-json\/wp\/v2\/posts\/3777\/revisions\/8408"}],"wp:attachment":[{"href":"http:\/\/www.19paulfort.com\/galerie\/index.php\/wp-json\/wp\/v2\/media?parent=3777"}],"wp:term":[{"taxonomy":"category","embeddable":true,"href":"http:\/\/www.19paulfort.com\/galerie\/index.php\/wp-json\/wp\/v2\/categories?post=3777"},{"taxonomy":"post_tag","embeddable":true,"href":"http:\/\/www.19paulfort.com\/galerie\/index.php\/wp-json\/wp\/v2\/tags?post=3777"}],"curies":[{"name":"wp","href":"https:\/\/api.w.org\/{rel}","templated":true}]}}