{"id":3983,"date":"2016-10-06T15:54:50","date_gmt":"2016-10-06T14:54:50","guid":{"rendered":"http:\/\/www.19paulfort.com\/galerie\/?p=3983"},"modified":"2016-10-06T15:59:48","modified_gmt":"2016-10-06T14:59:48","slug":"skala-lousje","status":"publish","type":"post","link":"http:\/\/www.19paulfort.com\/galerie\/index.php\/2016\/10\/06\/skala-lousje\/","title":{"rendered":"SKALA Lousje \u2022"},"content":{"rendered":"<p><img loading=\"lazy\" decoding=\"async\" class=\"aligncenter\" src=\"http:\/\/19paulfort.com\/images\/stories\/expositions\/Audeladesmers\/AUSTRALIE\/SKALA\/Portrait%20Lousje%20Skala.jpg\" alt=\"\" width=\"385\" height=\"578\" border=\"0\" \/><\/p>\n<h1>Lousje Skala<\/h1>\n<p><strong>Cr\u00e9atrice de bijoux<\/strong><\/p>\n<p>Lives Australia.<\/p>\n<p><strong>Qualifications<\/strong><br \/>\n1978<br \/>\nDiploma of Art &amp; Design, Gold and Silversmithing, RMIT University, Melbourne<\/p>\n<p>2010<br \/>\nMaster of Visual Arts Monash University, Melbourne. Each graded result in this degree was assessed at High Distinction<\/p>\n<p>2013<br \/>\nWill complete Master of Fine Art, Monash University, Melbourne<\/p>\n<p>1978 &#8211; 2009<br \/>\nProfessional Careers in Corporate &amp; Private Business<\/p>\n<p><strong>Awards<\/strong><br \/>\n2010<br \/>\nThe inaugural Mari Funaki Award for Excellence<br \/>\n2013 Entrant in juried exhibition Schmuck 2013<\/p>\n<p><strong>Collections<\/strong><br \/>\nPrivate collections in Melbourne, Sydney, Perth, New York and Boston.<\/p>\n<p style=\"text-align: justify;\"><strong>Artist Statement<\/strong><br \/>\n\u00ab\u00a0Combining two ancient innate phenomena : the attraction to and obsession with the reflective mirrored surface and that of adornment, I link the social and sense of self to contemporary jewellery. Using mirror as leitmotif and metaphor, reflection as both material and concept are central to my artistic practice. I apply these rich and complex notions on an intimate scale and investigate the significance of the reflective worn object on the human body. The mirror, always unpredictable, forever changing and despite its ubiquitous nature in modern society is for me a \u201cpolysemous trope\u201d (Goscilo) and an endless empirical device\u00a0\u00bb.<\/p>\n<p style=\"text-align: justify;\">\u00ab\u00a0En combinant deux ph\u00e9nom\u00e8nes inn\u00e9s antiques: l&rsquo;attraction et l&rsquo;obsession du miroir-surface r\u00e9fl\u00e9chissante- et la parure-ornement-, je relie le cot\u00e9 social et le cot\u00e9 ultra personnel du bijou contemporain. L\u2019utilisation du miroir comme leitmotiv et m\u00e9taphore de la r\u00e9flexion \u00e0 la fois mat\u00e9rielle et concept, est au c\u0153ur de ma pratique artistique. J&rsquo;applique ces notions riches et complexes \u00e0 une \u00e9chelle intime et enqu\u00eate sur l&rsquo;importance de l&rsquo;objet r\u00e9fl\u00e9chissant port\u00e9 sur le corps humain. Le miroir, toujours impr\u00e9visible, changeant \u00e0 jamais et en d\u00e9pit de son omnipr\u00e9sence dans la soci\u00e9t\u00e9 moderne est pour moi un \u00abtrope polys\u00e9mique\u00bb (Goscilo) et un dispositif empirique sans fin.\u00a0\u00bb<\/p>\n<hr \/>\n<p><strong>Cette artiste a particip\u00e9 rue Paul Fort \u00e0 :<\/strong><\/p>\n<p>L&rsquo;exposition \u00ab\u00a0Au-del\u00e0 du pr\u00e9cieux, au-del\u00e0 des mers\u00a0\u00bb en septembre octobre 2013<\/p>\n<p><a href=\"http:\/\/www.19paulfort.com\/galerie\/index.php\/2016\/06\/01\/exposition-au-dela-du-precieux-au-dela-des-mers-beyond-precious-beyond-the-oceans-sept-oct-2013\/\">&gt;\u00a0Lien vers l&rsquo;exposition<\/a><\/p>\n<hr \/>\n<p><strong>Photos<\/strong><\/p>\n<p><em><img loading=\"lazy\" decoding=\"async\" src=\"http:\/\/19paulfort.com\/images\/stories\/expositions\/Audeladesmers\/AUSTRALIE\/SKALA\/Photo%20HR%20LS-16157.jpg\" alt=\"\" width=\"492\" height=\"739\" border=\"0\" \/><\/em><\/p>\n","protected":false},"excerpt":{"rendered":"<p>Lousje Skala Cr\u00e9atrice de bijoux Lives Australia. Qualifications 1978 Diploma of Art &amp; Design, Gold and Silversmithing, RMIT University, Melbourne 2010 Master of Visual Arts Monash University, Melbourne. Each graded result in this degree was assessed at High Distinction 2013 Will complete Master of Fine Art, Monash University, Melbourne 1978 &#8211; 2009 Professional Careers in&hellip;<a href=\"http:\/\/www.19paulfort.com\/galerie\/index.php\/2016\/10\/06\/skala-lousje\/\" class=\"more-link\">Continue reading <span class=\"screen-reader-text\">SKALA Lousje \u2022<\/span><\/a><\/p>\n","protected":false},"author":1,"featured_media":0,"comment_status":"closed","ping_status":"closed","sticky":false,"template":"","format":"standard","meta":{"footnotes":""},"categories":[18,30,20,19],"tags":[],"class_list":["post-3983","post","type-post","status-publish","format-standard","hentry","category-artistes-invites","category-createurs-de-bijoux","category-par-nom","category-par-pratique-artistique"],"_links":{"self":[{"href":"http:\/\/www.19paulfort.com\/galerie\/index.php\/wp-json\/wp\/v2\/posts\/3983","targetHints":{"allow":["GET"]}}],"collection":[{"href":"http:\/\/www.19paulfort.com\/galerie\/index.php\/wp-json\/wp\/v2\/posts"}],"about":[{"href":"http:\/\/www.19paulfort.com\/galerie\/index.php\/wp-json\/wp\/v2\/types\/post"}],"author":[{"embeddable":true,"href":"http:\/\/www.19paulfort.com\/galerie\/index.php\/wp-json\/wp\/v2\/users\/1"}],"replies":[{"embeddable":true,"href":"http:\/\/www.19paulfort.com\/galerie\/index.php\/wp-json\/wp\/v2\/comments?post=3983"}],"version-history":[{"count":1,"href":"http:\/\/www.19paulfort.com\/galerie\/index.php\/wp-json\/wp\/v2\/posts\/3983\/revisions"}],"predecessor-version":[{"id":3984,"href":"http:\/\/www.19paulfort.com\/galerie\/index.php\/wp-json\/wp\/v2\/posts\/3983\/revisions\/3984"}],"wp:attachment":[{"href":"http:\/\/www.19paulfort.com\/galerie\/index.php\/wp-json\/wp\/v2\/media?parent=3983"}],"wp:term":[{"taxonomy":"category","embeddable":true,"href":"http:\/\/www.19paulfort.com\/galerie\/index.php\/wp-json\/wp\/v2\/categories?post=3983"},{"taxonomy":"post_tag","embeddable":true,"href":"http:\/\/www.19paulfort.com\/galerie\/index.php\/wp-json\/wp\/v2\/tags?post=3983"}],"curies":[{"name":"wp","href":"https:\/\/api.w.org\/{rel}","templated":true}]}}