{"id":4028,"date":"2016-10-08T11:31:20","date_gmt":"2016-10-08T10:31:20","guid":{"rendered":"http:\/\/www.19paulfort.com\/galerie\/?p=4028"},"modified":"2017-12-23T18:09:49","modified_gmt":"2017-12-23T17:09:49","slug":"crespin-laurence","status":"publish","type":"post","link":"http:\/\/www.19paulfort.com\/galerie\/index.php\/2016\/10\/08\/crespin-laurence\/","title":{"rendered":"CRESPIN Laurence \u2022"},"content":{"rendered":"<h1><img loading=\"lazy\" decoding=\"async\" class=\"aligncenter size-large wp-image-5448\" src=\"http:\/\/www.19paulfort.com\/galerie\/wp-content\/uploads\/2016\/10\/Laurence-CRESPIN-1-768x1024.jpg\" alt=\"\" width=\"768\" height=\"1024\" srcset=\"http:\/\/www.19paulfort.com\/galerie\/wp-content\/uploads\/2016\/10\/Laurence-CRESPIN-1-768x1024.jpg 768w, http:\/\/www.19paulfort.com\/galerie\/wp-content\/uploads\/2016\/10\/Laurence-CRESPIN-1-225x300.jpg 225w, http:\/\/www.19paulfort.com\/galerie\/wp-content\/uploads\/2016\/10\/Laurence-CRESPIN-1-750x1000.jpg 750w, http:\/\/www.19paulfort.com\/galerie\/wp-content\/uploads\/2016\/10\/Laurence-CRESPIN-1.jpg 1417w\" sizes=\"auto, (max-width: 768px) 100vw, 768px\" \/><br \/>\nLaurence Crespin<\/h1>\n<p style=\"text-align: justify;\"><strong>C\u00e9ramiste<\/strong><\/p>\n<p>Vit et travaille \u00e0 Paris<\/p>\n<p>\u00ab\u00a0Apr\u00e8s des ann\u00e9es d&rsquo;une autre vie, mon chemin croise la terre, on dit \u00ab la c\u00e9ramique \u00bb \u00e0 Bruxelles. Court apprentissage, puis longue rupture.\u00a0De retour \u00e0 Paris, elle se rappelle \u00e0 moi de fa\u00e7on d\u00e9tourn\u00e9e. Je reprends un apprentissage strict de la technique et des \u00e9maux. La r\u00e9alisation tr\u00e8s naturellement passe par l&rsquo;envie de perfection. L&rsquo;inspiration est celle des rencontres fortuites, objets, volumes, surfaces crois\u00e9s qui, sans en prendre conscience, marquent le v\u00e9cu.<br \/>\nC&rsquo;est ainsi que s&rsquo;est impos\u00e9 \u00e0 moi pour habiter cet \u00ab Espace \u00bb l&rsquo;envie de narrer les passages de cette \u00e9volution des \u0153uvres qui, par leur lumi\u00e8re, leurs liens, leur vie disent en les rassemblant un discours, celui de la vie. Elles sont les mots d&rsquo;une page que l&rsquo;on n&rsquo;\u00e9crit pas\u00a0\u00bb. <strong>Laurence Crespin<br \/>\n<a href=\"http:\/\/www.19paulfort.com\/galerie\/wp-content\/uploads\/2016\/04\/crespin.png\"><img loading=\"lazy\" decoding=\"async\" class=\"aligncenter size-full wp-image-4015\" src=\"http:\/\/www.19paulfort.com\/galerie\/wp-content\/uploads\/2016\/04\/crespin.png\" alt=\"crespin\" width=\"520\" height=\"348\" srcset=\"http:\/\/www.19paulfort.com\/galerie\/wp-content\/uploads\/2016\/04\/crespin.png 520w, http:\/\/www.19paulfort.com\/galerie\/wp-content\/uploads\/2016\/04\/crespin-300x201.png 300w\" sizes=\"auto, (max-width: 520px) 100vw, 520px\" \/><\/a><\/strong><\/p>\n<hr \/>\n<p><strong>Cette artiste a particip\u00e9 au 19 Paul Fort \u00e0 :\u00a0<\/strong><\/p>\n<p><a href=\"http:\/\/www.19paulfort.com\/galerie\/index.php\/2016\/10\/08\/exposition-architecture-formes-couleurs-13-au-30-octobre-2016\/\">&gt; L&rsquo;exposition \u00ab\u00a0Architecture, formes, couleurs\u00a0\u00bb, du 13 au 30 octobre 2016<\/a><\/p>\n","protected":false},"excerpt":{"rendered":"<p>Laurence Crespin C\u00e9ramiste Vit et travaille \u00e0 Paris \u00ab\u00a0Apr\u00e8s des ann\u00e9es d&rsquo;une autre vie, mon chemin croise la terre, on dit \u00ab la c\u00e9ramique \u00bb \u00e0 Bruxelles. Court apprentissage, puis longue rupture.\u00a0De retour \u00e0 Paris, elle se rappelle \u00e0 moi de fa\u00e7on d\u00e9tourn\u00e9e. Je reprends un apprentissage strict de la technique et des \u00e9maux. La&hellip;<a href=\"http:\/\/www.19paulfort.com\/galerie\/index.php\/2016\/10\/08\/crespin-laurence\/\" class=\"more-link\">Continue reading <span class=\"screen-reader-text\">CRESPIN Laurence \u2022<\/span><\/a><\/p>\n","protected":false},"author":1,"featured_media":0,"comment_status":"closed","ping_status":"closed","sticky":false,"template":"","format":"standard","meta":{"footnotes":""},"categories":[18,31,20,19],"tags":[],"class_list":["post-4028","post","type-post","status-publish","format-standard","hentry","category-artistes-invites","category-ceramistes-potiers-vanniers","category-par-nom","category-par-pratique-artistique"],"_links":{"self":[{"href":"http:\/\/www.19paulfort.com\/galerie\/index.php\/wp-json\/wp\/v2\/posts\/4028","targetHints":{"allow":["GET"]}}],"collection":[{"href":"http:\/\/www.19paulfort.com\/galerie\/index.php\/wp-json\/wp\/v2\/posts"}],"about":[{"href":"http:\/\/www.19paulfort.com\/galerie\/index.php\/wp-json\/wp\/v2\/types\/post"}],"author":[{"embeddable":true,"href":"http:\/\/www.19paulfort.com\/galerie\/index.php\/wp-json\/wp\/v2\/users\/1"}],"replies":[{"embeddable":true,"href":"http:\/\/www.19paulfort.com\/galerie\/index.php\/wp-json\/wp\/v2\/comments?post=4028"}],"version-history":[{"count":5,"href":"http:\/\/www.19paulfort.com\/galerie\/index.php\/wp-json\/wp\/v2\/posts\/4028\/revisions"}],"predecessor-version":[{"id":5449,"href":"http:\/\/www.19paulfort.com\/galerie\/index.php\/wp-json\/wp\/v2\/posts\/4028\/revisions\/5449"}],"wp:attachment":[{"href":"http:\/\/www.19paulfort.com\/galerie\/index.php\/wp-json\/wp\/v2\/media?parent=4028"}],"wp:term":[{"taxonomy":"category","embeddable":true,"href":"http:\/\/www.19paulfort.com\/galerie\/index.php\/wp-json\/wp\/v2\/categories?post=4028"},{"taxonomy":"post_tag","embeddable":true,"href":"http:\/\/www.19paulfort.com\/galerie\/index.php\/wp-json\/wp\/v2\/tags?post=4028"}],"curies":[{"name":"wp","href":"https:\/\/api.w.org\/{rel}","templated":true}]}}