{"id":4030,"date":"2016-10-08T11:32:32","date_gmt":"2016-10-08T10:32:32","guid":{"rendered":"http:\/\/www.19paulfort.com\/galerie\/?p=4030"},"modified":"2017-12-23T18:05:56","modified_gmt":"2017-12-23T17:05:56","slug":"accoceberry-samuel","status":"publish","type":"post","link":"http:\/\/www.19paulfort.com\/galerie\/index.php\/2016\/10\/08\/accoceberry-samuel\/","title":{"rendered":"ACCOCEBERRY Samuel \u2022"},"content":{"rendered":"<h1 style=\"text-align: justify;\"><img loading=\"lazy\" decoding=\"async\" class=\"aligncenter size-large wp-image-5444\" src=\"http:\/\/www.19paulfort.com\/galerie\/wp-content\/uploads\/2016\/10\/Samuel-ACCOCEBERRY-768x1024.jpg\" alt=\"\" width=\"768\" height=\"1024\" srcset=\"http:\/\/www.19paulfort.com\/galerie\/wp-content\/uploads\/2016\/10\/Samuel-ACCOCEBERRY-768x1024.jpg 768w, http:\/\/www.19paulfort.com\/galerie\/wp-content\/uploads\/2016\/10\/Samuel-ACCOCEBERRY-225x300.jpg 225w, http:\/\/www.19paulfort.com\/galerie\/wp-content\/uploads\/2016\/10\/Samuel-ACCOCEBERRY-750x1000.jpg 750w, http:\/\/www.19paulfort.com\/galerie\/wp-content\/uploads\/2016\/10\/Samuel-ACCOCEBERRY.jpg 1417w\" sizes=\"auto, (max-width: 768px) 100vw, 768px\" \/><br \/>\nSamuel Accoceberry<\/h1>\n<p style=\"text-align: justify;\"><strong>Designer<br \/>\n<\/strong><br \/>\nN\u00e9 \u00e0 Bordeaux, vit et travaille \u00e0 Paris.<br \/>\nDipl\u00f4m\u00e9 de l\u2019Ecole Nationale Sup\u00e9rieure d\u2019Art de Nancy et de l\u2019\u00e9cole Raymond Loewy en Esth\u00e9tique Industrielle.<br \/>\nEn 2001, il part pour Milan et travaille plusieurs ann\u00e9es pour diff\u00e9rents studios de design, tels que : Antonio Citterio, Rodolfo Dordoni et Paolo Zani.\u00a0De retour \u00e0 Paris en 2004, Il travaille \u00e0 l\u2019agence LDesign\/Arik L\u00e9vy en tant que design-manager pendant 6 ans, et g\u00e8re de nombreux projets sur diff\u00e9rents domaines.\u00a0En parall\u00e8le, \u00e0 partir de 2008, il commence \u00e0 d\u00e9velopper ses propres projets avec l\u2019aide du VIA, ainsi que des produits pour l\u2019\u00e9diteur Alki.\u00a0Il obtient succ\u00e9ssivement deux Red Dot Design Award pour son \u00e9tag\u00e8re Infinity et pour la chaise Air Chair. En 2010, il ouvre son propre studio et collabore avec diff\u00e9rentes soci\u00e9t\u00e9s en tant que designer, directeur artistique et plasticien.\u00a0Au P\u00f4le Exp\u00e9rimental des M\u00e9tiers d\u2019Arts de Nontron en 2012, o\u00f9 il y d\u00e9veloppe un projet valorisant les savoir-faire li\u00e9s \u00e0 l\u2019artisanat d\u2019art.\u00a0A la fin de l\u2019ann\u00e9e 2013, il a re\u00e7u que le Grand Prix de la Cr\u00e9ation de la Ville de Paris pour l\u2019ensemble de ses cr\u00e9ations ainsi que pour sa d\u00e9marche cr\u00e9ative.<\/p>\n<p><strong>EXPOSITIONS :<br \/>\n<\/strong><br \/>\n<strong>2016<\/strong><br \/>\nBiennale Internationale de la C\u00e9ramique de Vallauris \u00ab\u00a0Design@Farnese\u00a0\u00bb &#8211; Ambassade de France &#8211; Rome D&rsquo;Days &#8211; Mus\u00e9e des Arts D\u00e9coratifs &#8211; Paris<br \/>\nInstittut Fran\u00e7ais du Danemark &#8211; Copenhague Wanted Design NYC &#8211; Manhattan<br \/>\n\u00ab\u00a0Remix\u00a0\u00bb &#8211; Galerie Olivier Waltman &#8211; Paris<br \/>\n<strong>2015<\/strong><br \/>\n\u00ab\u00a0Design Design \/ l&rsquo;Art et la Mati\u00e8re\u00a0\u00bb &#8211; Pollen \/ Monflanquin \u00ab\u00a0Le Design c&rsquo;est?&#8230;\u00a0\u00bb &#8211; Agence Culturelle Dordogne-P\u00e9rigord D&rsquo;Days \/ Drouot &#8211; Paris<br \/>\nART 15 London &#8211; Galerie Olivier Waltman Art Paris 15 &#8211; Galerie Olivier Waltman<br \/>\n<strong>2014<\/strong><br \/>\n\u00ab\u00a0Conversations\u00a0\u00bb &#8211; Mus\u00e9e d&rsquo;Art Moderne de la Ville de Paris<br \/>\nD&rsquo;Days \/ Lab by Legrand &#8211; Paris<br \/>\n\u00ab\u00a0Int\u00e9rieur \/ Ext\u00e9rieur \/ Passage\u00a0\u00bb &#8211; P\u00f4le Exp\u00e9rimental des M\u00e9tiers d&rsquo;Arts de Nontron<br \/>\n<strong>2013<\/strong><br \/>\n\u00ab\u00a0Talents \u00e0 suivre\u00a0\u00bb &#8211; Ateliers de Paris<br \/>\n\u00ab\u00a0Exemplaires\u00a0\u00bb &#8211; Caf\u00e9 INTRAMUROS \/ Maison &amp; Objet &#8211; Paris<br \/>\n\u00ab\u00a0Beyond\u00a0\u00bb by Nelly Rodi &#8211; Maison &amp; Objet &#8211; Paris Label VIA13 &#8211; Paris<br \/>\nLabel VIA13 &#8211; Design Tour 13<br \/>\nD&rsquo;Days \/ Marcel By &#8211; Paris<br \/>\n\u00ab\u00a0Psychotropia\u00a0\u00bb \/ Fran\u00e7ois Bernard &#8211; Maison &amp; Objet &#8211; Paris<br \/>\n\u00ab\u00a0Tapis sign\u00e9s\u00a0\u00bb \/ Caf\u00e9 Intramuros &#8211; Maison &amp; Objet &#8211; Paris Showroom \/ Marcel By &#8211; D&rsquo;Days 13 &#8211; Paris<br \/>\nFirstfloor &#8211; Luxembourg<br \/>\nSalone del Mobile &#8211; Milan<br \/>\n\u00ab\u00a0In the Mood for IKEA\u00a0\u00bb \/ Biennale Internationale Design Saint Etienne KAMA . Sex and Design \/ Triennale &#8211; Milan<br \/>\n<strong>2012<\/strong><br \/>\n\u00ab\u00a0Memorabilia\u00a0\u00bb \/ RECIPROCITY Design Li\u00e8ge 2012 \u00ab\u00a0Mati\u00e8res\u00a0\u00bb \/ Groupe des 5 &#8211; Les Glaci\u00e8res &#8211; Bordeaux Experimental Pole of Crafts &#8211; Nontron<br \/>\nICI Design \/ AGORA &#8211; Base Sous Marine &#8211; Bordeaux<br \/>\n\u00ab\u00a0In the Mood for IKEA\u00a0\u00bb \/ Paris Design Week &#8211; Dock en Seine &#8211; Paris \u00ab\u00a0Design a Cappella\u00a0\u00bb \/ Mus\u00e9e des Jacobins &#8211; Agen<br \/>\nLabel VIA &#8211; Galerie VIA &#8211; Paris<br \/>\n\u00ab\u00a0Forza Tappeti\u00a0\u00bb \/ Rug Revolution &#8211; Gallery Manoukian Noseda &#8211; Milan<br \/>\nGalerie Lafayette Maison &#8211; selection 2012 &#8211; Paris<br \/>\nObserveur du Design 2012 \/ Cit\u00e9 des Sciences et de l&rsquo;Industrie &#8211; Paris<br \/>\n<strong>2011<\/strong><br \/>\nGalerie Lafayette Maison &#8211; s\u00e9lection 2011 &#8211; Paris B Awards Design Festival &#8211; Bilbao<br \/>\n<strong>2010 &#8211;\u00a02009 &#8211;\u00a02008 &#8211;\u00a02006 &#8211;\u00a02005<\/strong><br \/>\nChic Art Fair &#8211; Dock en Seine &#8211; Paris<br \/>\nLabel VIA &#8211; Galerie VIA &#8211; Paris<br \/>\nEscales du Design &#8211; Hangar 14 \u2013 Bordeaux<br \/>\nDesign libre \u00e0 \u00e9dition \/ VIA &#8211; Galerie VIA &#8211; Paris Aide \u00e0 Projet 2009 \/ VIA &#8211; Galerie VIA &#8211; Paris \/ Milan<br \/>\nBiennale Internationale Design Saint Etienne Aide \u00e0 Projet 2008 \/ VIA &#8211; Paris \/ Milan<br \/>\nDream Design Factory &#8211; Istanbul design week Industreal &#8211; Milan<br \/>\nMade for China \/ OPOS &#8211; Milan Industreal &#8211; Milan<\/p>\n<p style=\"text-align: justify;\"><a href=\"http:\/\/www.19paulfort.com\/galerie\/wp-content\/uploads\/2016\/04\/Accoceberry-Invit.jpg\"><img loading=\"lazy\" decoding=\"async\" class=\"aligncenter size-large wp-image-4016\" src=\"http:\/\/www.19paulfort.com\/galerie\/wp-content\/uploads\/2016\/04\/Accoceberry-Invit-1024x722.jpg\" alt=\"accoceberry-invit\" width=\"1024\" height=\"722\" srcset=\"http:\/\/www.19paulfort.com\/galerie\/wp-content\/uploads\/2016\/04\/Accoceberry-Invit-1024x722.jpg 1024w, http:\/\/www.19paulfort.com\/galerie\/wp-content\/uploads\/2016\/04\/Accoceberry-Invit-300x211.jpg 300w, http:\/\/www.19paulfort.com\/galerie\/wp-content\/uploads\/2016\/04\/Accoceberry-Invit-768x541.jpg 768w, http:\/\/www.19paulfort.com\/galerie\/wp-content\/uploads\/2016\/04\/Accoceberry-Invit-750x529.jpg 750w, http:\/\/www.19paulfort.com\/galerie\/wp-content\/uploads\/2016\/04\/Accoceberry-Invit.jpg 1240w\" sizes=\"auto, (max-width: 1024px) 100vw, 1024px\" \/><\/a><\/p>\n<hr \/>\n<p style=\"text-align: justify;\"><strong>Cet artiste a particip\u00e9 au 19 Paul Fort \u00e0 :\u00a0<\/strong><\/p>\n<p style=\"text-align: justify;\"><a href=\"http:\/\/www.19paulfort.com\/galerie\/index.php\/2016\/10\/08\/exposition-architecture-formes-couleurs-13-au-30-octobre-2016\/\">&gt; L&rsquo;exposition \u00ab\u00a0Architecture, formes, couleurs\u00a0\u00bb, du 13 au 30 octobre 2016<\/a><\/p>\n","protected":false},"excerpt":{"rendered":"<p>Samuel Accoceberry Designer N\u00e9 \u00e0 Bordeaux, vit et travaille \u00e0 Paris. Dipl\u00f4m\u00e9 de l\u2019Ecole Nationale Sup\u00e9rieure d\u2019Art de Nancy et de l\u2019\u00e9cole Raymond Loewy en Esth\u00e9tique Industrielle. En 2001, il part pour Milan et travaille plusieurs ann\u00e9es pour diff\u00e9rents studios de design, tels que : Antonio Citterio, Rodolfo Dordoni et Paolo Zani.\u00a0De retour \u00e0 Paris&hellip;<a href=\"http:\/\/www.19paulfort.com\/galerie\/index.php\/2016\/10\/08\/accoceberry-samuel\/\" class=\"more-link\">Continue reading <span class=\"screen-reader-text\">ACCOCEBERRY Samuel \u2022<\/span><\/a><\/p>\n","protected":false},"author":1,"featured_media":0,"comment_status":"closed","ping_status":"closed","sticky":false,"template":"","format":"standard","meta":{"footnotes":""},"categories":[18,28,20,19],"tags":[],"class_list":["post-4030","post","type-post","status-publish","format-standard","hentry","category-artistes-invites","category-designers","category-par-nom","category-par-pratique-artistique"],"_links":{"self":[{"href":"http:\/\/www.19paulfort.com\/galerie\/index.php\/wp-json\/wp\/v2\/posts\/4030","targetHints":{"allow":["GET"]}}],"collection":[{"href":"http:\/\/www.19paulfort.com\/galerie\/index.php\/wp-json\/wp\/v2\/posts"}],"about":[{"href":"http:\/\/www.19paulfort.com\/galerie\/index.php\/wp-json\/wp\/v2\/types\/post"}],"author":[{"embeddable":true,"href":"http:\/\/www.19paulfort.com\/galerie\/index.php\/wp-json\/wp\/v2\/users\/1"}],"replies":[{"embeddable":true,"href":"http:\/\/www.19paulfort.com\/galerie\/index.php\/wp-json\/wp\/v2\/comments?post=4030"}],"version-history":[{"count":6,"href":"http:\/\/www.19paulfort.com\/galerie\/index.php\/wp-json\/wp\/v2\/posts\/4030\/revisions"}],"predecessor-version":[{"id":5445,"href":"http:\/\/www.19paulfort.com\/galerie\/index.php\/wp-json\/wp\/v2\/posts\/4030\/revisions\/5445"}],"wp:attachment":[{"href":"http:\/\/www.19paulfort.com\/galerie\/index.php\/wp-json\/wp\/v2\/media?parent=4030"}],"wp:term":[{"taxonomy":"category","embeddable":true,"href":"http:\/\/www.19paulfort.com\/galerie\/index.php\/wp-json\/wp\/v2\/categories?post=4030"},{"taxonomy":"post_tag","embeddable":true,"href":"http:\/\/www.19paulfort.com\/galerie\/index.php\/wp-json\/wp\/v2\/tags?post=4030"}],"curies":[{"name":"wp","href":"https:\/\/api.w.org\/{rel}","templated":true}]}}