{"id":4439,"date":"2017-03-03T18:30:34","date_gmt":"2017-03-03T17:30:34","guid":{"rendered":"http:\/\/www.19paulfort.com\/galerie\/?p=4439"},"modified":"2025-09-24T19:44:59","modified_gmt":"2025-09-24T18:44:59","slug":"ducret-marc","status":"publish","type":"post","link":"http:\/\/www.19paulfort.com\/galerie\/index.php\/2017\/03\/03\/ducret-marc\/","title":{"rendered":"DUCRET Marc &#8211;"},"content":{"rendered":"<figure id=\"attachment_4442\" aria-describedby=\"caption-attachment-4442\" style=\"width: 800px\" class=\"wp-caption aligncenter\"><img loading=\"lazy\" decoding=\"async\" class=\"wp-image-4442\" src=\"http:\/\/www.19paulfort.com\/galerie\/wp-content\/uploads\/2017\/03\/Marc-DUCRET.jpg\" alt=\"\" width=\"800\" height=\"532\" srcset=\"http:\/\/www.19paulfort.com\/galerie\/wp-content\/uploads\/2017\/03\/Marc-DUCRET.jpg 3000w, http:\/\/www.19paulfort.com\/galerie\/wp-content\/uploads\/2017\/03\/Marc-DUCRET-300x200.jpg 300w, http:\/\/www.19paulfort.com\/galerie\/wp-content\/uploads\/2017\/03\/Marc-DUCRET-768x511.jpg 768w, http:\/\/www.19paulfort.com\/galerie\/wp-content\/uploads\/2017\/03\/Marc-DUCRET-1024x681.jpg 1024w, http:\/\/www.19paulfort.com\/galerie\/wp-content\/uploads\/2017\/03\/Marc-DUCRET-750x499.jpg 750w\" sizes=\"auto, (max-width: 800px) 100vw, 800px\" \/><figcaption id=\"caption-attachment-4442\" class=\"wp-caption-text\">\u00a9 Photographie\u00a0 : John Guillemin<\/figcaption><\/figure>\n<h1>Marc Ducret<\/h1>\n<p><strong>Guitariste, compositeur<\/strong><\/p>\n<p style=\"text-align: justify;\">Attir\u00e9 par des modes d&rsquo;expression tr\u00e8s divers, tant dans son jeu de guitare qui int\u00e8gre une grande vari\u00e9t\u00e9 de techniques de production du son que dans son travail de compositeur, Ducret joue des guitares \u00e9lectriques et acoustiques \u00e0 6 et\u202812 cordes, fretless, baryton, soprano.<br \/>\nDepuis 2014, il est directeur artistique de l&rsquo;association <em>SEVEN SONGS.<\/em><br \/>\nDe 75 \u00e0 83 : bal, orchestres de danse, folklore, travail en studio.<br \/>\nDe 83 \u00e0 89 : forme ses propres groupes et joue avec D. Humair, M. Portal, J. Ku\u0308 hn, H. Texier, D. Friedman, L. Schneider, A. Emler, A. Nussbaum, D. Lockwood&#8230; Concerts, tourn\u00e9es et festivals en Allemagne, France, Italie, au Japon, en Inde et\u2028en Afrique et membre du premier Orchestre National de Jazz (F. Jeanneau).<br \/>\nAnn\u00e9es 90 : <em>Acoustic Quartet<\/em> de Sclavis\/Pifar\u00e9ly, Bobby Previte, Joey Baron, D. Sanborn, D. Bates, trio (avec B. Chevillon et E. Echampard), B<em>ig Satan, Bloodcount et Science Friction<\/em> de T. Berne\u2026 et <em>Seven songs from the sixties<\/em> relecture, avec\u202810 musiciens, de pop songs).<br \/>\nAnn\u00e9es 2000 : <em>le Sens de la Marche<\/em> (11 musiciens), <em>Chantier III<\/em> (commande d\u2019\u00c9tat pour l&rsquo;Ensemble Cairn), <em>Tapage<\/em> (commande du Printemps des Arts de Monte Carlo, 2004), <em>Pour M\u00e9moire<\/em> (cr\u00e9e au festival Pr\u00e9sences, Radio France \u20132002), soliste et compositeur pour Tian Xia\/Sous le ciel (Label Forge\/2007),\u2028 <em>Apparitions<\/em>, cr\u00e9ation enregistr\u00e9e \u00e0 Radio-France, avec Sylvaine H\u00e9lary et No\u00e9mi Boutin (2013).<\/p>\n<p style=\"text-align: justify;\"><strong>\u2028MUSIQUE ET LITT\u00c9RATURE<\/strong><br \/>\n<em>&#8211; Qui Parle? (Sketch)<\/em>, dans lequel textes, musique, voix et rythme \u00e9taient \u00e9troitement m\u00eal\u00e9s, 2003.<br \/>\n<em>&#8211; Happy Together<\/em> (commande de <em>Canal 93<\/em>) jouait avec les \u00e9chos sonores et textuels de mai 68, 2008.<br \/>\n&#8211; Soliste dans l&rsquo;op\u00e9ra de Marc Monnet <em>Pan!<\/em> texte de C.Tarkos, (Op\u00e9ra National du Rhin), 2004.<br \/>\n&#8211; <em>Un sang d&rsquo;encre fait se c\u00f4toyer \u00ab\u00a0la Colonie P\u00e9nitentiaire\u00a0\u00bb de Kafka, \u00ab\u00a0la Belle au Bois dormant\u00a0\u00bb<\/em> et des rapports de religieux espagnols sur la colonisation en Am\u00e9rique centrale (2007-2011).<br \/>\n&#8211; <em>Tower<\/em> est une tentative de transcription musicale des techniques narratives de V. Nabokov (Tower vol.1, 2, 3,4 et double cd pour Ayler records ; 2008-2015).<br \/>\n<em>&#8211; Chroniques de la mer gel\u00e9e<\/em>, pour voix lyrique, guitare, claviers (piano, clavecin), trombone, fl\u00fbte et violoncelle et textes de Kafka, Stevenson, Michaux, Sprenger (cr\u00e9ation 2014).<\/p>\n<figure id=\"attachment_8080\" aria-describedby=\"caption-attachment-8080\" style=\"width: 1000px\" class=\"wp-caption aligncenter\"><img loading=\"lazy\" decoding=\"async\" class=\"size-full wp-image-8080\" src=\"http:\/\/www.19paulfort.com\/galerie\/wp-content\/uploads\/2017\/03\/marc_ducret_copyriht_laurent_poiget.jpg\" alt=\"\" width=\"1000\" height=\"715\" srcset=\"http:\/\/www.19paulfort.com\/galerie\/wp-content\/uploads\/2017\/03\/marc_ducret_copyriht_laurent_poiget.jpg 1000w, http:\/\/www.19paulfort.com\/galerie\/wp-content\/uploads\/2017\/03\/marc_ducret_copyriht_laurent_poiget-300x215.jpg 300w, http:\/\/www.19paulfort.com\/galerie\/wp-content\/uploads\/2017\/03\/marc_ducret_copyriht_laurent_poiget-768x549.jpg 768w, http:\/\/www.19paulfort.com\/galerie\/wp-content\/uploads\/2017\/03\/marc_ducret_copyriht_laurent_poiget-750x536.jpg 750w\" sizes=\"auto, (max-width: 1000px) 100vw, 1000px\" \/><figcaption id=\"caption-attachment-8080\" class=\"wp-caption-text\">\u00a9 Laurent Poiget<\/figcaption><\/figure>\n<hr \/>\n<p style=\"text-align: justify;\"><strong>Cet artiste a particip\u00e9 au 19 Paul Fort \u00e0 :<br \/>\n<\/strong><br \/>\n<strong>Un concert en duo avec St\u00e9phane Payen au saxophone, le 8 octobre 2025<\/strong><br \/>\n<strong>&gt; <a href=\"https:\/\/www.19paulfort.com\/galerie\/index.php\/2025\/09\/24\/10-08-octobre-concert-marc-ducret-guitare-stephane-payen-saxophone\/\" target=\"_blank\" rel=\"noopener\">Lien vers l&rsquo;\u00e9v\u00e9nement<\/a><\/strong><\/p>\n<p style=\"text-align: justify;\"><strong>Un concert en trio avec le batteur Peter Bruun et le tromboniste Samuel Blaser, le 4 novembre 2024<\/strong><br \/>\n<strong><a href=\"https:\/\/www.19paulfort.com\/galerie\/index.php\/2024\/10\/22\/concerts-hommage-au-trio-de-jazz-formule-magique-4-et-5-novembre-2024\/\" target=\"_blank\" rel=\"noopener\">&gt; Lien vers l&rsquo;\u00e9v\u00e9nement<\/a><\/strong><\/p>\n<p style=\"text-align: justify;\"><strong>Un concert en trio avec St\u00e9phane Payen (saxophone) et Dominique Pifar\u00e9ly (violon), le 23 octobre 2021, \u00ab\u00a0Autour de James Baldwin\u00a0\u00bb<\/strong><br \/>\n<strong><a href=\"http:\/\/www.19paulfort.com\/galerie\/index.php\/2021\/10\/05\/concert-autour-de-james-baldwin-m-ducret-d-pifarely-s-payen-23-octobre-2021\/\" target=\"_blank\" rel=\"noopener\">&gt; Lien vers l&rsquo;\u00e9v\u00e9nement<\/a><\/strong><\/p>\n<p style=\"text-align: justify;\"><strong>Un concert en trio avec St\u00e9phane Payen (saxophone) et Tom Rainey (batterie), le 11 novembre 2019<\/strong><br \/>\n<strong><a href=\"http:\/\/www.19paulfort.com\/galerie\/index.php\/2019\/10\/20\/concert-trio-ducret-guitare-payen-sax-rainey-batterie-11-novembre-2019\/\" target=\"_blank\" rel=\"noopener\">&gt; Lien vers l&rsquo;\u00e9v\u00e9nement<\/a><\/strong><\/p>\n<p style=\"text-align: justify;\"><strong>Un concert en duo avec la contrebassiste Jo\u00eblle L\u00e9andre, le 13 mai 2018<\/strong><br \/>\n<strong><a href=\"http:\/\/www.19paulfort.com\/galerie\/index.php\/2018\/01\/26\/concert-joelle-leandre-et-marc-ducret-28-janvier-2018\/\" target=\"_blank\" rel=\"noopener\">&gt; Lien vers l&rsquo;\u00e9v\u00e9nement<\/a><\/strong><\/p>\n<p style=\"text-align: justify;\"><strong>Un concert le 14 mars 2017 avec Samuel Blaser (tromboniste)<\/strong><br \/>\n<strong><a href=\"http:\/\/www.19paulfort.com\/galerie\/index.php\/2017\/03\/03\/concert-marc-ducret-et-samuel-blaser-14-mars-2017\/\" target=\"_blank\" rel=\"noopener\">&gt; Lien vers l&rsquo;\u00e9v\u00e9nement<\/a><\/strong><\/p>\n","protected":false},"excerpt":{"rendered":"<p>Marc Ducret Guitariste, compositeur Attir\u00e9 par des modes d&rsquo;expression tr\u00e8s divers, tant dans son jeu de guitare qui int\u00e8gre une grande vari\u00e9t\u00e9 de techniques de production du son que dans son travail de compositeur, Ducret joue des guitares \u00e9lectriques et acoustiques \u00e0 6 et\u202812 cordes, fretless, baryton, soprano. Depuis 2014, il est directeur artistique de&hellip;<a href=\"http:\/\/www.19paulfort.com\/galerie\/index.php\/2017\/03\/03\/ducret-marc\/\" class=\"more-link\">Continue reading <span class=\"screen-reader-text\">DUCRET Marc &#8211;<\/span><\/a><\/p>\n","protected":false},"author":1,"featured_media":0,"comment_status":"closed","ping_status":"closed","sticky":false,"template":"","format":"standard","meta":{"footnotes":""},"categories":[18,26,20,19],"tags":[],"class_list":["post-4439","post","type-post","status-publish","format-standard","hentry","category-artistes-invites","category-musiciens-compositeurs","category-par-nom","category-par-pratique-artistique"],"_links":{"self":[{"href":"http:\/\/www.19paulfort.com\/galerie\/index.php\/wp-json\/wp\/v2\/posts\/4439","targetHints":{"allow":["GET"]}}],"collection":[{"href":"http:\/\/www.19paulfort.com\/galerie\/index.php\/wp-json\/wp\/v2\/posts"}],"about":[{"href":"http:\/\/www.19paulfort.com\/galerie\/index.php\/wp-json\/wp\/v2\/types\/post"}],"author":[{"embeddable":true,"href":"http:\/\/www.19paulfort.com\/galerie\/index.php\/wp-json\/wp\/v2\/users\/1"}],"replies":[{"embeddable":true,"href":"http:\/\/www.19paulfort.com\/galerie\/index.php\/wp-json\/wp\/v2\/comments?post=4439"}],"version-history":[{"count":26,"href":"http:\/\/www.19paulfort.com\/galerie\/index.php\/wp-json\/wp\/v2\/posts\/4439\/revisions"}],"predecessor-version":[{"id":13799,"href":"http:\/\/www.19paulfort.com\/galerie\/index.php\/wp-json\/wp\/v2\/posts\/4439\/revisions\/13799"}],"wp:attachment":[{"href":"http:\/\/www.19paulfort.com\/galerie\/index.php\/wp-json\/wp\/v2\/media?parent=4439"}],"wp:term":[{"taxonomy":"category","embeddable":true,"href":"http:\/\/www.19paulfort.com\/galerie\/index.php\/wp-json\/wp\/v2\/categories?post=4439"},{"taxonomy":"post_tag","embeddable":true,"href":"http:\/\/www.19paulfort.com\/galerie\/index.php\/wp-json\/wp\/v2\/tags?post=4439"}],"curies":[{"name":"wp","href":"https:\/\/api.w.org\/{rel}","templated":true}]}}