{"id":4445,"date":"2017-03-03T18:39:13","date_gmt":"2017-03-03T17:39:13","guid":{"rendered":"http:\/\/www.19paulfort.com\/galerie\/?p=4445"},"modified":"2025-10-14T18:18:13","modified_gmt":"2025-10-14T17:18:13","slug":"blaser-samuel","status":"publish","type":"post","link":"http:\/\/www.19paulfort.com\/galerie\/index.php\/2017\/03\/03\/blaser-samuel\/","title":{"rendered":"BLASER Samuel \u2022"},"content":{"rendered":"<h1><img loading=\"lazy\" decoding=\"async\" class=\"aligncenter wp-image-12376 size-full\" src=\"http:\/\/www.19paulfort.com\/galerie\/wp-content\/uploads\/2017\/03\/blaser-scaled.jpg\" alt=\"\" width=\"1920\" height=\"2560\" srcset=\"http:\/\/www.19paulfort.com\/galerie\/wp-content\/uploads\/2017\/03\/blaser-scaled.jpg 1920w, http:\/\/www.19paulfort.com\/galerie\/wp-content\/uploads\/2017\/03\/blaser-225x300.jpg 225w, http:\/\/www.19paulfort.com\/galerie\/wp-content\/uploads\/2017\/03\/blaser-768x1024.jpg 768w, http:\/\/www.19paulfort.com\/galerie\/wp-content\/uploads\/2017\/03\/blaser-1152x1536.jpg 1152w, http:\/\/www.19paulfort.com\/galerie\/wp-content\/uploads\/2017\/03\/blaser-1536x2048.jpg 1536w, http:\/\/www.19paulfort.com\/galerie\/wp-content\/uploads\/2017\/03\/blaser-750x1000.jpg 750w\" sizes=\"auto, (max-width: 1920px) 100vw, 1920px\" \/><br \/>\nSamuel Blaser<\/h1>\n<p><strong>Trombone, composition<\/strong><\/p>\n<p style=\"text-align: justify;\">Laur\u00e9at du European Jazz Award 2019 et du Downbeat Magazine Critics Poll 2021 dans la cat\u00e9gorie \u00ab\u00a0Rising Star Trombone\u00a0\u00bb, Samuel Blaser est n\u00e9 et a grandi \u00e0 La Chaux-de-Fonds en Suisse, a v\u00e9cu de nombreuses ann\u00e9es \u00e0 New York avant de s&rsquo;installer \u00e0 Berlin. Reconnu pour son jazz expansif et audacieux, riche d&rsquo;influences blues, classiques et avant-gardistes, ce tromboniste, compositeur et producteur multi-prim\u00e9 d\u00e9veloppe un langage musical singulier qui allie virtuosit\u00e9 technique et profondeur \u00e9motionnelle.<\/p>\n<hr \/>\n<p style=\"text-align: justify;\"><strong>Cet artiste a particip\u00e9 au 19 Paul Fort \u00e0 :<\/strong><\/p>\n<p><strong>&gt; <a href=\"https:\/\/www.19paulfort.com\/galerie\/index.php\/2025\/10\/14\/10-25-octobre-concert-trio-samuel-blaser-trombone-bruno-chevillon-contrebasse-vincent-courtois-violoncelle\/\" target=\"_blank\" rel=\"noopener\">Un concert en trio avec Vincent Courtois, violoncelle et Bruno Chevillon, contrebasse, le 25 octobre 2025<\/a><\/strong><\/p>\n<p><strong>&gt; <a href=\"https:\/\/www.19paulfort.com\/galerie\/index.php\/2024\/10\/22\/concerts-hommage-au-trio-de-jazz-formule-magique-4-et-5-novembre-2024\/\" target=\"_blank\" rel=\"noopener\">Un concert en trio avec le batteur Peter Bruun et le guitariste Marc Ducret, le 4 novembre 2024<\/a><\/strong><\/p>\n<p><strong>&gt; <a href=\"http:\/\/www.19paulfort.com\/galerie\/index.php\/2022\/05\/11\/concert-le-duo-samuel-blaser-trombone-pierre-favre-percussions-31-mai-2022\/\">Un concert en duo avec Pierre Favre (percussions) le 31 mai 2022<\/a><\/strong><\/p>\n<p><strong>&gt; <a href=\"http:\/\/www.19paulfort.com\/galerie\/index.php\/2019\/11\/30\/concert-conference-debat-pierre-favre-batteriepercussions-samuel-blasertrombone-franck-medioni-journaliste-ecrivain-christian-ducasse-photographe-8-dec-2019\/\">Un concert le 8 d\u00e9cembre 2019 avec Pierre Favre (batteur)<\/a><\/strong><\/p>\n<p><strong>&gt; <a href=\"http:\/\/www.19paulfort.com\/galerie\/index.php\/2017\/03\/03\/concert-marc-ducret-et-samuel-blaser-14-mars-2017\/\">Un concert le 14 mars 2017 avec Marc Ducret (guitariste)<\/a><br \/>\n<\/strong><\/p>\n","protected":false},"excerpt":{"rendered":"<p>Samuel Blaser Trombone, composition Laur\u00e9at du European Jazz Award 2019 et du Downbeat Magazine Critics Poll 2021 dans la cat\u00e9gorie \u00ab\u00a0Rising Star Trombone\u00a0\u00bb, Samuel Blaser est n\u00e9 et a grandi \u00e0 La Chaux-de-Fonds en Suisse, a v\u00e9cu de nombreuses ann\u00e9es \u00e0 New York avant de s&rsquo;installer \u00e0 Berlin. Reconnu pour son jazz expansif et audacieux,&hellip;<a href=\"http:\/\/www.19paulfort.com\/galerie\/index.php\/2017\/03\/03\/blaser-samuel\/\" class=\"more-link\">Continue reading <span class=\"screen-reader-text\">BLASER Samuel \u2022<\/span><\/a><\/p>\n","protected":false},"author":1,"featured_media":0,"comment_status":"closed","ping_status":"closed","sticky":false,"template":"","format":"standard","meta":{"footnotes":""},"categories":[18,26,20,19],"tags":[],"class_list":["post-4445","post","type-post","status-publish","format-standard","hentry","category-artistes-invites","category-musiciens-compositeurs","category-par-nom","category-par-pratique-artistique"],"_links":{"self":[{"href":"http:\/\/www.19paulfort.com\/galerie\/index.php\/wp-json\/wp\/v2\/posts\/4445","targetHints":{"allow":["GET"]}}],"collection":[{"href":"http:\/\/www.19paulfort.com\/galerie\/index.php\/wp-json\/wp\/v2\/posts"}],"about":[{"href":"http:\/\/www.19paulfort.com\/galerie\/index.php\/wp-json\/wp\/v2\/types\/post"}],"author":[{"embeddable":true,"href":"http:\/\/www.19paulfort.com\/galerie\/index.php\/wp-json\/wp\/v2\/users\/1"}],"replies":[{"embeddable":true,"href":"http:\/\/www.19paulfort.com\/galerie\/index.php\/wp-json\/wp\/v2\/comments?post=4445"}],"version-history":[{"count":19,"href":"http:\/\/www.19paulfort.com\/galerie\/index.php\/wp-json\/wp\/v2\/posts\/4445\/revisions"}],"predecessor-version":[{"id":13889,"href":"http:\/\/www.19paulfort.com\/galerie\/index.php\/wp-json\/wp\/v2\/posts\/4445\/revisions\/13889"}],"wp:attachment":[{"href":"http:\/\/www.19paulfort.com\/galerie\/index.php\/wp-json\/wp\/v2\/media?parent=4445"}],"wp:term":[{"taxonomy":"category","embeddable":true,"href":"http:\/\/www.19paulfort.com\/galerie\/index.php\/wp-json\/wp\/v2\/categories?post=4445"},{"taxonomy":"post_tag","embeddable":true,"href":"http:\/\/www.19paulfort.com\/galerie\/index.php\/wp-json\/wp\/v2\/tags?post=4445"}],"curies":[{"name":"wp","href":"https:\/\/api.w.org\/{rel}","templated":true}]}}