{"id":4696,"date":"2017-04-25T22:02:14","date_gmt":"2017-04-25T21:02:14","guid":{"rendered":"http:\/\/www.19paulfort.com\/galerie\/?p=4696"},"modified":"2017-12-23T18:00:30","modified_gmt":"2017-12-23T17:00:30","slug":"evrard-jean-yves","status":"publish","type":"post","link":"http:\/\/www.19paulfort.com\/galerie\/index.php\/2017\/04\/25\/evrard-jean-yves\/","title":{"rendered":"\u00c9VRARD Jean-Yves \u2022"},"content":{"rendered":"<h1><img loading=\"lazy\" decoding=\"async\" class=\"aligncenter size-large wp-image-4834\" src=\"http:\/\/www.19paulfort.com\/galerie\/wp-content\/uploads\/2017\/05\/Evrard-768x1024.jpg\" alt=\"\" width=\"768\" height=\"1024\" srcset=\"http:\/\/www.19paulfort.com\/galerie\/wp-content\/uploads\/2017\/05\/Evrard-768x1024.jpg 768w, http:\/\/www.19paulfort.com\/galerie\/wp-content\/uploads\/2017\/05\/Evrard-225x300.jpg 225w, http:\/\/www.19paulfort.com\/galerie\/wp-content\/uploads\/2017\/05\/Evrard-750x1000.jpg 750w\" sizes=\"auto, (max-width: 768px) 100vw, 768px\" \/><br \/>\nJean-Yves \u00c9vrard<\/h1>\n<p><strong>Guitariste<br \/>\n<\/strong><\/p>\n<p><em><img loading=\"lazy\" decoding=\"async\" class=\"wp-image-4745 size-full alignleft\" src=\"http:\/\/www.19paulfort.com\/galerie\/wp-content\/uploads\/2017\/04\/Evrard.jpeg\" alt=\"\" width=\"364\" height=\"295\" srcset=\"http:\/\/www.19paulfort.com\/galerie\/wp-content\/uploads\/2017\/04\/Evrard.jpeg 364w, http:\/\/www.19paulfort.com\/galerie\/wp-content\/uploads\/2017\/04\/Evrard-300x243.jpeg 300w\" sizes=\"auto, (max-width: 364px) 100vw, 364px\" \/>Fiche prochainement compl\u00e9t\u00e9e.<\/em><\/p>\n<div class=\"page\" title=\"Page 1\">\n<div class=\"layoutArea\">\n<div class=\"column\">\n<hr \/>\n<p style=\"text-align: justify;\"><strong>Cet artiste a particip\u00e9 au 19PaulFort \u00e0 :<\/strong><br \/>\n&gt; <a href=\"http:\/\/www.19paulfort.com\/galerie\/index.php\/2017\/04\/25\/concert6mai\/\">Un concert avec Christine Wodrascka et Fred Frith le 6 mai 2017<\/a><\/p>\n<\/div>\n<\/div>\n<\/div>\n","protected":false},"excerpt":{"rendered":"<p>Jean-Yves \u00c9vrard Guitariste Fiche prochainement compl\u00e9t\u00e9e. Cet artiste a particip\u00e9 au 19PaulFort \u00e0 : &gt; Un concert avec Christine Wodrascka et Fred Frith le 6 mai 2017<\/p>\n","protected":false},"author":1,"featured_media":0,"comment_status":"closed","ping_status":"closed","sticky":false,"template":"","format":"standard","meta":{"footnotes":""},"categories":[18,26,20,19],"tags":[],"class_list":["post-4696","post","type-post","status-publish","format-standard","hentry","category-artistes-invites","category-musiciens-compositeurs","category-par-nom","category-par-pratique-artistique"],"_links":{"self":[{"href":"http:\/\/www.19paulfort.com\/galerie\/index.php\/wp-json\/wp\/v2\/posts\/4696","targetHints":{"allow":["GET"]}}],"collection":[{"href":"http:\/\/www.19paulfort.com\/galerie\/index.php\/wp-json\/wp\/v2\/posts"}],"about":[{"href":"http:\/\/www.19paulfort.com\/galerie\/index.php\/wp-json\/wp\/v2\/types\/post"}],"author":[{"embeddable":true,"href":"http:\/\/www.19paulfort.com\/galerie\/index.php\/wp-json\/wp\/v2\/users\/1"}],"replies":[{"embeddable":true,"href":"http:\/\/www.19paulfort.com\/galerie\/index.php\/wp-json\/wp\/v2\/comments?post=4696"}],"version-history":[{"count":8,"href":"http:\/\/www.19paulfort.com\/galerie\/index.php\/wp-json\/wp\/v2\/posts\/4696\/revisions"}],"predecessor-version":[{"id":5440,"href":"http:\/\/www.19paulfort.com\/galerie\/index.php\/wp-json\/wp\/v2\/posts\/4696\/revisions\/5440"}],"wp:attachment":[{"href":"http:\/\/www.19paulfort.com\/galerie\/index.php\/wp-json\/wp\/v2\/media?parent=4696"}],"wp:term":[{"taxonomy":"category","embeddable":true,"href":"http:\/\/www.19paulfort.com\/galerie\/index.php\/wp-json\/wp\/v2\/categories?post=4696"},{"taxonomy":"post_tag","embeddable":true,"href":"http:\/\/www.19paulfort.com\/galerie\/index.php\/wp-json\/wp\/v2\/tags?post=4696"}],"curies":[{"name":"wp","href":"https:\/\/api.w.org\/{rel}","templated":true}]}}