{"id":4784,"date":"2017-05-08T08:07:35","date_gmt":"2017-05-08T07:07:35","guid":{"rendered":"http:\/\/www.19paulfort.com\/galerie\/?p=4784"},"modified":"2020-02-05T23:16:14","modified_gmt":"2020-02-05T22:16:14","slug":"praml-gregor","status":"publish","type":"post","link":"http:\/\/www.19paulfort.com\/galerie\/index.php\/2017\/05\/08\/praml-gregor\/","title":{"rendered":"PRAML Gregor &#8211;"},"content":{"rendered":"<h1>Gregor Praml<\/h1>\n<p><strong>Contrebasse<\/strong><\/p>\n<p style=\"text-align: justify;\">Vit et travaille \u00e0 Francfort, Allemagne.<br \/>\n\u00ab\u00a0Le musicien franco-allemand Gregor Praml vit \u00e0 nouveau dans sa ville natale de Francfort et est \u00e9troitement li\u00e9 \u00e0 la sc\u00e8ne musicale locale \u00e0 travers de multiple projets.<br \/>\nEn tant que musicien, il a \u00e9tudi\u00e9 la basse \u00e9lectrique et la contrebasse (il a \u00e9tudi\u00e9 le jazz au conservatoire de musique Franz Liszt \u00e0 Weimar) et a \u00e9t\u00e9 membre de l\u2019ensemble Mi Loco Tango, qui a re\u00e7u plusieurs prix internationaux.<br \/>\nLorsque Gregor Praml organise et compose pour des productions th\u00e9atrales, de performance et de danse, cela commence toujours par la basse comme instrument principal, qui n\u2019ai plus seulement un instrument d\u2019accompagnement mais peut appara\u00eetre comme un soliste inhabituel. En particulier, l\u2019utilisation de boucles et d\u2019effets lui donne une toute nouvelle approche pour jouer de son instrument. R\u00e9cemment, Gregor Praml a \u00e9t\u00e9 engag\u00e9 comme compositeur responsable de la musique pour ANTIGONE (J. Anouilh) au Theaterhaus Frankfurt et FREIER FALL (K.Dahlem) au Staatstheater N\u00fcrnberg, ainsi que pour la pi\u00e8ce de danse ROCK WIE HOSE et ALLER ANFANG (chor\u00e9graphie\u00a0: C\u00e9lestine Hennermann) \u00e9galement au Theaterhaus Frankfurt.<br \/>\nEnfin et surtout, Praml travaille en tant qu\u2019\u00e9diteur de musique ind\u00e9pendant chez Hessischer Rundfunk dans le programme hr2-kultur et en tant que mod\u00e9rateur et animateur de la s\u00e9rie de concerts The LOKAL Listener &#8211; Gregor Praml meets\u2026 at K\u00fcnstlerhaus Mousonturm.\u00a0\u00bb.<br \/>\n<a href=\"http:\/\/www.gregorpraml.de\" target=\"_blank\" rel=\"noopener noreferrer\">www.gregorpraml.de<\/a><\/p>\n<p><img loading=\"lazy\" decoding=\"async\" class=\"aligncenter size-large wp-image-8523\" src=\"http:\/\/www.19paulfort.com\/galerie\/wp-content\/uploads\/2020\/02\/Gregor-Praml-724x1024.jpg\" alt=\"\" width=\"724\" height=\"1024\" srcset=\"http:\/\/www.19paulfort.com\/galerie\/wp-content\/uploads\/2020\/02\/Gregor-Praml-724x1024.jpg 724w, http:\/\/www.19paulfort.com\/galerie\/wp-content\/uploads\/2020\/02\/Gregor-Praml-212x300.jpg 212w, http:\/\/www.19paulfort.com\/galerie\/wp-content\/uploads\/2020\/02\/Gregor-Praml-768x1086.jpg 768w, http:\/\/www.19paulfort.com\/galerie\/wp-content\/uploads\/2020\/02\/Gregor-Praml-1087x1536.jpg 1087w, http:\/\/www.19paulfort.com\/galerie\/wp-content\/uploads\/2020\/02\/Gregor-Praml-750x1060.jpg 750w, http:\/\/www.19paulfort.com\/galerie\/wp-content\/uploads\/2020\/02\/Gregor-Praml.jpg 1240w\" sizes=\"auto, (max-width: 724px) 100vw, 724px\" \/><\/p>\n<hr \/>\n<p style=\"text-align: justify;\"><strong>Cet artiste a particip\u00e9 au 19PaulFort \u00e0 :<br \/>\n<\/strong><a href=\"http:\/\/www.19paulfort.com\/galerie\/index.php\/2020\/02\/05\/concert-bass-solo-gregor-praml-15-fevrier-2020\/\">&gt; Un concert en solo le 15 f\u00e9vrier 2020<\/a><br \/>\n<a href=\"http:\/\/www.19paulfort.com\/galerie\/index.php\/2017\/05\/08\/concert-du-trio-tri-of-us-j-hubert-b-schullan-g-praml-25-mai-2017\/\">&gt; Un concert au sein du trio \u00ab\u00a0tri.of.us\u00a0\u00bb le jeudi 25 mai 2017 avec Jens Hubert (piano) et Bernhard Schullan (batterie)<\/a><\/p>\n","protected":false},"excerpt":{"rendered":"<p>Gregor Praml Contrebasse Vit et travaille \u00e0 Francfort, Allemagne. \u00ab\u00a0Le musicien franco-allemand Gregor Praml vit \u00e0 nouveau dans sa ville natale de Francfort et est \u00e9troitement li\u00e9 \u00e0 la sc\u00e8ne musicale locale \u00e0 travers de multiple projets. En tant que musicien, il a \u00e9tudi\u00e9 la basse \u00e9lectrique et la contrebasse (il a \u00e9tudi\u00e9 le jazz&hellip;<a href=\"http:\/\/www.19paulfort.com\/galerie\/index.php\/2017\/05\/08\/praml-gregor\/\" class=\"more-link\">Continue reading <span class=\"screen-reader-text\">PRAML Gregor &#8211;<\/span><\/a><\/p>\n","protected":false},"author":1,"featured_media":0,"comment_status":"closed","ping_status":"closed","sticky":false,"template":"","format":"standard","meta":{"footnotes":""},"categories":[18,26,20,19],"tags":[],"class_list":["post-4784","post","type-post","status-publish","format-standard","hentry","category-artistes-invites","category-musiciens-compositeurs","category-par-nom","category-par-pratique-artistique"],"_links":{"self":[{"href":"http:\/\/www.19paulfort.com\/galerie\/index.php\/wp-json\/wp\/v2\/posts\/4784","targetHints":{"allow":["GET"]}}],"collection":[{"href":"http:\/\/www.19paulfort.com\/galerie\/index.php\/wp-json\/wp\/v2\/posts"}],"about":[{"href":"http:\/\/www.19paulfort.com\/galerie\/index.php\/wp-json\/wp\/v2\/types\/post"}],"author":[{"embeddable":true,"href":"http:\/\/www.19paulfort.com\/galerie\/index.php\/wp-json\/wp\/v2\/users\/1"}],"replies":[{"embeddable":true,"href":"http:\/\/www.19paulfort.com\/galerie\/index.php\/wp-json\/wp\/v2\/comments?post=4784"}],"version-history":[{"count":9,"href":"http:\/\/www.19paulfort.com\/galerie\/index.php\/wp-json\/wp\/v2\/posts\/4784\/revisions"}],"predecessor-version":[{"id":8534,"href":"http:\/\/www.19paulfort.com\/galerie\/index.php\/wp-json\/wp\/v2\/posts\/4784\/revisions\/8534"}],"wp:attachment":[{"href":"http:\/\/www.19paulfort.com\/galerie\/index.php\/wp-json\/wp\/v2\/media?parent=4784"}],"wp:term":[{"taxonomy":"category","embeddable":true,"href":"http:\/\/www.19paulfort.com\/galerie\/index.php\/wp-json\/wp\/v2\/categories?post=4784"},{"taxonomy":"post_tag","embeddable":true,"href":"http:\/\/www.19paulfort.com\/galerie\/index.php\/wp-json\/wp\/v2\/tags?post=4784"}],"curies":[{"name":"wp","href":"https:\/\/api.w.org\/{rel}","templated":true}]}}