{"id":4799,"date":"2017-05-08T08:22:51","date_gmt":"2017-05-08T07:22:51","guid":{"rendered":"http:\/\/www.19paulfort.com\/galerie\/?p=4799"},"modified":"2025-03-01T18:04:47","modified_gmt":"2025-03-01T17:04:47","slug":"concert-du-trio-tri-of-us-j-hubert-b-schullan-g-praml-25-mai-2017","status":"publish","type":"post","link":"http:\/\/www.19paulfort.com\/galerie\/index.php\/2017\/05\/08\/concert-du-trio-tri-of-us-j-hubert-b-schullan-g-praml-25-mai-2017\/","title":{"rendered":"05 &#8211; 25 mai &#8211; Concert du trio \u00ab\u00a0tri.of.us\u00a0\u00bb : J. Hubert, B. Schullan, G. Praml  &#8211;"},"content":{"rendered":"<h2 style=\"text-align: center;\"><span style=\"color: #a1192d;\">\u00a0<\/span><\/h2>\n<p style=\"text-align: justify;\"><img loading=\"lazy\" decoding=\"async\" class=\"aligncenter size-full wp-image-4782\" src=\"http:\/\/www.19paulfort.com\/galerie\/wp-content\/uploads\/2016\/04\/DSC_2917.jpg\" alt=\"\" width=\"640\" height=\"428\" srcset=\"http:\/\/www.19paulfort.com\/galerie\/wp-content\/uploads\/2016\/04\/DSC_2917.jpg 640w, http:\/\/www.19paulfort.com\/galerie\/wp-content\/uploads\/2016\/04\/DSC_2917-300x201.jpg 300w\" sizes=\"auto, (max-width: 640px) 100vw, 640px\" \/><\/p>\n<h1 style=\"text-align: left;\"><span style=\"color: #a1192d;\">tri.of.us<\/span><\/h1>\n<h1 style=\"text-align: left;\">Jens Hubert<\/h1>\n<p style=\"text-align: left;\"><strong>piano<\/strong><\/p>\n<h1 style=\"text-align: left;\">Gregor Praml<\/h1>\n<p style=\"text-align: left;\"><strong>contrebasse<\/strong><\/p>\n<h1 style=\"text-align: left;\">Bernhard Schullan<\/h1>\n<p style=\"text-align: left;\"><strong>batterie<\/strong><\/p>\n<p style=\"text-align: left;\"><strong><span style=\"color: #a1192d;\"><span style=\"color: #000000;\">jeudi 25 mai 2017 \u00e0 20h30<\/span><\/span><\/strong><\/p>\n<p style=\"text-align: justify;\">Une musique de Jazz influenc\u00e9e par le Rock et la musique populaire<br \/>\nUn pianiste, un bassiste et un batteur se rencontrent. Le premier est musicien de jazz pur et dur, le second a \u00e9tudi\u00e9 le jazz mais s\u2019est plut\u00f4t occup\u00e9 de tango et de musique de th\u00e9\u00e2tre, quant au troisi\u00e8me le jazz a toujours \u00e9t\u00e9 sa grande passion.<br \/>\nQue se passe-t- il quand ils d\u00e9cident de cr\u00e9er un trio ? Ils veulent en effet ouvrir la discipline royale du jazz : le piano trio, en lui trouvant de nouvelles facettes. Tout est permis, que ce soit les moyens \u00e9lectroniques, par exemple quand le contrebassiste <a href=\"http:\/\/www.19paulfort.com\/galerie\/index.php\/2017\/05\/08\/praml-gregor\/\"><strong>Gregor Praml<\/strong><\/a>, en les utilisant, arrive \u00e0 multiplier ou \u00e0 transformer son instrument , ou la recherche de sons inhabituels \u00e0 la batterie de <a href=\"http:\/\/www.19paulfort.com\/galerie\/index.php\/2017\/05\/08\/schullan-bernhard\/\"><strong>Bernhard Schullan<\/strong><\/a> ou encore l\u2019\u00e9criture de morceaux de musique que le pianiste <a href=\"http:\/\/www.19paulfort.com\/galerie\/index.php\/2017\/05\/08\/hubert-jens\/\"><strong>Jens Hubert<\/strong><\/a> place au-del\u00e0 du jazz en ouvrant les portes au Rock, au Blues ou au Grunge. Il ne s\u2019agit donc pas de trois individualistes mais de trois musiciens travaillant \u00e0 une m\u00eame production. Un nouveau trio est ainsi n\u00e9 : <strong>tri.of.us<\/strong><\/p>\n<p style=\"text-align: justify;\"><img loading=\"lazy\" decoding=\"async\" class=\"aligncenter size-large wp-image-4810\" src=\"http:\/\/www.19paulfort.com\/galerie\/wp-content\/uploads\/2017\/05\/DSC_2829-1024x886.jpeg\" alt=\"\" width=\"1024\" height=\"886\" srcset=\"http:\/\/www.19paulfort.com\/galerie\/wp-content\/uploads\/2017\/05\/DSC_2829-1024x886.jpeg 1024w, http:\/\/www.19paulfort.com\/galerie\/wp-content\/uploads\/2017\/05\/DSC_2829-300x259.jpeg 300w, http:\/\/www.19paulfort.com\/galerie\/wp-content\/uploads\/2017\/05\/DSC_2829-768x664.jpeg 768w, http:\/\/www.19paulfort.com\/galerie\/wp-content\/uploads\/2017\/05\/DSC_2829-750x649.jpeg 750w, http:\/\/www.19paulfort.com\/galerie\/wp-content\/uploads\/2017\/05\/DSC_2829.jpeg 1110w\" sizes=\"auto, (max-width: 1024px) 100vw, 1024px\" \/><\/p>\n<p>&gt; Voir la fiche de <a href=\"http:\/\/www.19paulfort.com\/galerie\/index.php\/2017\/05\/08\/praml-gregor\/\"><strong>Gregor Praml<\/strong><\/a><br \/>\n&gt; Voir la fiche de <a href=\"http:\/\/www.19paulfort.com\/galerie\/index.php\/2017\/05\/08\/schullan-bernhard\/\"><strong>Bernhard Schullan<\/strong><\/a><br \/>\n&gt; Voir la fiche de <a href=\"http:\/\/www.19paulfort.com\/galerie\/index.php\/2017\/05\/08\/hubert-jens\/\"><strong>Jens Hubert<\/strong><\/a><\/p>\n","protected":false},"excerpt":{"rendered":"<p>\u00a0 tri.of.us Jens Hubert piano Gregor Praml contrebasse Bernhard Schullan batterie jeudi 25 mai 2017 \u00e0 20h30 Une musique de Jazz influenc\u00e9e par le Rock et la musique populaire Un pianiste, un bassiste et un batteur se rencontrent. Le premier est musicien de jazz pur et dur, le second a \u00e9tudi\u00e9 le jazz mais s\u2019est&hellip;<a href=\"http:\/\/www.19paulfort.com\/galerie\/index.php\/2017\/05\/08\/concert-du-trio-tri-of-us-j-hubert-b-schullan-g-praml-25-mai-2017\/\" class=\"more-link\">Continue reading <span class=\"screen-reader-text\">05 &#8211; 25 mai &#8211; Concert du trio \u00ab\u00a0tri.of.us\u00a0\u00bb : J. Hubert, B. Schullan, G. Praml  &#8211;<\/span><\/a><\/p>\n","protected":false},"author":1,"featured_media":0,"comment_status":"closed","ping_status":"closed","sticky":false,"template":"","format":"standard","meta":{"footnotes":""},"categories":[17,14,7],"tags":[],"class_list":["post-4799","post","type-post","status-publish","format-standard","hentry","category-concerts","category-evenements-2017","category-evenements-passes"],"_links":{"self":[{"href":"http:\/\/www.19paulfort.com\/galerie\/index.php\/wp-json\/wp\/v2\/posts\/4799","targetHints":{"allow":["GET"]}}],"collection":[{"href":"http:\/\/www.19paulfort.com\/galerie\/index.php\/wp-json\/wp\/v2\/posts"}],"about":[{"href":"http:\/\/www.19paulfort.com\/galerie\/index.php\/wp-json\/wp\/v2\/types\/post"}],"author":[{"embeddable":true,"href":"http:\/\/www.19paulfort.com\/galerie\/index.php\/wp-json\/wp\/v2\/users\/1"}],"replies":[{"embeddable":true,"href":"http:\/\/www.19paulfort.com\/galerie\/index.php\/wp-json\/wp\/v2\/comments?post=4799"}],"version-history":[{"count":5,"href":"http:\/\/www.19paulfort.com\/galerie\/index.php\/wp-json\/wp\/v2\/posts\/4799\/revisions"}],"predecessor-version":[{"id":12947,"href":"http:\/\/www.19paulfort.com\/galerie\/index.php\/wp-json\/wp\/v2\/posts\/4799\/revisions\/12947"}],"wp:attachment":[{"href":"http:\/\/www.19paulfort.com\/galerie\/index.php\/wp-json\/wp\/v2\/media?parent=4799"}],"wp:term":[{"taxonomy":"category","embeddable":true,"href":"http:\/\/www.19paulfort.com\/galerie\/index.php\/wp-json\/wp\/v2\/categories?post=4799"},{"taxonomy":"post_tag","embeddable":true,"href":"http:\/\/www.19paulfort.com\/galerie\/index.php\/wp-json\/wp\/v2\/tags?post=4799"}],"curies":[{"name":"wp","href":"https:\/\/api.w.org\/{rel}","templated":true}]}}