{"id":4885,"date":"2017-06-11T08:09:40","date_gmt":"2017-06-11T07:09:40","guid":{"rendered":"http:\/\/www.19paulfort.com\/galerie\/?p=4885"},"modified":"2017-06-19T17:51:52","modified_gmt":"2017-06-19T16:51:52","slug":"grdina-gordon","status":"publish","type":"post","link":"http:\/\/www.19paulfort.com\/galerie\/index.php\/2017\/06\/11\/grdina-gordon\/","title":{"rendered":"GRDINA Gordon"},"content":{"rendered":"<p><img loading=\"lazy\" decoding=\"async\" class=\"size-large wp-image-4921\" src=\"http:\/\/www.19paulfort.com\/galerie\/wp-content\/uploads\/2017\/06\/GordonGRDINA-1024x683.jpg\" alt=\"\" width=\"1024\" height=\"683\" srcset=\"http:\/\/www.19paulfort.com\/galerie\/wp-content\/uploads\/2017\/06\/GordonGRDINA-1024x683.jpg 1024w, http:\/\/www.19paulfort.com\/galerie\/wp-content\/uploads\/2017\/06\/GordonGRDINA-300x200.jpg 300w, http:\/\/www.19paulfort.com\/galerie\/wp-content\/uploads\/2017\/06\/GordonGRDINA-768x512.jpg 768w, http:\/\/www.19paulfort.com\/galerie\/wp-content\/uploads\/2017\/06\/GordonGRDINA-750x500.jpg 750w, http:\/\/www.19paulfort.com\/galerie\/wp-content\/uploads\/2017\/06\/GordonGRDINA.jpg 1500w\" sizes=\"auto, (max-width: 1024px) 100vw, 1024px\" \/><\/p>\n<h1>Gordon GRDINA<\/h1>\n<p><strong>Guitariste, joueur de oud<\/strong><\/p>\n<hr \/>\n<p><strong>Cet artiste a particip\u00e9 au 19PaulFort \u00e0 :<\/strong><br \/>\nUn concert avec Beno\u00eet Delbecq, Fran\u00e7ois Houle et Kenton Loewen, le 17 juin 2017<br \/>\n<a href=\"http:\/\/www.19paulfort.com\/galerie\/index.php\/2017\/06\/11\/concert-b-delbecq-g-grdina-f-houle-k-loewen-17-juin-2017\/\">&gt; Lien vers l&rsquo;\u00e9v\u00e9nement<\/a><\/p>\n","protected":false},"excerpt":{"rendered":"<p>Gordon GRDINA Guitariste, joueur de oud Cet artiste a particip\u00e9 au 19PaulFort \u00e0 : Un concert avec Beno\u00eet Delbecq, Fran\u00e7ois Houle et Kenton Loewen, le 17 juin 2017 &gt; Lien vers l&rsquo;\u00e9v\u00e9nement<\/p>\n","protected":false},"author":1,"featured_media":0,"comment_status":"closed","ping_status":"closed","sticky":false,"template":"","format":"standard","meta":{"footnotes":""},"categories":[18,26,20,19],"tags":[],"class_list":["post-4885","post","type-post","status-publish","format-standard","hentry","category-artistes-invites","category-musiciens-compositeurs","category-par-nom","category-par-pratique-artistique"],"_links":{"self":[{"href":"http:\/\/www.19paulfort.com\/galerie\/index.php\/wp-json\/wp\/v2\/posts\/4885","targetHints":{"allow":["GET"]}}],"collection":[{"href":"http:\/\/www.19paulfort.com\/galerie\/index.php\/wp-json\/wp\/v2\/posts"}],"about":[{"href":"http:\/\/www.19paulfort.com\/galerie\/index.php\/wp-json\/wp\/v2\/types\/post"}],"author":[{"embeddable":true,"href":"http:\/\/www.19paulfort.com\/galerie\/index.php\/wp-json\/wp\/v2\/users\/1"}],"replies":[{"embeddable":true,"href":"http:\/\/www.19paulfort.com\/galerie\/index.php\/wp-json\/wp\/v2\/comments?post=4885"}],"version-history":[{"count":5,"href":"http:\/\/www.19paulfort.com\/galerie\/index.php\/wp-json\/wp\/v2\/posts\/4885\/revisions"}],"predecessor-version":[{"id":4928,"href":"http:\/\/www.19paulfort.com\/galerie\/index.php\/wp-json\/wp\/v2\/posts\/4885\/revisions\/4928"}],"wp:attachment":[{"href":"http:\/\/www.19paulfort.com\/galerie\/index.php\/wp-json\/wp\/v2\/media?parent=4885"}],"wp:term":[{"taxonomy":"category","embeddable":true,"href":"http:\/\/www.19paulfort.com\/galerie\/index.php\/wp-json\/wp\/v2\/categories?post=4885"},{"taxonomy":"post_tag","embeddable":true,"href":"http:\/\/www.19paulfort.com\/galerie\/index.php\/wp-json\/wp\/v2\/tags?post=4885"}],"curies":[{"name":"wp","href":"https:\/\/api.w.org\/{rel}","templated":true}]}}