{"id":5066,"date":"2017-10-18T22:44:36","date_gmt":"2017-10-18T21:44:36","guid":{"rendered":"http:\/\/www.19paulfort.com\/galerie\/?p=5066"},"modified":"2025-03-01T18:09:12","modified_gmt":"2025-03-01T17:09:12","slug":"concert-duo-jean-marie-machado-didier-ithursarry-26-octobre-2017","status":"publish","type":"post","link":"http:\/\/www.19paulfort.com\/galerie\/index.php\/2017\/10\/18\/concert-duo-jean-marie-machado-didier-ithursarry-26-octobre-2017\/","title":{"rendered":"10 &#8211; 26 octobre &#8211; Concert &#8211; Duo Jean-Marie Machado &#8211; Didier Ithursarry &#8211;"},"content":{"rendered":"<p style=\"text-align: justify;\"><img loading=\"lazy\" decoding=\"async\" class=\"aligncenter wp-image-5068 size-full\" src=\"http:\/\/www.19paulfort.com\/galerie\/wp-content\/uploads\/2017\/10\/gebpialkdhaohnbh-e1508364532278.png\" alt=\"\" width=\"662\" height=\"461\" srcset=\"http:\/\/www.19paulfort.com\/galerie\/wp-content\/uploads\/2017\/10\/gebpialkdhaohnbh-e1508364532278.png 662w, http:\/\/www.19paulfort.com\/galerie\/wp-content\/uploads\/2017\/10\/gebpialkdhaohnbh-e1508364532278-300x209.png 300w\" sizes=\"auto, (max-width: 662px) 100vw, 662px\" \/><\/p>\n<p style=\"text-align: justify;\">\u00ab La musique que Jean-Marie Machado et Didier Ithursarry proposent, est naturellement le reflet d\u2019une belle complicit\u00e9, les deux instruments \u00e9voluant souvent de mani\u00e8re accol\u00e9e, sans qu\u2019une pr\u00e9cise r\u00e9partition des r\u00f4les n\u2019ait visiblement \u00e9t\u00e9 d\u00e9termin\u00e9e. Tous deux solistes et accompagnateurs, non pas \u00e0 tour de r\u00f4le mais dans un m\u00eame \u00e9lan, avec des surgissements, des commentaires, des envol\u00e9es lyriques ou des ornements qui semblent destin\u00e9s \u00e0 mettre le jeu de l\u2019autre en valeur plus qu\u2019\u00e0 de quelconques fins d\u00e9coratives. Les \u00e9changes sont sereins, presque pudiques.<br \/>\nC\u2019est avec une \u00e9gale sinc\u00e9rit\u00e9 que le duo revisite \u00ab Persegui\u00e7\u00e3o \u00bb d\u2019Avelino De Souza et Carlos Da Maia, ou le premier Nocturne de Chopin. La m\u00e9lancolie chantante du fado et le raffinement de l\u2019\u00e9criture romantique, non contents de donner lieu \u00e0 deux tr\u00e8s beaux moments de musiques, sont \u00e0 l\u2019\u00e9vidence tout \u00e0 fait appropri\u00e9s \u00e0 ce dialogue d\u00e9licat et captivant. \u00bb<\/p>\n<p><strong>R\u00e9servations indispensables \u00e0: <a href=\"mailto:helenaziza@19paulfort.com\">helenaziza@19paulfort.com<\/a><\/strong><br \/>\n<strong> Participation:<\/strong> <strong>15\u20ac<\/strong><br \/>\n&gt; Voir la fiche de <a href=\"http:\/\/www.19paulfort.com\/galerie\/index.php\/2017\/10\/18\/machado-jean-marie\/\"><strong><b>Jean-Marie Machado<\/b><\/strong><\/a><strong><b>\u00a0<\/b><\/strong>(piano, composition)<strong><b><br \/>\n<\/b><\/strong>&gt; Voir la fiche de\u00a0<a href=\"http:\/\/www.19paulfort.com\/galerie\/index.php\/2017\/10\/18\/ithursarry-didier\/\"><strong><b>Didier Ithursarry<\/b><\/strong><\/a><strong><b>\u00a0<\/b><\/strong>(accord\u00e9on, composition)<strong><b><br \/>\n<\/b><\/strong><\/p>\n","protected":false},"excerpt":{"rendered":"<p>\u00ab La musique que Jean-Marie Machado et Didier Ithursarry proposent, est naturellement le reflet d\u2019une belle complicit\u00e9, les deux instruments \u00e9voluant souvent de mani\u00e8re accol\u00e9e, sans qu\u2019une pr\u00e9cise r\u00e9partition des r\u00f4les n\u2019ait visiblement \u00e9t\u00e9 d\u00e9termin\u00e9e. Tous deux solistes et accompagnateurs, non pas \u00e0 tour de r\u00f4le mais dans un m\u00eame \u00e9lan, avec des surgissements, des&hellip;<a href=\"http:\/\/www.19paulfort.com\/galerie\/index.php\/2017\/10\/18\/concert-duo-jean-marie-machado-didier-ithursarry-26-octobre-2017\/\" class=\"more-link\">Continue reading <span class=\"screen-reader-text\">10 &#8211; 26 octobre &#8211; Concert &#8211; Duo Jean-Marie Machado &#8211; Didier Ithursarry &#8211;<\/span><\/a><\/p>\n","protected":false},"author":1,"featured_media":0,"comment_status":"closed","ping_status":"closed","sticky":false,"template":"","format":"standard","meta":{"footnotes":""},"categories":[14,7],"tags":[],"class_list":["post-5066","post","type-post","status-publish","format-standard","hentry","category-evenements-2017","category-evenements-passes"],"_links":{"self":[{"href":"http:\/\/www.19paulfort.com\/galerie\/index.php\/wp-json\/wp\/v2\/posts\/5066","targetHints":{"allow":["GET"]}}],"collection":[{"href":"http:\/\/www.19paulfort.com\/galerie\/index.php\/wp-json\/wp\/v2\/posts"}],"about":[{"href":"http:\/\/www.19paulfort.com\/galerie\/index.php\/wp-json\/wp\/v2\/types\/post"}],"author":[{"embeddable":true,"href":"http:\/\/www.19paulfort.com\/galerie\/index.php\/wp-json\/wp\/v2\/users\/1"}],"replies":[{"embeddable":true,"href":"http:\/\/www.19paulfort.com\/galerie\/index.php\/wp-json\/wp\/v2\/comments?post=5066"}],"version-history":[{"count":7,"href":"http:\/\/www.19paulfort.com\/galerie\/index.php\/wp-json\/wp\/v2\/posts\/5066\/revisions"}],"predecessor-version":[{"id":12964,"href":"http:\/\/www.19paulfort.com\/galerie\/index.php\/wp-json\/wp\/v2\/posts\/5066\/revisions\/12964"}],"wp:attachment":[{"href":"http:\/\/www.19paulfort.com\/galerie\/index.php\/wp-json\/wp\/v2\/media?parent=5066"}],"wp:term":[{"taxonomy":"category","embeddable":true,"href":"http:\/\/www.19paulfort.com\/galerie\/index.php\/wp-json\/wp\/v2\/categories?post=5066"},{"taxonomy":"post_tag","embeddable":true,"href":"http:\/\/www.19paulfort.com\/galerie\/index.php\/wp-json\/wp\/v2\/tags?post=5066"}],"curies":[{"name":"wp","href":"https:\/\/api.w.org\/{rel}","templated":true}]}}