{"id":5287,"date":"2017-12-02T19:21:34","date_gmt":"2017-12-02T18:21:34","guid":{"rendered":"http:\/\/www.19paulfort.com\/galerie\/?p=5287"},"modified":"2025-05-23T13:30:03","modified_gmt":"2025-05-23T12:30:03","slug":"rainey-tom","status":"publish","type":"post","link":"http:\/\/www.19paulfort.com\/galerie\/index.php\/2017\/12\/02\/rainey-tom\/","title":{"rendered":"RAINEY Tom \u2022"},"content":{"rendered":"<h1 data-wp-editing=\"1\"><img loading=\"lazy\" decoding=\"async\" class=\"aligncenter size-full wp-image-13560\" src=\"http:\/\/www.19paulfort.com\/galerie\/wp-content\/uploads\/2017\/12\/rainey.jpg\" alt=\"\" width=\"1200\" height=\"1600\" srcset=\"http:\/\/www.19paulfort.com\/galerie\/wp-content\/uploads\/2017\/12\/rainey.jpg 1200w, http:\/\/www.19paulfort.com\/galerie\/wp-content\/uploads\/2017\/12\/rainey-225x300.jpg 225w, http:\/\/www.19paulfort.com\/galerie\/wp-content\/uploads\/2017\/12\/rainey-768x1024.jpg 768w, http:\/\/www.19paulfort.com\/galerie\/wp-content\/uploads\/2017\/12\/rainey-1152x1536.jpg 1152w, http:\/\/www.19paulfort.com\/galerie\/wp-content\/uploads\/2017\/12\/rainey-750x1000.jpg 750w\" sizes=\"auto, (max-width: 1200px) 100vw, 1200px\" \/><br \/>\nTom Rainey<\/h1>\n<p style=\"text-align: left;\"><strong>Batteur<\/strong><\/p>\n<p style=\"text-align: justify;\"><span style=\"color: #0000ff;\"><em>English version below<br \/>\n<\/em> <\/span><br \/>\nNe\u0301 a\u0300 Santa Barbara Californie USA (1957)<\/p>\n<p><img loading=\"lazy\" decoding=\"async\" class=\"wp-image-5478 alignleft\" src=\"http:\/\/www.19paulfort.com\/galerie\/wp-content\/uploads\/2017\/12\/Tom-Rainey-768x1024.jpg\" alt=\"\" width=\"250\" height=\"333\" srcset=\"http:\/\/www.19paulfort.com\/galerie\/wp-content\/uploads\/2017\/12\/Tom-Rainey-768x1024.jpg 768w, http:\/\/www.19paulfort.com\/galerie\/wp-content\/uploads\/2017\/12\/Tom-Rainey-225x300.jpg 225w, http:\/\/www.19paulfort.com\/galerie\/wp-content\/uploads\/2017\/12\/Tom-Rainey-750x1000.jpg 750w, http:\/\/www.19paulfort.com\/galerie\/wp-content\/uploads\/2017\/12\/Tom-Rainey.jpg 1417w\" sizes=\"auto, (max-width: 250px) 100vw, 250px\" \/><\/p>\n<p style=\"text-align: justify;\">Depuis son installation a\u0300 New York en 1979, Tom Rainey est un habitue\u0301 des grands festivals et clubs a\u0300 travers l\u2019Ame\u0301rique du Nord et l\u2019Europe. Il s\u2019est produit et\/ou a enregistr\u00e9 avec John Abercrombie, Mose Allison, Julian Arg\u00fcelles, Ray Anderson, Tim Berne, Jane Ira Bloom, Anthony Braxton,\u00a0 Nels Cline, Ted Curson, Kris Davis, Marc Ducret, Mark Feldman, Michael Formanek, Drew Gress, Barry Guy, Mark Helias, Fred Hersch, Andy Laster, Ingrid Laubrock, David Liebman, Joe Lovano, Tony Malaby, Albert Mangelsdorff, Carmen McRae, Mike Nock, Simon Nabatov, New and Used, Anita O&rsquo;Day, Andrea Parkins, Herb Robertson, Angelica Sanchez, Louis Sclavis, Brad Shepik,\u00a0 Kenny Werner, Denny Zeitlin.<br \/>\n<img loading=\"lazy\" decoding=\"async\" class=\"wp-image-9960 size-medium alignright\" src=\"http:\/\/www.19paulfort.com\/galerie\/wp-content\/uploads\/2017\/12\/TomRainey-225x300.jpg\" alt=\"\" width=\"225\" height=\"300\" srcset=\"http:\/\/www.19paulfort.com\/galerie\/wp-content\/uploads\/2017\/12\/TomRainey-225x300.jpg 225w, http:\/\/www.19paulfort.com\/galerie\/wp-content\/uploads\/2017\/12\/TomRainey-768x1024.jpg 768w, http:\/\/www.19paulfort.com\/galerie\/wp-content\/uploads\/2017\/12\/TomRainey-1152x1536.jpg 1152w, http:\/\/www.19paulfort.com\/galerie\/wp-content\/uploads\/2017\/12\/TomRainey-1536x2048.jpg 1536w, http:\/\/www.19paulfort.com\/galerie\/wp-content\/uploads\/2017\/12\/TomRainey-750x1000.jpg 750w, http:\/\/www.19paulfort.com\/galerie\/wp-content\/uploads\/2017\/12\/TomRainey-scaled.jpg 1920w\" sizes=\"auto, (max-width: 225px) 100vw, 225px\" \/>Il se produit \u00e9galement comme leader avec le Tom Rainey Trio (avec Ingrid Laubrock et Mary Halvorson) ou son quintet Obbligato (avec Ralph Alessi, Ingrid Laubrock, Drew Gress et Kris Davis).<br \/>\nSes nombreuses participations en studio et le calibre des musiciens avec qui il a enregistre\u0301 l\u2019ont rapidement place\u0301 parmi les batteurs de renom identifie\u0301s de la sce\u0300ne de jazz cre\u0301ative new-yorkaise de la fin des anne\u0301es 1980 a\u0300 aujourd\u2019hui.Tom Rainey a enregistr\u00e9 en tant que leader, \u2028\u00abPool School\u00bb pour le label Cleanfeed records en mai 2010,\u2028 puis trois autres albums sous son propre nom chez Intakt records en 2012, 2014, 2019 aux c\u00f4t\u00e9s d\u2019Ingrid Laubrock et Mary Halvorson.\u2028 Il est \u00e9galement co-leader du trio Malaby\/Sanchez\/Rainey.<\/p>\n<p>\u00abTom Rainey oscille entre l\u2019avant-garde et l\u2019ancrage historique au jazz, et quand il joue l\u2019odeur de l\u2019invention vous enivre.\u00bb \u2028<em>Joseph Woodard, L.A Times<\/em><\/p>\n<p>&nbsp;<\/p>\n<div id='gallery-1' class='gallery galleryid-5287 gallery-columns-3 gallery-size-large'><figure class='gallery-item'>\n\t\t\t<div class='gallery-icon portrait'>\n\t\t\t\t<a href='http:\/\/www.19paulfort.com\/galerie\/wp-content\/uploads\/2025\/04\/Tom-Rainey-scaled.jpg'><img loading=\"lazy\" decoding=\"async\" width=\"768\" height=\"1024\" src=\"http:\/\/www.19paulfort.com\/galerie\/wp-content\/uploads\/2025\/04\/Tom-Rainey-768x1024.jpg\" class=\"attachment-large size-large\" alt=\"\" srcset=\"http:\/\/www.19paulfort.com\/galerie\/wp-content\/uploads\/2025\/04\/Tom-Rainey-768x1024.jpg 768w, http:\/\/www.19paulfort.com\/galerie\/wp-content\/uploads\/2025\/04\/Tom-Rainey-225x300.jpg 225w, http:\/\/www.19paulfort.com\/galerie\/wp-content\/uploads\/2025\/04\/Tom-Rainey-1152x1536.jpg 1152w, http:\/\/www.19paulfort.com\/galerie\/wp-content\/uploads\/2025\/04\/Tom-Rainey-1536x2048.jpg 1536w, http:\/\/www.19paulfort.com\/galerie\/wp-content\/uploads\/2025\/04\/Tom-Rainey-750x1000.jpg 750w, http:\/\/www.19paulfort.com\/galerie\/wp-content\/uploads\/2025\/04\/Tom-Rainey-scaled.jpg 1920w\" sizes=\"auto, (max-width: 768px) 100vw, 768px\" \/><\/a>\n\t\t\t<\/div><\/figure><figure class='gallery-item'>\n\t\t\t<div class='gallery-icon portrait'>\n\t\t\t\t<a href='http:\/\/www.19paulfort.com\/galerie\/wp-content\/uploads\/2025\/04\/Tom-Rainey-2-scaled.jpg'><img loading=\"lazy\" decoding=\"async\" width=\"768\" height=\"1024\" src=\"http:\/\/www.19paulfort.com\/galerie\/wp-content\/uploads\/2025\/04\/Tom-Rainey-2-768x1024.jpg\" class=\"attachment-large size-large\" alt=\"\" srcset=\"http:\/\/www.19paulfort.com\/galerie\/wp-content\/uploads\/2025\/04\/Tom-Rainey-2-768x1024.jpg 768w, http:\/\/www.19paulfort.com\/galerie\/wp-content\/uploads\/2025\/04\/Tom-Rainey-2-225x300.jpg 225w, http:\/\/www.19paulfort.com\/galerie\/wp-content\/uploads\/2025\/04\/Tom-Rainey-2-1152x1536.jpg 1152w, http:\/\/www.19paulfort.com\/galerie\/wp-content\/uploads\/2025\/04\/Tom-Rainey-2-1536x2048.jpg 1536w, http:\/\/www.19paulfort.com\/galerie\/wp-content\/uploads\/2025\/04\/Tom-Rainey-2-750x1000.jpg 750w, http:\/\/www.19paulfort.com\/galerie\/wp-content\/uploads\/2025\/04\/Tom-Rainey-2-scaled.jpg 1920w\" sizes=\"auto, (max-width: 768px) 100vw, 768px\" \/><\/a>\n\t\t\t<\/div><\/figure><figure class='gallery-item'>\n\t\t\t<div class='gallery-icon portrait'>\n\t\t\t\t<a href='http:\/\/www.19paulfort.com\/galerie\/wp-content\/uploads\/2025\/04\/Tom-Rainey--scaled.jpg'><img loading=\"lazy\" decoding=\"async\" width=\"768\" height=\"1024\" src=\"http:\/\/www.19paulfort.com\/galerie\/wp-content\/uploads\/2025\/04\/Tom-Rainey--768x1024.jpg\" class=\"attachment-large size-large\" alt=\"\" srcset=\"http:\/\/www.19paulfort.com\/galerie\/wp-content\/uploads\/2025\/04\/Tom-Rainey--768x1024.jpg 768w, http:\/\/www.19paulfort.com\/galerie\/wp-content\/uploads\/2025\/04\/Tom-Rainey--225x300.jpg 225w, http:\/\/www.19paulfort.com\/galerie\/wp-content\/uploads\/2025\/04\/Tom-Rainey--1152x1536.jpg 1152w, http:\/\/www.19paulfort.com\/galerie\/wp-content\/uploads\/2025\/04\/Tom-Rainey--1536x2048.jpg 1536w, http:\/\/www.19paulfort.com\/galerie\/wp-content\/uploads\/2025\/04\/Tom-Rainey--750x1000.jpg 750w, http:\/\/www.19paulfort.com\/galerie\/wp-content\/uploads\/2025\/04\/Tom-Rainey--scaled.jpg 1920w\" sizes=\"auto, (max-width: 768px) 100vw, 768px\" \/><\/a>\n\t\t\t<\/div><\/figure>\n\t\t<\/div>\n\n<p>Le 21 mai 2025 au 19PaulFort<\/p>\n<figure id=\"attachment_11358\" aria-describedby=\"caption-attachment-11358\" style=\"width: 1536px\" class=\"wp-caption aligncenter\"><img loading=\"lazy\" decoding=\"async\" class=\"size-full wp-image-11358\" src=\"http:\/\/www.19paulfort.com\/galerie\/wp-content\/uploads\/2017\/12\/rayney.jpg\" alt=\"\" width=\"1536\" height=\"2048\" srcset=\"http:\/\/www.19paulfort.com\/galerie\/wp-content\/uploads\/2017\/12\/rayney.jpg 1536w, http:\/\/www.19paulfort.com\/galerie\/wp-content\/uploads\/2017\/12\/rayney-225x300.jpg 225w, http:\/\/www.19paulfort.com\/galerie\/wp-content\/uploads\/2017\/12\/rayney-768x1024.jpg 768w, http:\/\/www.19paulfort.com\/galerie\/wp-content\/uploads\/2017\/12\/rayney-1152x1536.jpg 1152w, http:\/\/www.19paulfort.com\/galerie\/wp-content\/uploads\/2017\/12\/rayney-750x1000.jpg 750w\" sizes=\"auto, (max-width: 1536px) 100vw, 1536px\" \/><figcaption id=\"caption-attachment-11358\" class=\"wp-caption-text\">Le 13 novembre 2023 au 19 Paul Fort<\/figcaption><\/figure>\n<hr \/>\n<p><strong>Percussionist<\/strong><\/p>\n<p style=\"text-align: justify;\"><span style=\"color: #0000ff;\">&gt; Eng.<\/span> Tom Rainey was born in Los Angeles, California in 1957. Since moving to New York City in 1979 he has performed at festivals and clubs throughout North America and Europe with a wide range of artists, including John Abercrombie, Ray Anderson, Tim Berne, Jane Ira Bloom, Ted Curson,<br \/>\nMarc Ducret, George Gruntz, David Torn, Mark Helias, Fred Hersch, Andy Laster, Joe Lovano, Carmen McRae, Mike Nock, Simon Nabatov, New and Used, Matthias Schubert, Tom Varner, WDR Big Band, Ken Werner and Denny Zeitlin.<\/p>\n<p style=\"text-align: justify;\">Tom Rainey received an National Endowment for the Arts grant to compose and perform a concert of music for percussion and drums featuring Dave Samuels and Arto Tuncboyaci. Rainey\u2019s voluminous recording credits and the artistic caliber of the musicians he\u2019s supported would easily place him on the A-list of drummers closely identified with the New York City modern creative jazz scene roughly from the late \u201980s onward.<\/p>\n<p style=\"text-align: justify;\">Tom Rainey recorded his debut album as a leader, \u00abPool School\u00bb for Cleanfeed Records in May 2010. The CD also features Mary Halvorson on guitar and Ingrid Laubrock on saxophone.<\/p>\n<p style=\"text-align: justify;\">The trio\u2019s follow-up CD \u00abCamino Cielo Echo\u00bb was released on Intakt Records<\/p>\n<p><img loading=\"lazy\" decoding=\"async\" class=\"aligncenter size-full wp-image-8088\" src=\"http:\/\/www.19paulfort.com\/galerie\/wp-content\/uploads\/2019\/10\/tom_rainey.jpg\" alt=\"\" width=\"4000\" height=\"2344\" srcset=\"http:\/\/www.19paulfort.com\/galerie\/wp-content\/uploads\/2019\/10\/tom_rainey.jpg 4000w, http:\/\/www.19paulfort.com\/galerie\/wp-content\/uploads\/2019\/10\/tom_rainey-300x176.jpg 300w, http:\/\/www.19paulfort.com\/galerie\/wp-content\/uploads\/2019\/10\/tom_rainey-768x450.jpg 768w, http:\/\/www.19paulfort.com\/galerie\/wp-content\/uploads\/2019\/10\/tom_rainey-1024x600.jpg 1024w, http:\/\/www.19paulfort.com\/galerie\/wp-content\/uploads\/2019\/10\/tom_rainey-750x440.jpg 750w\" sizes=\"auto, (max-width: 4000px) 100vw, 4000px\" \/><\/p>\n<hr \/>\n<p><strong>Cet artiste a particip\u00e9 19 rue Paul Fort \u00e0 :<br \/>\n&#8211; <\/strong><a href=\"https:\/\/www.19paulfort.com\/galerie\/index.php\/2025\/04\/26\/05-21-mai-concert-trio-i-laubrock-sax-b-lopez-contreb-t-rainey-batt-no-es-la-playa\/\" target=\"_blank\" rel=\"noopener\">Un concert en trio avec Ingrid Laubrock, sax. et Brandon Lopez, contrebasse, dans \u00ab\u00a0No es la playa\u00a0\u00bb, le 21 mai 2025<\/a><br \/>\n&gt; <a href=\"http:\/\/www.19paulfort.com\/galerie\/index.php\/2023\/11\/02\/concert-trio-bopp-trombone-rainey-batterie-payen-saxophone-13-novembre-2023\/\">Un concert en trio avec Christiane Bopp (trombone) et St\u00e9phane Payen (saxophone) le 13 novembre 2023<\/a><br \/>\n&gt; <a href=\"http:\/\/www.19paulfort.com\/galerie\/index.php\/2022\/03\/15\/concert-trio-tony-malaby-sax-tom-rainey-batterie-angelica-sanchez-piano-25-mars-2022\/\">Un concert en trio avec Tony Malaby (saxophone) et\u00a0Angelica Sanchez (piano), le vendredi 25 mars 2022<\/a><br \/>\n<strong>&gt; <\/strong><a href=\"http:\/\/www.19paulfort.com\/galerie\/index.php\/2019\/10\/20\/concert-trio-ducret-guitare-payen-sax-rainey-batterie-11-novembre-2019\/\">U<\/a><a href=\"http:\/\/www.19paulfort.com\/galerie\/index.php\/2019\/10\/20\/concert-trio-ducret-guitare-payen-sax-rainey-batterie-11-novembre-2019\/\">n concert en trio avec Marc Ducret (guitare)<\/a><a href=\"http:\/\/www.19paulfort.com\/galerie\/index.php\/2019\/10\/20\/concert-trio-ducret-guitare-payen-sax-rainey-batterie-11-novembre-2019\/\"> et<\/a><a href=\"http:\/\/www.19paulfort.com\/galerie\/index.php\/2019\/10\/20\/concert-trio-ducret-guitare-payen-sax-rainey-batterie-11-novembre-2019\/\"> St\u00e9phane Payen (saxophone), le 11 novembre 2019<\/a><br \/>\n&gt; <a href=\"http:\/\/www.19paulfort.com\/galerie\/index.php\/2017\/12\/02\/concert-trio-orbit-9-decembre-2017\/\">Un concert en trio ORBIT avec S\u00e9bastien Boisseau (contrebasse) et St\u00e9phan Oliva (piano) le 9 d\u00e9cembre 2017<\/a><\/p>\n","protected":false},"excerpt":{"rendered":"<p>Tom Rainey Batteur English version below Ne\u0301 a\u0300 Santa Barbara Californie USA (1957) Depuis son installation a\u0300 New York en 1979, Tom Rainey est un habitue\u0301 des grands festivals et clubs a\u0300 travers l\u2019Ame\u0301rique du Nord et l\u2019Europe. Il s\u2019est produit et\/ou a enregistr\u00e9 avec John Abercrombie, Mose Allison, Julian Arg\u00fcelles, Ray Anderson, Tim Berne,&hellip;<a href=\"http:\/\/www.19paulfort.com\/galerie\/index.php\/2017\/12\/02\/rainey-tom\/\" class=\"more-link\">Continue reading <span class=\"screen-reader-text\">RAINEY Tom \u2022<\/span><\/a><\/p>\n","protected":false},"author":1,"featured_media":0,"comment_status":"closed","ping_status":"closed","sticky":false,"template":"","format":"standard","meta":{"footnotes":""},"categories":[18,26,20,19],"tags":[],"class_list":["post-5287","post","type-post","status-publish","format-standard","hentry","category-artistes-invites","category-musiciens-compositeurs","category-par-nom","category-par-pratique-artistique"],"_links":{"self":[{"href":"http:\/\/www.19paulfort.com\/galerie\/index.php\/wp-json\/wp\/v2\/posts\/5287","targetHints":{"allow":["GET"]}}],"collection":[{"href":"http:\/\/www.19paulfort.com\/galerie\/index.php\/wp-json\/wp\/v2\/posts"}],"about":[{"href":"http:\/\/www.19paulfort.com\/galerie\/index.php\/wp-json\/wp\/v2\/types\/post"}],"author":[{"embeddable":true,"href":"http:\/\/www.19paulfort.com\/galerie\/index.php\/wp-json\/wp\/v2\/users\/1"}],"replies":[{"embeddable":true,"href":"http:\/\/www.19paulfort.com\/galerie\/index.php\/wp-json\/wp\/v2\/comments?post=5287"}],"version-history":[{"count":31,"href":"http:\/\/www.19paulfort.com\/galerie\/index.php\/wp-json\/wp\/v2\/posts\/5287\/revisions"}],"predecessor-version":[{"id":13584,"href":"http:\/\/www.19paulfort.com\/galerie\/index.php\/wp-json\/wp\/v2\/posts\/5287\/revisions\/13584"}],"wp:attachment":[{"href":"http:\/\/www.19paulfort.com\/galerie\/index.php\/wp-json\/wp\/v2\/media?parent=5287"}],"wp:term":[{"taxonomy":"category","embeddable":true,"href":"http:\/\/www.19paulfort.com\/galerie\/index.php\/wp-json\/wp\/v2\/categories?post=5287"},{"taxonomy":"post_tag","embeddable":true,"href":"http:\/\/www.19paulfort.com\/galerie\/index.php\/wp-json\/wp\/v2\/tags?post=5287"}],"curies":[{"name":"wp","href":"https:\/\/api.w.org\/{rel}","templated":true}]}}