{"id":5347,"date":"2017-12-10T12:51:33","date_gmt":"2017-12-10T11:51:33","guid":{"rendered":"http:\/\/www.19paulfort.com\/galerie\/?p=5347"},"modified":"2025-03-01T18:04:11","modified_gmt":"2025-03-01T17:04:11","slug":"concert-trio-de-marie-kruttli-17-decembre-2017","status":"publish","type":"post","link":"http:\/\/www.19paulfort.com\/galerie\/index.php\/2017\/12\/10\/concert-trio-de-marie-kruttli-17-decembre-2017\/","title":{"rendered":"12 &#8211; 17 d\u00e9cembre &#8211; Concert &#8211; Trio de Marie Kruttli &#8211;"},"content":{"rendered":"<figure id=\"attachment_5331\" aria-describedby=\"caption-attachment-5331\" style=\"width: 709px\" class=\"wp-caption aligncenter\"><img loading=\"lazy\" decoding=\"async\" class=\"size-full wp-image-5331\" src=\"http:\/\/www.19paulfort.com\/galerie\/wp-content\/uploads\/2017\/12\/MarieKruttliTrio_05624_HiRes-2.jpg\" alt=\"\" width=\"709\" height=\"709\" srcset=\"http:\/\/www.19paulfort.com\/galerie\/wp-content\/uploads\/2017\/12\/MarieKruttliTrio_05624_HiRes-2.jpg 709w, http:\/\/www.19paulfort.com\/galerie\/wp-content\/uploads\/2017\/12\/MarieKruttliTrio_05624_HiRes-2-150x150.jpg 150w, http:\/\/www.19paulfort.com\/galerie\/wp-content\/uploads\/2017\/12\/MarieKruttliTrio_05624_HiRes-2-300x300.jpg 300w\" sizes=\"auto, (max-width: 709px) 100vw, 709px\" \/><figcaption id=\"caption-attachment-5331\" class=\"wp-caption-text\">Marie KRUTTLI, piano &#8211; Martin PERRET, batterie &#8211; Lukas TRAXEL, contrebasse<\/figcaption><\/figure>\n<h1 style=\"text-align: left;\" align=\"CENTER\"><span style=\"color: #cc0000;\"><b>Trio de Marie Kr\u00fcttli<br \/>\n<\/b><\/span><\/h1>\n<p><b>dimanche 17 d\u00e9cembre 2017<\/b>, <strong>\u00e0 20h30<\/strong><\/p>\n<p style=\"text-align: justify;\">La pianiste Marie Kr\u00fcttli est un petit ovni dans le monde du jazz en Suisse.<br \/>\nA 26 ans, elle impose une voix originale et une fa\u00e7on bien \u00e0 elle de faire sonner le trio piano\/basse\/batterie, l\u2019une des formations jazz les plus classiques et surexploit\u00e9es&#8230;<\/p>\n<p><b>&gt; <a href=\"http:\/\/www.19paulfort.com\/galerie\/index.php\/2017\/12\/10\/kruttli-marie\/\">Voir la fiche de Marie Kr\u00fcttli (piano)<\/a><br \/>\n<\/b><b>&gt; Voir la fiche de Martin Perret (batterie) &gt; <\/b><em>prochainement en ligne<\/em><br \/>\n<strong>&gt; Voir la fiche de Lukas Traxel (contrebasse) <\/strong>&gt; <em>prochainement en ligne<\/em><\/p>\n","protected":false},"excerpt":{"rendered":"<p>Trio de Marie Kr\u00fcttli dimanche 17 d\u00e9cembre 2017, \u00e0 20h30 La pianiste Marie Kr\u00fcttli est un petit ovni dans le monde du jazz en Suisse. A 26 ans, elle impose une voix originale et une fa\u00e7on bien \u00e0 elle de faire sonner le trio piano\/basse\/batterie, l\u2019une des formations jazz les plus classiques et surexploit\u00e9es&#8230; &gt;&hellip;<a href=\"http:\/\/www.19paulfort.com\/galerie\/index.php\/2017\/12\/10\/concert-trio-de-marie-kruttli-17-decembre-2017\/\" class=\"more-link\">Continue reading <span class=\"screen-reader-text\">12 &#8211; 17 d\u00e9cembre &#8211; Concert &#8211; Trio de Marie Kruttli &#8211;<\/span><\/a><\/p>\n","protected":false},"author":1,"featured_media":0,"comment_status":"closed","ping_status":"closed","sticky":false,"template":"","format":"standard","meta":{"footnotes":""},"categories":[14,7],"tags":[],"class_list":["post-5347","post","type-post","status-publish","format-standard","hentry","category-evenements-2017","category-evenements-passes"],"_links":{"self":[{"href":"http:\/\/www.19paulfort.com\/galerie\/index.php\/wp-json\/wp\/v2\/posts\/5347","targetHints":{"allow":["GET"]}}],"collection":[{"href":"http:\/\/www.19paulfort.com\/galerie\/index.php\/wp-json\/wp\/v2\/posts"}],"about":[{"href":"http:\/\/www.19paulfort.com\/galerie\/index.php\/wp-json\/wp\/v2\/types\/post"}],"author":[{"embeddable":true,"href":"http:\/\/www.19paulfort.com\/galerie\/index.php\/wp-json\/wp\/v2\/users\/1"}],"replies":[{"embeddable":true,"href":"http:\/\/www.19paulfort.com\/galerie\/index.php\/wp-json\/wp\/v2\/comments?post=5347"}],"version-history":[{"count":4,"href":"http:\/\/www.19paulfort.com\/galerie\/index.php\/wp-json\/wp\/v2\/posts\/5347\/revisions"}],"predecessor-version":[{"id":12945,"href":"http:\/\/www.19paulfort.com\/galerie\/index.php\/wp-json\/wp\/v2\/posts\/5347\/revisions\/12945"}],"wp:attachment":[{"href":"http:\/\/www.19paulfort.com\/galerie\/index.php\/wp-json\/wp\/v2\/media?parent=5347"}],"wp:term":[{"taxonomy":"category","embeddable":true,"href":"http:\/\/www.19paulfort.com\/galerie\/index.php\/wp-json\/wp\/v2\/categories?post=5347"},{"taxonomy":"post_tag","embeddable":true,"href":"http:\/\/www.19paulfort.com\/galerie\/index.php\/wp-json\/wp\/v2\/tags?post=5347"}],"curies":[{"name":"wp","href":"https:\/\/api.w.org\/{rel}","templated":true}]}}