{"id":5606,"date":"2018-02-14T16:57:53","date_gmt":"2018-02-14T15:57:53","guid":{"rendered":"http:\/\/www.19paulfort.com\/galerie\/?p=5606"},"modified":"2024-05-11T06:28:40","modified_gmt":"2024-05-11T05:28:40","slug":"corneloup-francois","status":"publish","type":"post","link":"http:\/\/www.19paulfort.com\/galerie\/index.php\/2018\/02\/14\/corneloup-francois\/","title":{"rendered":"CORNELOUP Fran\u00e7ois \u2022"},"content":{"rendered":"<h1><img loading=\"lazy\" decoding=\"async\" class=\"aligncenter wp-image-5633 size-large\" src=\"http:\/\/www.19paulfort.com\/galerie\/wp-content\/uploads\/2018\/02\/Resized_20180308_232815_7754-768x1024.jpg\" alt=\"\" width=\"768\" height=\"1024\" srcset=\"http:\/\/www.19paulfort.com\/galerie\/wp-content\/uploads\/2018\/02\/Resized_20180308_232815_7754-768x1024.jpg 768w, http:\/\/www.19paulfort.com\/galerie\/wp-content\/uploads\/2018\/02\/Resized_20180308_232815_7754-225x300.jpg 225w, http:\/\/www.19paulfort.com\/galerie\/wp-content\/uploads\/2018\/02\/Resized_20180308_232815_7754-750x1000.jpg 750w, http:\/\/www.19paulfort.com\/galerie\/wp-content\/uploads\/2018\/02\/Resized_20180308_232815_7754.jpg 1080w\" sizes=\"auto, (max-width: 768px) 100vw, 768px\" \/><br \/>\nFran\u00e7ois Corneloup<\/h1>\n<p style=\"text-align: justify;\"><em><strong>Saxophoniste<\/strong><\/em><\/p>\n<figure id=\"attachment_11629\" aria-describedby=\"caption-attachment-11629\" style=\"width: 225px\" class=\"wp-caption alignleft\"><img loading=\"lazy\" decoding=\"async\" class=\"wp-image-11629 size-medium\" src=\"http:\/\/www.19paulfort.com\/galerie\/wp-content\/uploads\/2018\/02\/Francois-CORNELOUP-225x300.jpg\" alt=\"\" width=\"225\" height=\"300\" srcset=\"http:\/\/www.19paulfort.com\/galerie\/wp-content\/uploads\/2018\/02\/Francois-CORNELOUP-225x300.jpg 225w, http:\/\/www.19paulfort.com\/galerie\/wp-content\/uploads\/2018\/02\/Francois-CORNELOUP.jpg 526w\" sizes=\"auto, (max-width: 225px) 100vw, 225px\" \/><figcaption id=\"caption-attachment-11629\" class=\"wp-caption-text\">\u00a9 Serge Picard<\/figcaption><\/figure>\n<p style=\"text-align: justify;\">N\u00e9 en France (1963). Vit \u00e0 Bordeaux. C&rsquo;est en autodidacte que Fran\u00e7ois CORNELOUP commence la musique au d\u00e9but des ann\u00e9es 80. Apr\u00e8s avoir consolid\u00e9 son apprentissage technique et affin\u00e9 son go\u00fbt pour l&rsquo;improvisation dans des ateliers anim\u00e9s par louis Sclavis, il se projette assez rapidement dans diverses exp\u00e9riences qui le conduiront \u00e0 l&rsquo;aventure uzestoise, en tant que membre de la Compagnie Lubat, de laquelle il s&rsquo;\u00e9cartera en 1992 tout en maintenant par la suite une collaboration r\u00e9guli\u00e8re avec Bernard Lubat par ses participations au festival d&rsquo;Uzeste ou divers projets ponctuels.<br \/>\nSon statut de musicien s&rsquo;installe peu \u00e0 peu dans le paysage du jazz en France, gr\u00e2ce \u00e0 sylvain Kassap, G\u00e9rard Marais qui font appel \u00e0 lui et Henri Texier qui jusqu&rsquo;\u00e0 maintenant encore l&rsquo;invite dans ses formations orchestrales. 1996 est l\u2019ann\u00e9e o\u00f9 il s\u2019affirme comme leader avec le trio Jardins Ouvriers (Album de l\u2019ann\u00e9e 1997 Jazz Magazine) en compagnie de Claude Tchamitchian (ctb) et Eric Echampard (dms).<br \/>\nCommence alors un parcours \u00e9clectique entre les musiques \u00e0 danser et les exp\u00e9riences improvis\u00e9es et compositionnelles les plus radicales, jalonn\u00e9 de tr\u00e8s belles rencontres avec des artistes tout aussi divers que notoires, Michel Portal, John Scofield, Jeff Beck, Evan Parker, Paul Lovens, Han Benninck, Marc Ducret, Dominique Pifarely, Yann Fanch Kemener, Sylvain Kassap, Louis Sclavis, Sam Rivers&#8230;<br \/>\nJean Rochard, producteur de la maison de disque nato, le connecte avec la sc\u00e8ne musicale de Minneapolis o\u00f9 il rencontrera notamment les batteurs Dave King, et JT Bates, le contrebassiste Anthony Cox. Apr\u00e8s avoir conduit entre autres, le trio \u00ab Noir Lumi\u00e8re \u00bb en compagnie d\u2019H\u00e9l\u00e8ne Labarri\u00e8re (Cb.) et Simon Goubert (Bt.), le 5tet R\u00c9VOLUT!ON en compagnie de Sophia Domancich (Pn), Joachim Florent (B. el.), Simon Girard (Trb) et Vincent Tortiller (Bt.), En 2019, il met en musique en compagnie de Jacky Molard, Sophia Domancich (Clav.), Joachim Florent (Ctb) le spectacle NOCES TRANSLUCIDES \u00e0 partir d\u2019une image du photographe Guy Le Querrec et des \u00e9crits de Jean Rochard dits par la com\u00e9dienne Anne Alvaro avec qui il cr\u00e9e en 2021 un duo improvis\u00e9 sur des textes d\u2019Italo Calvino et Samuel Beckett qui prolonge la liste des principales formations auxquelles il consacre une activit\u00e9 attentive aujourd&rsquo;hui : le trio NO SCRAPPING avec Joachim Florent et Eric Echampard, son orchestre de musique \u00e0 danser, LE PEUPLE \u00c9TINCELLE cr\u00e9\u00e9 en 2011, le quartet ENTRE LES TERRES co-cr\u00e9\u00e9 avec Jacky Molard, en compagnie de Catherine Delaunay (Cl.) et Vincent Courtois (Vlc). S\u2019y ajoutent \u00e0 la toute fin 2023 le grand orchestre de musique \u00e0 danser LE BAL DU SIECLE dans lequel il int\u00e8gre les musiciens du Peuple \u00c9tincelle auxquels s\u2019ajoutent Catherine Delaunay, Camille Maussion (sx), Gabrielle Rachel (tbn), sylvain Bardiau (tp), Cl\u00e9ment Janinet (vln) et Vincent Tortiller (drms). Avec la rencontre de la soprano Lucie Fouquet avec qui il cr\u00e9e le trio DOLCE TORMENTO en compagnie de Ond\u0159ej Jal\u016fvka (luth), son univers musical s\u2019ouvre aux musiques baroques. Une autre rencontre toute aussi \u00e9vidente que capitale avec Serge Teyssot-Gay (gt) donnera le duo improvis\u00e9 MATIERE NOIRE mettant le son brut au centre de l\u2019exp\u00e9rience improvis\u00e9e.<br \/>\nFran\u00e7ois Corneloup s&rsquo;investit depuis 2003 dans le groupe Ursus Minor, coll\u00e9gialement avec Tony Hymas, Stokley Williams et Jean Rochard, producteur. Il y croisera notamment le guitariste Jeff lee Johnson, les rappeurs Brother Ali, Boots Riley, D\u2019de Kabale, Desdamona, et Billie Brelok. Le duo \u00ab\u00a0singing Fellows\u00a0\u00bb avec Franck Tortiller demeure une de ces plus pr\u00e9cieuses collaborations.<\/p>\n<figure id=\"attachment_5600\" aria-describedby=\"caption-attachment-5600\" style=\"width: 1024px\" class=\"wp-caption aligncenter\"><img loading=\"lazy\" decoding=\"async\" class=\"size-large wp-image-5600\" src=\"http:\/\/www.19paulfort.com\/galerie\/wp-content\/uploads\/2018\/02\/Photo-Corneloup-1024x1018.jpg\" alt=\"\" width=\"1024\" height=\"1018\" srcset=\"http:\/\/www.19paulfort.com\/galerie\/wp-content\/uploads\/2018\/02\/Photo-Corneloup-1024x1018.jpg 1024w, http:\/\/www.19paulfort.com\/galerie\/wp-content\/uploads\/2018\/02\/Photo-Corneloup-150x150.jpg 150w, http:\/\/www.19paulfort.com\/galerie\/wp-content\/uploads\/2018\/02\/Photo-Corneloup-300x298.jpg 300w, http:\/\/www.19paulfort.com\/galerie\/wp-content\/uploads\/2018\/02\/Photo-Corneloup-768x763.jpg 768w, http:\/\/www.19paulfort.com\/galerie\/wp-content\/uploads\/2018\/02\/Photo-Corneloup-750x745.jpg 750w\" sizes=\"auto, (max-width: 1024px) 100vw, 1024px\" \/><figcaption id=\"caption-attachment-5600\" class=\"wp-caption-text\">\u00a9 Fr\u00e9d\u00e9ric Thomas<\/figcaption><\/figure>\n<p><strong>DISCOGRAPHIE S\u00c9LECTIVE :<\/strong><br \/>\n&#8211; Duo Kassap\/Corneloup : \u00ab Pointe Noire \u00bb-Evidence-NPCD 516-1993 (soutenu par Selmer)<br \/>\n&#8211; Duo Kassap\/ Corneloup : \u00bbDeux \u00bb-Evidence-EVCD 721-1997 (soutenu par Selmer) -Franc\u0327ois Corneloup Trio : \u00ab Jardins Ouvriers \u00bb-Evidence-EVCD 824-1998 (soutenu par Selmer)<br \/>\n&#8211; Franc\u0327ois Corneloup Trio : \u00ab Cadran Lunaire\u00bb-Evidence-EVCD 2029-2000 (soutenu par Selmer)<br \/>\n&#8211; Franc\u0327ois Corneloup Quartet : \u00bbPidgin \u00bb-Evidence-Fremeaux &amp; ass. FA466 (soutenu par Selmer)<br \/>\n&#8211; Franc\u0327ois Corneloup 5tet \u2013 \u00ab Next \u00bb &#8211; Hope street 7 \u2013 2008<br \/>\n&#8211; Franc\u0327ois Corneloup Trio \u2013 \u00ab Noir Lumie\u0300re \u00bb &#8211; Innacor inna 31003<br \/>\n&#8211; Carlos Barretto : \u00ab Lokomotiv \u00bb-Clean Feed \u2013CF016CD-2003<br \/>\n&#8211; Henri Texier : \u00ab (V)ivre \u00bb-Label Bleu-6668-2004<br \/>\n&#8211; Henri texier : \u00ab Holy-Lola \u00bb-Label Bleu-6678-2004<br \/>\n&#8211; Henri Texier : \u00ab Alerte a\u0300 l\u02bceau \u00bb Label Bleu \u2013LBLC 6698-2007<br \/>\n&#8211; Franc\u0327ois Corneloup : \u00ab Next \u00bb Hope Street HS10068 &#8211; 2008<br \/>\n&#8211; Henri Texier : \u00ab Live at the Pe\u0301niche \u00bb Label Bleu &#8211; LBLB6713-2013<br \/>\n&#8211; Ursus Minor : \u00ab Zugswang \u00bb Hope Street \u2013Nocturne-HS10046-2005<br \/>\n&#8211; Ursus Minor : \u00ab Nucular \u00bb Hope street \u2013Nocturne-HS 10059-2006<br \/>\n&#8211; He\u0301le\u0300ne Labarrie\u0300re : \u00ab les temps changent \u00bb- E\u0301mouvance- e\u0301mv 1028<br \/>\n&#8211; Franc\u0327ois Corneloup Trio : \u00ab Noir Lumie\u0300re \u00bb- Inna+ -inna 31003<br \/>\n&#8211; Ursus Minor : \u00ab Don\u02bct take but for an answer \u00bb-Hope street-HS 10 &#8211;<br \/>\n&#8211; Tony Hymas : \u00ab Chroniques de Re\u0301sistance \u00bb Nato 4469 \u2013 2014<br \/>\n&#8211; Ursus Minor : \u00ab What Matters Now \u00bb &#8211; Hope Street 11-13 2015<br \/>\n&#8211; F.Tortiller\/F.Corneloup duo \u2013 \u00ab Singing Fellows \u00bb &#8211; MCO \u2013 MCO 03 \u2013<br \/>\n&#8211; Le Peuple E\u0301tincelle \u2013 \u00ab Le Peuple E\u0301tincelle \u00bb &#8211; Daqui \u2013 Daqui 332052<br \/>\n&#8211; Jacky Molard quartet : \u00ab Mycelium \u00bb &#8211; Innacor \u2013 INNA11720 &#8211; 2018<\/p>\n<hr \/>\n<p><strong>Cet artiste a particip\u00e9 rue Paul Fort \u00e0 :<\/strong><\/p>\n<p>&gt; <a href=\"https:\/\/www.19paulfort.com\/galerie\/index.php\/2024\/05\/11\/concert-duo-francois-corneloup-saxophone-baryton-et-tony-hymas-piano-8-juin-2024\/\" target=\"_blank\" rel=\"noopener\">Un concert en duo avec Tony Hymas (piano) le 8 juin 2024<\/a><strong><br \/>\n<\/strong><\/p>\n<p>&gt; <a href=\"https:\/\/www.19paulfort.com\/galerie\/index.php\/2024\/03\/28\/concert-quartet-jacky-molard-francois-corneloup-entre-les-terres-26-avril-2024\/\" target=\"_blank\" rel=\"noopener\">Un Concert du Quartet Jacky Molard\/Fran\u00e7ois Corneloup, \u00ab\u00a0Entre les terres\u00a0\u00bb, le 16 avril 2024<\/a><strong><br \/>\n<a href=\"https:\/\/www.19paulfort.com\/galerie\/index.php\/2024\/03\/28\/concert-quartet-jacky-molard-francois-corneloup-entre-les-terres-26-avril-2024\/\" target=\"_blank\" rel=\"noopener\"><br \/>\n<\/a><\/strong>&gt; Un concert en duo avec le batteur <a href=\"http:\/\/www.19paulfort.com\/galerie\/index.php\/2016\/06\/04\/goubert-simon\/\">Simon Goubert<\/a>, le 8 mars 2018 <strong><a href=\"http:\/\/www.19paulfort.com\/galerie\/index.php\/2018\/02\/14\/concert-duo-francois-corneloup-saxophones-simon-goubert-batterie-8-mars-2018\/\">&gt;<\/a><\/strong><a href=\"http:\/\/www.19paulfort.com\/galerie\/index.php\/2018\/02\/14\/concert-duo-francois-corneloup-saxophones-simon-goubert-batterie-8-mars-2018\/\"> Lien vers le concert<\/a><strong><br \/>\n<\/strong><\/p>\n<p>&gt; Un concert en duo avec <a href=\"http:\/\/www.19paulfort.com\/galerie\/index.php\/2016\/06\/04\/domancich-sophia\/\">Sophia Domancich<\/a> le 4 juin 2013 : <a title=\"Duo Domancich - Goubert\" href=\"http:\/\/www.19paulfort.com\/galerie\/index.php\/2016\/05\/25\/concert-du-duo-sophia-domancich-et-simon-goubert-4-juin-2013\/\">&gt; Lien vers le concert<\/a><\/p>\n","protected":false},"excerpt":{"rendered":"<p>Fran\u00e7ois Corneloup Saxophoniste N\u00e9 en France (1963). Vit \u00e0 Bordeaux. C&rsquo;est en autodidacte que Fran\u00e7ois CORNELOUP commence la musique au d\u00e9but des ann\u00e9es 80. Apr\u00e8s avoir consolid\u00e9 son apprentissage technique et affin\u00e9 son go\u00fbt pour l&rsquo;improvisation dans des ateliers anim\u00e9s par louis Sclavis, il se projette assez rapidement dans diverses exp\u00e9riences qui le conduiront \u00e0&hellip;<a href=\"http:\/\/www.19paulfort.com\/galerie\/index.php\/2018\/02\/14\/corneloup-francois\/\" class=\"more-link\">Continue reading <span class=\"screen-reader-text\">CORNELOUP Fran\u00e7ois \u2022<\/span><\/a><\/p>\n","protected":false},"author":1,"featured_media":0,"comment_status":"closed","ping_status":"closed","sticky":false,"template":"","format":"standard","meta":{"footnotes":""},"categories":[18,26,20,19],"tags":[],"class_list":["post-5606","post","type-post","status-publish","format-standard","hentry","category-artistes-invites","category-musiciens-compositeurs","category-par-nom","category-par-pratique-artistique"],"_links":{"self":[{"href":"http:\/\/www.19paulfort.com\/galerie\/index.php\/wp-json\/wp\/v2\/posts\/5606","targetHints":{"allow":["GET"]}}],"collection":[{"href":"http:\/\/www.19paulfort.com\/galerie\/index.php\/wp-json\/wp\/v2\/posts"}],"about":[{"href":"http:\/\/www.19paulfort.com\/galerie\/index.php\/wp-json\/wp\/v2\/types\/post"}],"author":[{"embeddable":true,"href":"http:\/\/www.19paulfort.com\/galerie\/index.php\/wp-json\/wp\/v2\/users\/1"}],"replies":[{"embeddable":true,"href":"http:\/\/www.19paulfort.com\/galerie\/index.php\/wp-json\/wp\/v2\/comments?post=5606"}],"version-history":[{"count":13,"href":"http:\/\/www.19paulfort.com\/galerie\/index.php\/wp-json\/wp\/v2\/posts\/5606\/revisions"}],"predecessor-version":[{"id":11727,"href":"http:\/\/www.19paulfort.com\/galerie\/index.php\/wp-json\/wp\/v2\/posts\/5606\/revisions\/11727"}],"wp:attachment":[{"href":"http:\/\/www.19paulfort.com\/galerie\/index.php\/wp-json\/wp\/v2\/media?parent=5606"}],"wp:term":[{"taxonomy":"category","embeddable":true,"href":"http:\/\/www.19paulfort.com\/galerie\/index.php\/wp-json\/wp\/v2\/categories?post=5606"},{"taxonomy":"post_tag","embeddable":true,"href":"http:\/\/www.19paulfort.com\/galerie\/index.php\/wp-json\/wp\/v2\/tags?post=5606"}],"curies":[{"name":"wp","href":"https:\/\/api.w.org\/{rel}","templated":true}]}}