{"id":566,"date":"2016-05-16T06:14:48","date_gmt":"2016-05-16T05:14:48","guid":{"rendered":"http:\/\/www.19paulfort.com\/galerie\/?p=566"},"modified":"2016-06-07T14:22:41","modified_gmt":"2016-06-07T13:22:41","slug":"dijkstra-jorrit","status":"publish","type":"post","link":"http:\/\/www.19paulfort.com\/galerie\/index.php\/2016\/05\/16\/dijkstra-jorrit\/","title":{"rendered":"DIJKSTRA Jorrit &#8211;"},"content":{"rendered":"<p style=\"text-align: justify;\"><strong><em><a href=\"http:\/\/www.19paulfort.com\/galerie\/wp-content\/uploads\/2016\/05\/DIJKRA.jpg\" rel=\"attachment wp-att-567\"><img loading=\"lazy\" decoding=\"async\" class=\"wp-image-567 alignleft\" src=\"http:\/\/www.19paulfort.com\/galerie\/wp-content\/uploads\/2016\/05\/DIJKRA.jpg\" alt=\"DIJKRA\" width=\"300\" height=\"215\" srcset=\"http:\/\/www.19paulfort.com\/galerie\/wp-content\/uploads\/2016\/05\/DIJKRA.jpg 500w, http:\/\/www.19paulfort.com\/galerie\/wp-content\/uploads\/2016\/05\/DIJKRA-300x215.jpg 300w\" sizes=\"auto, (max-width: 300px) 100vw, 300px\" \/><\/a> <\/em><\/strong><\/p>\n<h1>Jorrit Dijkstra<\/h1>\n<p style=\"text-align: justify;\"><strong><em>Saxophoniste et compositeur<\/em><\/strong><em><\/p>\n<p>n\u00e9 \u00e0 Amsterdam.Vit aux \u00c9tats Unis depuis 2002<br \/>\n<\/em><br \/>\nLa musique du saxophoniste et compositeur Jorrit Dijkstra puise dans la tradition du jazz, mais a travers\u00e9 les fronti\u00e8res stylistiques et culturelles afin d&rsquo;exprimer l&rsquo;\u00e9volution d&rsquo;une vision forte, personnelle. Il a pass\u00e9 ses ann\u00e9es de formation dans la communaut\u00e9 bouillonnante de jazz improvis\u00e9 d&rsquo;Amsterdam, allant de l&rsquo;improvisation libre, \u00e0 l&rsquo;op\u00e9ra contemporain, musique africaine, celtique, musique des Balkans. Depuis son arriv\u00e9e aux \u00c9tats-Unis en 2002, Dijkstra a approfondi son affinit\u00e9 avec les forces exp\u00e9rimentales de la musique am\u00e9ricaine, tout en restant en contact avec ses racines musicales n\u00e9erlandaises.<\/p>\n<p style=\"text-align: justify;\"><strong>Projets r\u00e9cents de Dijkstra\u00a0:<\/strong> Les Whammy jouent la musique de Steve Lacy, un groupe all-star avec les plus grands improvisateurs de Chicago, Boston et Amsterdam, un duo \u00e9lectro-acoustique avec le batteur \/ compositeur John Hollenbeck.<\/p>\n<p style=\"text-align: justify;\">Jorrit utilise l&rsquo;\u00e9lectronique analogique &#8211; y compris le lyricon, instrument \u00e0 vent \u00e9lectronique vintage des ann\u00e9es soixante-dix \u2013 ce qui \u00e9tend sa palette de son -celle d\u00e9j\u00e0 flexible du saxophone- allant d&rsquo; un m\u00e9lange idiosyncratique de cool jazz, improvisation libre, avant-rock au minimalisme \u00e9lectronique.<\/p>\n<p style=\"text-align: justify;\">En tant que compositeur Jorrit a re\u00e7u des commandes du Big Band David Kweksilber, Tetzepi Big Band, Amstel Saxophone Quartet, lecteur enregistreur Terri Hron, Kaida Duo, Duo X, The Jazz Band Harvard, et le guitariste \u00e9lectrique Wiek Hijmans. Ses compositions incorporent souvent des bandes sonores \u00e9lectroniques. Dijkstra a compos\u00e9 des bandes sonores de plusieurs films documentaires et des productions th\u00e9\u00e2trales. Il a sorti douze CD en tant que leader, et il est co-fondateur de Driff Records, un label ind\u00e9pendant pour \u00ab\u00a0musique improvis\u00e9e transatlantique\u00bb.<\/p>\n<p style=\"text-align: justify;\"><strong>Sp\u00e9cialit\u00e9s :<\/strong> Le lyricon, Ateliers Improvisation, Improvisation d&rsquo;ensemble<\/p>\n<hr \/>\n<p style=\"text-align: justify;\"><em>Cet artiste a particip\u00e9 rue Paul Fort \u00e0 :<br \/>\n<\/em><\/p>\n<p style=\"text-align: justify;\">Un concert unique avec le pianiste Beno\u00eet Delbecq et le batteur John Hollenbeck le 22 mai 2016<br \/>\n<a href=\"http:\/\/www.19paulfort.com\/galerie\/index.php\/2016\/05\/16\/concert-trio-delbecq-dijksra-hollenbeck-22-mai-2016\/\">&gt; Lien vers l&rsquo;\u00e9v\u00e9nement<\/a><\/p>\n","protected":false},"excerpt":{"rendered":"<p>Jorrit Dijkstra Saxophoniste et compositeur n\u00e9 \u00e0 Amsterdam.Vit aux \u00c9tats Unis depuis 2002 La musique du saxophoniste et compositeur Jorrit Dijkstra puise dans la tradition du jazz, mais a travers\u00e9 les fronti\u00e8res stylistiques et culturelles afin d&rsquo;exprimer l&rsquo;\u00e9volution d&rsquo;une vision forte, personnelle. Il a pass\u00e9 ses ann\u00e9es de formation dans la communaut\u00e9 bouillonnante de jazz&hellip;<a href=\"http:\/\/www.19paulfort.com\/galerie\/index.php\/2016\/05\/16\/dijkstra-jorrit\/\" class=\"more-link\">Continue reading <span class=\"screen-reader-text\">DIJKSTRA Jorrit &#8211;<\/span><\/a><\/p>\n","protected":false},"author":1,"featured_media":0,"comment_status":"closed","ping_status":"closed","sticky":false,"template":"","format":"standard","meta":{"footnotes":""},"categories":[18,26,20,19],"tags":[],"class_list":["post-566","post","type-post","status-publish","format-standard","hentry","category-artistes-invites","category-musiciens-compositeurs","category-par-nom","category-par-pratique-artistique"],"_links":{"self":[{"href":"http:\/\/www.19paulfort.com\/galerie\/index.php\/wp-json\/wp\/v2\/posts\/566","targetHints":{"allow":["GET"]}}],"collection":[{"href":"http:\/\/www.19paulfort.com\/galerie\/index.php\/wp-json\/wp\/v2\/posts"}],"about":[{"href":"http:\/\/www.19paulfort.com\/galerie\/index.php\/wp-json\/wp\/v2\/types\/post"}],"author":[{"embeddable":true,"href":"http:\/\/www.19paulfort.com\/galerie\/index.php\/wp-json\/wp\/v2\/users\/1"}],"replies":[{"embeddable":true,"href":"http:\/\/www.19paulfort.com\/galerie\/index.php\/wp-json\/wp\/v2\/comments?post=566"}],"version-history":[{"count":8,"href":"http:\/\/www.19paulfort.com\/galerie\/index.php\/wp-json\/wp\/v2\/posts\/566\/revisions"}],"predecessor-version":[{"id":2149,"href":"http:\/\/www.19paulfort.com\/galerie\/index.php\/wp-json\/wp\/v2\/posts\/566\/revisions\/2149"}],"wp:attachment":[{"href":"http:\/\/www.19paulfort.com\/galerie\/index.php\/wp-json\/wp\/v2\/media?parent=566"}],"wp:term":[{"taxonomy":"category","embeddable":true,"href":"http:\/\/www.19paulfort.com\/galerie\/index.php\/wp-json\/wp\/v2\/categories?post=566"},{"taxonomy":"post_tag","embeddable":true,"href":"http:\/\/www.19paulfort.com\/galerie\/index.php\/wp-json\/wp\/v2\/tags?post=566"}],"curies":[{"name":"wp","href":"https:\/\/api.w.org\/{rel}","templated":true}]}}