{"id":5764,"date":"2018-04-13T16:50:15","date_gmt":"2018-04-13T15:50:15","guid":{"rendered":"http:\/\/www.19paulfort.com\/galerie\/?p=5764"},"modified":"2018-04-26T19:27:37","modified_gmt":"2018-04-26T18:27:37","slug":"helary-sylvaine","status":"publish","type":"post","link":"http:\/\/www.19paulfort.com\/galerie\/index.php\/2018\/04\/13\/helary-sylvaine\/","title":{"rendered":"H\u00c9LARY Sylvaine \u2022"},"content":{"rendered":"<h1><img loading=\"lazy\" decoding=\"async\" class=\"aligncenter size-full wp-image-5833\" src=\"http:\/\/www.19paulfort.com\/galerie\/wp-content\/uploads\/2018\/04\/SylvaineHELARY.png\" alt=\"\" width=\"567\" height=\"756\" srcset=\"http:\/\/www.19paulfort.com\/galerie\/wp-content\/uploads\/2018\/04\/SylvaineHELARY.png 567w, http:\/\/www.19paulfort.com\/galerie\/wp-content\/uploads\/2018\/04\/SylvaineHELARY-225x300.png 225w\" sizes=\"auto, (max-width: 567px) 100vw, 567px\" \/><br \/>\nSylvaine H\u00c9LARY<\/h1>\n<p><strong>Fl\u00fbtiste &#8211; chanteuse<\/strong><\/p>\n<p style=\"text-align: justify;\">B\u00e9n\u00e9ficiant d\u2019une solide formation classique, ayant plong\u00e9 dans les vertiges de l\u2019improvisation aupr\u00e8s de Bernard Lubat, cette fl\u00fbtiste fait partie de ces solistes qui \u00e9tablissent un lien naturel entre la musique contemporaine, le jazz et divers courants de musique nouvelle.\u2028 Sa curiosit\u00e9 la conduit vers des projets souvent pluridisciplinaires, tels que Printemps.<\/p>\n<p style=\"text-align: justify;\">Elle a fait partie du Surnatural Orchestra pendant dix ans.\u2028 Elle joue en duo avec No\u00e9mi Boutin (Myssil et spectacle jeune public Entre Chou et Loup), int\u00e8gre r\u00e9cemment le nouveau sextet de Marc Ducret (Chroniques de la mer gel\u00e9e), l\u2019Ensemble D\u00e9dales de Dominique Pifar\u00e9ly, le quintet de Didier Levallet (Voix Crois\u00e9es), le tentet d\u2019\u00c8ve Risser (White Desert Orchestra), le trio Morgen Naughties (Tam De Villiers et Karsten Hochapfel), et le quintet de Michel \u00c9delin (Flute Fever).\u2028 Elle est convi\u00e9e \u00e0 faire partie de la nouvelle cr\u00e9ation d\u2019Alexandra Grimal (La Vapeur au-dessus du riz) et du quintet de Jozef Dumoulin (Orca Noise Unit).\u2028 Elle collabore avec de nombreux musiciens tels que Steve Coleman, Lynn Cassiers, Robin Fincker, John Niekrasz, Marco Quaresimin, Nicole Mitchell, Edward Perraud, l\u2019ONJ (D. Yvinec), Dgiz, Dominique A, Fantazio, et participe \u00e0 des projets d&rsquo;\u00e9changes avec la sc\u00e8ne de New-York (Kris Davis, Matt Mitchell, Tim Berne, Dan Weiss, Ingrid Laubrock, Tom Rainey) et de Chicago (The Bridge #5 avec Eve Risser, Mike Reed, Fred Lonberg-Holm).\u2028 Elle r\u00e9alise ses r\u00eaves d\u2019\u00e9criture et de composition au sein de son quartet acoustique Spring Roll (Antonin Rayon, Sylvain Lem\u00eatre et Hugues Mayot), de son trio (Antonin Rayon et d\u2019Emmanuel Scarpa) et de son nouveau quartet Glowing Life (Antonin Rayon, Benjamin Glibert, Christophe Lavergne).<\/p>\n<hr \/>\n<p><strong>Cette artiste a particip\u00e9 rue Paul Fort \u00e0 :<\/strong><br \/>\n&gt; <a href=\"http:\/\/www.19paulfort.com\/galerie\/index.php\/2018\/04\/13\/concert-quartet-the-sync-s-helary-f-lonberg-holm-e-risser-m-reed-24-avril-2018\/\">un concert du quartet The Sync (S. H\u00e9lary, F. Lonberg-Holm, E. Risser, M. Reed), le 24 avril 2018<\/a><\/p>\n","protected":false},"excerpt":{"rendered":"<p>Sylvaine H\u00c9LARY Fl\u00fbtiste &#8211; chanteuse B\u00e9n\u00e9ficiant d\u2019une solide formation classique, ayant plong\u00e9 dans les vertiges de l\u2019improvisation aupr\u00e8s de Bernard Lubat, cette fl\u00fbtiste fait partie de ces solistes qui \u00e9tablissent un lien naturel entre la musique contemporaine, le jazz et divers courants de musique nouvelle.\u2028 Sa curiosit\u00e9 la conduit vers des projets souvent pluridisciplinaires, tels&hellip;<a href=\"http:\/\/www.19paulfort.com\/galerie\/index.php\/2018\/04\/13\/helary-sylvaine\/\" class=\"more-link\">Continue reading <span class=\"screen-reader-text\">H\u00c9LARY Sylvaine \u2022<\/span><\/a><\/p>\n","protected":false},"author":1,"featured_media":0,"comment_status":"closed","ping_status":"closed","sticky":false,"template":"","format":"standard","meta":{"footnotes":""},"categories":[18,26,20,19],"tags":[],"class_list":["post-5764","post","type-post","status-publish","format-standard","hentry","category-artistes-invites","category-musiciens-compositeurs","category-par-nom","category-par-pratique-artistique"],"_links":{"self":[{"href":"http:\/\/www.19paulfort.com\/galerie\/index.php\/wp-json\/wp\/v2\/posts\/5764","targetHints":{"allow":["GET"]}}],"collection":[{"href":"http:\/\/www.19paulfort.com\/galerie\/index.php\/wp-json\/wp\/v2\/posts"}],"about":[{"href":"http:\/\/www.19paulfort.com\/galerie\/index.php\/wp-json\/wp\/v2\/types\/post"}],"author":[{"embeddable":true,"href":"http:\/\/www.19paulfort.com\/galerie\/index.php\/wp-json\/wp\/v2\/users\/1"}],"replies":[{"embeddable":true,"href":"http:\/\/www.19paulfort.com\/galerie\/index.php\/wp-json\/wp\/v2\/comments?post=5764"}],"version-history":[{"count":9,"href":"http:\/\/www.19paulfort.com\/galerie\/index.php\/wp-json\/wp\/v2\/posts\/5764\/revisions"}],"predecessor-version":[{"id":5834,"href":"http:\/\/www.19paulfort.com\/galerie\/index.php\/wp-json\/wp\/v2\/posts\/5764\/revisions\/5834"}],"wp:attachment":[{"href":"http:\/\/www.19paulfort.com\/galerie\/index.php\/wp-json\/wp\/v2\/media?parent=5764"}],"wp:term":[{"taxonomy":"category","embeddable":true,"href":"http:\/\/www.19paulfort.com\/galerie\/index.php\/wp-json\/wp\/v2\/categories?post=5764"},{"taxonomy":"post_tag","embeddable":true,"href":"http:\/\/www.19paulfort.com\/galerie\/index.php\/wp-json\/wp\/v2\/tags?post=5764"}],"curies":[{"name":"wp","href":"https:\/\/api.w.org\/{rel}","templated":true}]}}