{"id":5770,"date":"2018-04-13T16:52:47","date_gmt":"2018-04-13T15:52:47","guid":{"rendered":"http:\/\/www.19paulfort.com\/galerie\/?p=5770"},"modified":"2018-04-26T19:30:18","modified_gmt":"2018-04-26T18:30:18","slug":"reed-mike","status":"publish","type":"post","link":"http:\/\/www.19paulfort.com\/galerie\/index.php\/2018\/04\/13\/reed-mike\/","title":{"rendered":"REED Mike \u2022"},"content":{"rendered":"<h1><img loading=\"lazy\" decoding=\"async\" class=\"aligncenter size-full wp-image-5823\" src=\"http:\/\/www.19paulfort.com\/galerie\/wp-content\/uploads\/2018\/04\/MikeREED.png\" alt=\"\" width=\"567\" height=\"756\" srcset=\"http:\/\/www.19paulfort.com\/galerie\/wp-content\/uploads\/2018\/04\/MikeREED.png 567w, http:\/\/www.19paulfort.com\/galerie\/wp-content\/uploads\/2018\/04\/MikeREED-225x300.png 225w\" sizes=\"auto, (max-width: 567px) 100vw, 567px\" \/><br \/>\nMike REED<\/h1>\n<p><strong>Batteur, compositeur<\/strong><\/p>\n<p style=\"text-align: justify;\">N\u00e9 en 1974 \u00e0 Bielefeld, Allemagne. Vit \u00e0 Chicago<br \/>\nAu cours des deux derni\u00e8res d\u00e9cennies, Mike a \u00e9merg\u00e9 comme une force dominante dans la communaut\u00e9 artistique diversifi\u00e9e de Chicago, \u00e0 la fois par la musique qu&rsquo;il fait et les \u00e9v\u00e9nements en direct qu&rsquo;il produit. En plus de diriger ou co-diriger plusieurs groupes de travail, profond\u00e9ment enracin\u00e9s dans le jazz et la musique improvis\u00e9e, il est le directeur fondateur du Pitchfork Music Festival, l&rsquo;actuel pr\u00e9sident de la programmation du Chicago Jazz Festival et le propri\u00e9taire et directeur des arts de la sc\u00e8ne :Constellation. Il est un d\u00e9fenseur culturel d\u00e9vou\u00e9 qui s&rsquo;est engag\u00e9 \u00e0 fournir des plateformes pour l&rsquo;expression artistique sans \u00eatre g\u00ean\u00e9 par les pressions commerciales. En 2016, il est \u00e9galement devenu le propri\u00e9taire du Hungry Brain, un club devenu un lieu de promotion de la musique cr\u00e9ative.<br \/>\nEn plus de tisser des liens de collaboration avec des figures de premier plan de l&rsquo;AACM comme le l\u00e9gendaire Roscoe Mitchell et le trompettiste Wadada Leo Smith, Reed demeure un pilier dans sa ville natale, travaillant en tant que membre cl\u00e9 du trio Sun Rooms du vibraphoniste Jason Adasiewicz. octet dirig\u00e9 par le bassiste Jason Roebke.<br \/>\nAu fil des ann\u00e9es, il a travaill\u00e9 avec des musiciens de Chicago comme le guitariste Jeff Parker, la fl\u00fbtiste Nicole Mitchell, le saxophoniste Fred Anderson et le cornetiste Rob Mazurek.\u2028 Il est membre de l&rsquo;Association pour l&rsquo;avancement des musiciens cr\u00e9atifs (AACM) de Chicago, o\u00f9 il a \u00e9t\u00e9 vice-pr\u00e9sident entre 2009 et 2011.<br \/>\nEn 2010, le Chicago Tribune a nomm\u00e9 Reed comme l&rsquo;un de ses Chicagoiens de l&rsquo;ann\u00e9e et en 2014, Chicago Magazine l&rsquo;a cit\u00e9 comme la 94e personne la plus puissante et la plus influente de la ville. En 2016, Reed s&rsquo;est vu d\u00e9cerner une prestigieuse bourse d&rsquo;\u00e9tudes des \u00c9tats-Unis par la Doris Duke Foundation, reconnue pour sa \u00abvoix artistique unique qui \u00e9largit l&rsquo;environnement cr\u00e9atif des \u00c9tats- Unis\u00bb.<\/p>\n<hr \/>\n<p><strong>Cet artiste a particip\u00e9 rue Paul Fort \u00e0 :<\/strong><br \/>\n&gt; <a href=\"http:\/\/www.19paulfort.com\/galerie\/index.php\/2018\/04\/13\/concert-quartet-the-sync-s-helary-f-lonberg-holm-e-risser-m-reed-24-avril-2018\/\">un concert du quartet The Sync (S. H\u00e9lary, F. Lonberg-Holm, E. Risser, M. Reed), le 24 avril 2018<\/a><\/p>\n","protected":false},"excerpt":{"rendered":"<p>Mike REED Batteur, compositeur N\u00e9 en 1974 \u00e0 Bielefeld, Allemagne. Vit \u00e0 Chicago Au cours des deux derni\u00e8res d\u00e9cennies, Mike a \u00e9merg\u00e9 comme une force dominante dans la communaut\u00e9 artistique diversifi\u00e9e de Chicago, \u00e0 la fois par la musique qu&rsquo;il fait et les \u00e9v\u00e9nements en direct qu&rsquo;il produit. En plus de diriger ou co-diriger plusieurs&hellip;<a href=\"http:\/\/www.19paulfort.com\/galerie\/index.php\/2018\/04\/13\/reed-mike\/\" class=\"more-link\">Continue reading <span class=\"screen-reader-text\">REED Mike \u2022<\/span><\/a><\/p>\n","protected":false},"author":1,"featured_media":0,"comment_status":"closed","ping_status":"closed","sticky":false,"template":"","format":"standard","meta":{"footnotes":""},"categories":[18,26,20,19],"tags":[],"class_list":["post-5770","post","type-post","status-publish","format-standard","hentry","category-artistes-invites","category-musiciens-compositeurs","category-par-nom","category-par-pratique-artistique"],"_links":{"self":[{"href":"http:\/\/www.19paulfort.com\/galerie\/index.php\/wp-json\/wp\/v2\/posts\/5770","targetHints":{"allow":["GET"]}}],"collection":[{"href":"http:\/\/www.19paulfort.com\/galerie\/index.php\/wp-json\/wp\/v2\/posts"}],"about":[{"href":"http:\/\/www.19paulfort.com\/galerie\/index.php\/wp-json\/wp\/v2\/types\/post"}],"author":[{"embeddable":true,"href":"http:\/\/www.19paulfort.com\/galerie\/index.php\/wp-json\/wp\/v2\/users\/1"}],"replies":[{"embeddable":true,"href":"http:\/\/www.19paulfort.com\/galerie\/index.php\/wp-json\/wp\/v2\/comments?post=5770"}],"version-history":[{"count":7,"href":"http:\/\/www.19paulfort.com\/galerie\/index.php\/wp-json\/wp\/v2\/posts\/5770\/revisions"}],"predecessor-version":[{"id":5835,"href":"http:\/\/www.19paulfort.com\/galerie\/index.php\/wp-json\/wp\/v2\/posts\/5770\/revisions\/5835"}],"wp:attachment":[{"href":"http:\/\/www.19paulfort.com\/galerie\/index.php\/wp-json\/wp\/v2\/media?parent=5770"}],"wp:term":[{"taxonomy":"category","embeddable":true,"href":"http:\/\/www.19paulfort.com\/galerie\/index.php\/wp-json\/wp\/v2\/categories?post=5770"},{"taxonomy":"post_tag","embeddable":true,"href":"http:\/\/www.19paulfort.com\/galerie\/index.php\/wp-json\/wp\/v2\/tags?post=5770"}],"curies":[{"name":"wp","href":"https:\/\/api.w.org\/{rel}","templated":true}]}}