{"id":6066,"date":"2018-06-25T12:19:01","date_gmt":"2018-06-25T11:19:01","guid":{"rendered":"http:\/\/www.19paulfort.com\/galerie\/?p=6066"},"modified":"2023-11-14T08:40:00","modified_gmt":"2023-11-14T07:40:00","slug":"bopp-christiane","status":"publish","type":"post","link":"http:\/\/www.19paulfort.com\/galerie\/index.php\/2018\/06\/25\/bopp-christiane\/","title":{"rendered":"BOPP Christiane \u2022"},"content":{"rendered":"<h1><img loading=\"lazy\" decoding=\"async\" class=\"aligncenter size-full wp-image-6142\" src=\"http:\/\/www.19paulfort.com\/galerie\/wp-content\/uploads\/2018\/06\/ChristianeBopp.jpg\" alt=\"\" width=\"1391\" height=\"2088\" srcset=\"http:\/\/www.19paulfort.com\/galerie\/wp-content\/uploads\/2018\/06\/ChristianeBopp.jpg 1391w, http:\/\/www.19paulfort.com\/galerie\/wp-content\/uploads\/2018\/06\/ChristianeBopp-200x300.jpg 200w, http:\/\/www.19paulfort.com\/galerie\/wp-content\/uploads\/2018\/06\/ChristianeBopp-768x1153.jpg 768w, http:\/\/www.19paulfort.com\/galerie\/wp-content\/uploads\/2018\/06\/ChristianeBopp-682x1024.jpg 682w, http:\/\/www.19paulfort.com\/galerie\/wp-content\/uploads\/2018\/06\/ChristianeBopp-750x1126.jpg 750w\" sizes=\"auto, (max-width: 1391px) 100vw, 1391px\" \/><br \/>\nChristiane BOPP<\/h1>\n<p><strong>Tromboniste et saqueboutiste<\/strong><\/p>\n<h1><img loading=\"lazy\" decoding=\"async\" class=\"alignleft wp-image-6047 size-medium\" src=\"http:\/\/www.19paulfort.com\/galerie\/wp-content\/uploads\/2018\/06\/bopp-300x200.jpg\" alt=\"\" width=\"300\" height=\"200\" srcset=\"http:\/\/www.19paulfort.com\/galerie\/wp-content\/uploads\/2018\/06\/bopp-300x200.jpg 300w, http:\/\/www.19paulfort.com\/galerie\/wp-content\/uploads\/2018\/06\/bopp-768x512.jpg 768w, http:\/\/www.19paulfort.com\/galerie\/wp-content\/uploads\/2018\/06\/bopp-750x500.jpg 750w, http:\/\/www.19paulfort.com\/galerie\/wp-content\/uploads\/2018\/06\/bopp.jpg 800w\" sizes=\"auto, (max-width: 300px) 100vw, 300px\" \/><\/h1>\n<p style=\"text-align: justify;\">Christiane est tromboniste, saqueboutiste et vocaliste. Elle interpr\u00e8te, improvise et compose. Son langage personnel approfondit un dialogue singulier entre voix et instrument dans lequel se juxtaposent diff\u00e9rents plans sonores .<br \/>\nDe formation classique, elle int\u00e8gre le CNSM de Paris \u00e0 l&rsquo;\u00e2ge de 17 ans et y obtient les premiers prix de trombone et musique de chambre. Passionn\u00e9e de litt\u00e9rature, elle poursuit ensuite des \u00e9tudes de lettres. Son cheminement musical la conduit vers les musiques anciennes et contemporaines, et vers l&rsquo;improvisation qu&rsquo;elle a d\u00e9couvert lors de stages ( Jef Sicard, Yves Robert ).<br \/>\nElle s&rsquo;est form\u00e9e \u00e0 la saqueboute aupr\u00e8s de Franck Poitrineau et enchaine \u00e0 partir de 1997 les collaborations prestigieuses sur instruments anciens ( La Fenice- Jean Tub\u00e9ry, Ren\u00e9 Jacobs, Gabriel Garrido, Jo\u00ebl Suhubiette, Les Talens Lyriques- Christophe Rousset, Doulce M\u00e9moire, Cappela Andrea Barca- Andras Schiff &#8230;). Parall\u00e8lement, au trombone moderne, elle se produit d&rsquo;abord au sein des<br \/>\nconcerts \u00a0\u00bb jeunes compositeurs\u00a0\u00bb \u00e0 Radio France dans les ann\u00e9es 90, puis avec les ensembles Ars Nova, Zellig, et le duo Berson-Aschour. Elle prend part \u00e0 de nombreuses cr\u00e9ations ( Matalon, Bouchot, Barth\u00e9l\u00e9my, Rolin, Bustos &#8230;) en ensemble ou en soliste ( cr\u00e9ation fran\u00e7aise de Quick Sands pour trombone solo, cr\u00e9ation de Z\u00e9phyr de Basile Chassaing, pour trombone et dispositif \u00e9lectroacoustique).<br \/>\nDepuis 2005, elle joue dans les projets d&rsquo;artistes majeurs du jazz et des musiques improvis\u00e9es:<br \/>\nDominique Pifar\u00e9ly ( D\u00e9dales ), Marc Ducret ( Real thing#3, Chroniques de la Mer Gel\u00e9e), Jo\u00eblle L\u00e9andre (Tentet ), Kent Carter ( Oratorios and Songs ), Jean Fran\u00e7ois Pauvros ( Futura Experience) ; en trio avec Sophia Domancich, Denis Charolles ; trio avec H\u00e9l\u00e8ne Breschand, Basile Chassaing&#8230;<br \/>\nElle int\u00e8gre l&rsquo;ONJ de Fred Maurin pour le programme \u00a0\u00bb Rituels\u00a0\u00bb et le concert jeune public \u00a0\u00bb Dracula\u00a0\u00bb.<br \/>\nSes projets personnels explorent l&rsquo;interdisciplinarit\u00e9: duo avec le po\u00e8te Val\u00e9rie Rouzeau, le projet \u00ab\u00a0Tenements of clover\u00a0\u00bb sur des po\u00e8mes d&rsquo;Emily Dickinson, et Meshes of Times, cin\u00e9 concert Maya Deren \u00e9labor\u00e9 en duo avec Lucie<br \/>\nMousset.<br \/>\nElle publie en 2018 un premier solo \u00a0\u00bb Noyau de lune\u00a0\u00bb chez FouRecords, disque \u00ab\u00a0Elu\u00a0\u00bb Citizen Jazz . On peut la retrouver \u00e0 ce jour, tous styles confondus, sur vingt cinq enregistrements dont une part importante r\u00e9compens\u00e9s par la critique.<br \/>\nTitulaire du C.A. Christiane Bopp enseigne le trombone au CRR de Poitiers.<br \/>\nElle est \u00e9galement invit\u00e9e \u00e0 animer des workshops ou master classes autour de l&rsquo;improvisation.<\/p>\n<figure id=\"attachment_11350\" aria-describedby=\"caption-attachment-11350\" style=\"width: 1536px\" class=\"wp-caption aligncenter\"><img loading=\"lazy\" decoding=\"async\" class=\"size-full wp-image-11350\" src=\"http:\/\/www.19paulfort.com\/galerie\/wp-content\/uploads\/2018\/06\/bopp-1.jpg\" alt=\"\" width=\"1536\" height=\"2048\" srcset=\"http:\/\/www.19paulfort.com\/galerie\/wp-content\/uploads\/2018\/06\/bopp-1.jpg 1536w, http:\/\/www.19paulfort.com\/galerie\/wp-content\/uploads\/2018\/06\/bopp-1-225x300.jpg 225w, http:\/\/www.19paulfort.com\/galerie\/wp-content\/uploads\/2018\/06\/bopp-1-768x1024.jpg 768w, http:\/\/www.19paulfort.com\/galerie\/wp-content\/uploads\/2018\/06\/bopp-1-1152x1536.jpg 1152w, http:\/\/www.19paulfort.com\/galerie\/wp-content\/uploads\/2018\/06\/bopp-1-750x1000.jpg 750w\" sizes=\"auto, (max-width: 1536px) 100vw, 1536px\" \/><figcaption id=\"caption-attachment-11350\" class=\"wp-caption-text\">Le 13 novembre 2023 au 19 Paul Fort<\/figcaption><\/figure>\n<p>&nbsp;<\/p>\n<figure id=\"attachment_8562\" aria-describedby=\"caption-attachment-8562\" style=\"width: 900px\" class=\"wp-caption aligncenter\"><img loading=\"lazy\" decoding=\"async\" class=\"wp-image-8562 size-full\" src=\"http:\/\/www.19paulfort.com\/galerie\/wp-content\/uploads\/2018\/06\/Christiane-Bopp.png\" alt=\"\" width=\"900\" height=\"599\" srcset=\"http:\/\/www.19paulfort.com\/galerie\/wp-content\/uploads\/2018\/06\/Christiane-Bopp.png 900w, http:\/\/www.19paulfort.com\/galerie\/wp-content\/uploads\/2018\/06\/Christiane-Bopp-300x200.png 300w, http:\/\/www.19paulfort.com\/galerie\/wp-content\/uploads\/2018\/06\/Christiane-Bopp-768x511.png 768w, http:\/\/www.19paulfort.com\/galerie\/wp-content\/uploads\/2018\/06\/Christiane-Bopp-750x499.png 750w\" sizes=\"auto, (max-width: 900px) 100vw, 900px\" \/><figcaption id=\"caption-attachment-8562\" class=\"wp-caption-text\">\u00a9 Christian Taillemite (2020)<\/figcaption><\/figure>\n<hr \/>\n<p style=\"text-align: justify;\"><strong>Cette artiste a particip\u00e9 au 19 Paul Fort \u00e0 :<\/strong><\/p>\n<p>&gt; <a href=\"http:\/\/www.19paulfort.com\/galerie\/index.php\/2023\/11\/02\/concert-trio-bopp-trombone-rainey-batterie-payen-saxophone-13-novembre-2023\/\">Un concert en trio avec Tom Rainey (batterie) et St\u00e9phane Payen (saxophone), le 13 novembre 2023<\/a><br \/>\n&gt; <a href=\"http:\/\/www.19paulfort.com\/galerie\/index.php\/2020\/02\/15\/concert-trio-ch-bopp-trombone-d-charolles-batterie-s-domancich-piano-27-fevrier-2020\/\">Un concert en trio avec Denis Charolles (batterie) et Sophia Domancich (piano) le 27 f\u00e9vrier 2020<\/a><br \/>\n&gt; <a href=\"http:\/\/www.19paulfort.com\/galerie\/index.php\/2018\/06\/20\/coancert-trio-ch-bopp-trombone-d-charolles-batterie-s-domancich-piano-5-juillet-2018\/\">Un concert en trio avec Denis Charolles (batterie) et Sophia Domancich (piano) le 5 juillet 2018<\/a><\/p>\n","protected":false},"excerpt":{"rendered":"<p>Christiane BOPP Tromboniste et saqueboutiste Christiane est tromboniste, saqueboutiste et vocaliste. Elle interpr\u00e8te, improvise et compose. Son langage personnel approfondit un dialogue singulier entre voix et instrument dans lequel se juxtaposent diff\u00e9rents plans sonores . De formation classique, elle int\u00e8gre le CNSM de Paris \u00e0 l&rsquo;\u00e2ge de 17 ans et y obtient les premiers prix&hellip;<a href=\"http:\/\/www.19paulfort.com\/galerie\/index.php\/2018\/06\/25\/bopp-christiane\/\" class=\"more-link\">Continue reading <span class=\"screen-reader-text\">BOPP Christiane \u2022<\/span><\/a><\/p>\n","protected":false},"author":1,"featured_media":0,"comment_status":"closed","ping_status":"closed","sticky":false,"template":"","format":"standard","meta":{"footnotes":""},"categories":[18,26,20,19],"tags":[],"class_list":["post-6066","post","type-post","status-publish","format-standard","hentry","category-artistes-invites","category-musiciens-compositeurs","category-par-nom","category-par-pratique-artistique"],"_links":{"self":[{"href":"http:\/\/www.19paulfort.com\/galerie\/index.php\/wp-json\/wp\/v2\/posts\/6066","targetHints":{"allow":["GET"]}}],"collection":[{"href":"http:\/\/www.19paulfort.com\/galerie\/index.php\/wp-json\/wp\/v2\/posts"}],"about":[{"href":"http:\/\/www.19paulfort.com\/galerie\/index.php\/wp-json\/wp\/v2\/types\/post"}],"author":[{"embeddable":true,"href":"http:\/\/www.19paulfort.com\/galerie\/index.php\/wp-json\/wp\/v2\/users\/1"}],"replies":[{"embeddable":true,"href":"http:\/\/www.19paulfort.com\/galerie\/index.php\/wp-json\/wp\/v2\/comments?post=6066"}],"version-history":[{"count":13,"href":"http:\/\/www.19paulfort.com\/galerie\/index.php\/wp-json\/wp\/v2\/posts\/6066\/revisions"}],"predecessor-version":[{"id":11351,"href":"http:\/\/www.19paulfort.com\/galerie\/index.php\/wp-json\/wp\/v2\/posts\/6066\/revisions\/11351"}],"wp:attachment":[{"href":"http:\/\/www.19paulfort.com\/galerie\/index.php\/wp-json\/wp\/v2\/media?parent=6066"}],"wp:term":[{"taxonomy":"category","embeddable":true,"href":"http:\/\/www.19paulfort.com\/galerie\/index.php\/wp-json\/wp\/v2\/categories?post=6066"},{"taxonomy":"post_tag","embeddable":true,"href":"http:\/\/www.19paulfort.com\/galerie\/index.php\/wp-json\/wp\/v2\/tags?post=6066"}],"curies":[{"name":"wp","href":"https:\/\/api.w.org\/{rel}","templated":true}]}}