{"id":6069,"date":"2018-06-25T12:29:04","date_gmt":"2018-06-25T11:29:04","guid":{"rendered":"http:\/\/www.19paulfort.com\/galerie\/?p=6069"},"modified":"2020-02-17T13:18:18","modified_gmt":"2020-02-17T12:18:18","slug":"charolles-denis","status":"publish","type":"post","link":"http:\/\/www.19paulfort.com\/galerie\/index.php\/2018\/06\/25\/charolles-denis\/","title":{"rendered":"CHAROLLES Denis \u2022"},"content":{"rendered":"<h1><img loading=\"lazy\" decoding=\"async\" class=\"aligncenter size-full wp-image-6150\" src=\"http:\/\/www.19paulfort.com\/galerie\/wp-content\/uploads\/2018\/06\/DenisCharolles.jpg\" alt=\"\" width=\"1775\" height=\"3115\" srcset=\"http:\/\/www.19paulfort.com\/galerie\/wp-content\/uploads\/2018\/06\/DenisCharolles.jpg 1775w, http:\/\/www.19paulfort.com\/galerie\/wp-content\/uploads\/2018\/06\/DenisCharolles-171x300.jpg 171w, http:\/\/www.19paulfort.com\/galerie\/wp-content\/uploads\/2018\/06\/DenisCharolles-768x1348.jpg 768w, http:\/\/www.19paulfort.com\/galerie\/wp-content\/uploads\/2018\/06\/DenisCharolles-583x1024.jpg 583w, http:\/\/www.19paulfort.com\/galerie\/wp-content\/uploads\/2018\/06\/DenisCharolles-750x1316.jpg 750w\" sizes=\"auto, (max-width: 1775px) 100vw, 1775px\" \/><br \/>\nDenis Charolles<\/h1>\n<p><strong>Batteur, tromboniste, chanteur<br \/>\n<\/strong><\/p>\n<figure id=\"attachment_6048\" aria-describedby=\"caption-attachment-6048\" style=\"width: 300px\" class=\"wp-caption alignleft\"><img loading=\"lazy\" decoding=\"async\" class=\"wp-image-6048 size-medium\" src=\"http:\/\/www.19paulfort.com\/galerie\/wp-content\/uploads\/2018\/06\/charolles-300x200.jpg\" alt=\"\" width=\"300\" height=\"200\" srcset=\"http:\/\/www.19paulfort.com\/galerie\/wp-content\/uploads\/2018\/06\/charolles-300x200.jpg 300w, http:\/\/www.19paulfort.com\/galerie\/wp-content\/uploads\/2018\/06\/charolles-768x512.jpg 768w, http:\/\/www.19paulfort.com\/galerie\/wp-content\/uploads\/2018\/06\/charolles-750x500.jpg 750w, http:\/\/www.19paulfort.com\/galerie\/wp-content\/uploads\/2018\/06\/charolles.jpg 800w\" sizes=\"auto, (max-width: 300px) 100vw, 300px\" \/><figcaption id=\"caption-attachment-6048\" class=\"wp-caption-text\">\u00a9 Christian Taillemite<\/figcaption><\/figure>\n<p style=\"text-align: justify;\">Denis d\u00e9bute la batterie \u00e0 l&rsquo;\u00e2ge de 12 ans, puis joue rapidement dans des groupes de rock des faubourgs de Rouen (76) et se dirige vers le jazz. Il rencontre Christian<br \/>\nGarros \u00e0 l&rsquo;EIJ de Mont Saint Aignan. Il joue alors dans diverses formations de jazz rouennaises. Parall\u00e8lement, il suit des \u00e9tudes d&rsquo;\u00e9lectronique (D.U.T) qui le conduiront \u00e0 sonoriser des spectacles. Initiateur du trio \u00ab la Compagnie des Musiques \u00e0 Ou\u00efr\u00bb avec Christophe Monniot, il est sans cesse \u00e0 la recherche d\u2019aventures artistiques nouvelles et se pla\u00eet \u00e0 provoquer, rechercher un possible \u00e0 travers les rencontres et les projets de croisements artistiques.<br \/>\nLa Compagnie des Musiques \u00e0 Ou\u00efr lui ouvre la porte \u00e0 de fortes \u00ab\u00a0charollesventures\u00a0\u00bb sous forme d\u2019ateliers (fanfare de Banlieues Bleues, Osni Jazz \u00abLe Nom du Truc\u00bb, Grenoble jazz festival, Europa Jazz Festival), de cr\u00e9ations lors de r\u00e9sidences, ou de commandes (\u00e9criture de musiques pour le spectacle \u00ab Sans Queue ni T\u00eate \u00bb et \u00ab la Nuit peut \u00eatre \u00bb de Giselle Gr\u00e9au, g\u00e9n\u00e9rique de l\u2019\u00e9mission \u00ab La Fabrique de l\u2019Histoire \u00bb sur France Culture&#8230;). Des rencontres autour de la po\u00e9sie de la danse dont \u00ab Le Bleu de Ipo\u00ebs \u00bb en duo avec L\u2019acteur Michel Richard , avec Giselle Gr\u00e9au compagnie \u00ab Pas ta trace \u00bb (musique et performance pour le festival Octobre en Normandie), duo Avec Daniel Znyk sur un texte de Gherasim Lucas \u00ab Passionn\u00e9ment \u00bb dans le cadre du festival \u00ab la Voix est Libre \u00bb aux Bouffes du Nord \u00e0 Paris. Il est aujourd&rsquo;hui le responsable artistique de l&rsquo;ensemble \u00ab les Musiques \u00e0 Ou\u00efr \u00bb et a cr\u00e9\u00e9 \u00ab les \u00c9trangers Familiers &#8211; un salut \u00e0 Georges Brassens \u00bb (2008), \u00ab Au Lustre de la Peur \u00bb, spectacle jeune public (2006), \u00ab Solo pour arrosoir et graviers \u00bb (2009), \u00ab D&rsquo;\u00e0 corps D\u00e9sacorps \u00bb (2007), \u00ab Duke &amp; Thelonious \u00bb (2011), \u00ab Electronic Mamies \u00bb (2011), \u00ab \u00d4 Brigitte ! \u00bb (2012). On l&rsquo;entend \u00e9galement en petite formation avec Fred Gastard et Vincent Peirani. Il a provoqu\u00e9 des rencontres au sein de Musiques \u00e0 Ou\u00efr avec Brigitte Fontaine, Yvette Horner, Bernard Lubat, Andr\u00e9 Minvielle, Little Bob, Michel Richard, Maggie Nicols, Arthur H, Lucia Reccio, Lo\u00efc Lantoine, Eric Lareine, Fantazio, Jo\u00eblle L\u00e9andre, Sylvie Cabrit, Heavy Spirits,\u2026<br \/>\nIl a \u00e9t\u00e9 le batteur de Little Bob de 1991 \u00e0 2001. En 2014 il monte une adaptation de l&rsquo;op\u00e9ra \u00ab l&rsquo;Enfant et les Sortil\u00e8ges \u00bb de Colette et Maurice Ravel. Il est le responsable artistique du Label Ou\u00efe, label des Musiques \u00e0 Ou\u00efr.<\/p>\n<p style=\"text-align: justify;\">Discographie s\u00e9lective : Trio Magique (2013) &#8211; L\u2019Ou\u00efe Neuf &#8211; La Grande Campagnie des Musiques \u00e0 Ou\u00efr \u00bb (2012) &#8211; Les \u00c9trangers Familiers &#8211; un salut \u00e0 Georges Brassens \u00bb (2010) &#8211; La Manivelle Magyare \u2013 La Campagnie des Musiques \u00e0 Ou\u00efr (2005 \u2013BMC) &#8211; David Chevallier \u00ab Pyromanes \u00bb (2006) &#8211; La Campagnie des Musiques \u00e0 Ou\u00efr (1999) &#8211; Little Bob Blue Stories(2000), Lost Territories (1996) &#8211; La Femme Chocolat &#8211; Olivia Ruiz &#8211; En attendant Marcel &#8211; Laurent Dehors Trio (1998).<\/p>\n<hr \/>\n<p style=\"text-align: justify;\"><strong>Cet artiste a particip\u00e9 au 19 Paul Fort \u00e0 :<br \/>\n<\/strong><a href=\"http:\/\/www.19paulfort.com\/galerie\/index.php\/2020\/02\/15\/concert-trio-ch-bopp-trombone-d-charolles-batterie-s-domancich-piano-27-fevrier-2020\/\">&gt; Un concert en trio avec Christiane Bopp (trombone) et Sophia Domancich (piano), le 27 f\u00e9vrier 2020<\/a><br \/>\n<a href=\"http:\/\/www.19paulfort.com\/galerie\/index.php\/2018\/06\/20\/coancert-trio-ch-bopp-trombone-d-charolles-batterie-s-domancich-piano-5-juillet-2018\/\">&gt; Un concert en trio avec Christiane Bopp (trombone) et Sophia Domancich (piano), le 5 juillet 2018<\/a><\/p>\n","protected":false},"excerpt":{"rendered":"<p>Denis Charolles Batteur, tromboniste, chanteur Denis d\u00e9bute la batterie \u00e0 l&rsquo;\u00e2ge de 12 ans, puis joue rapidement dans des groupes de rock des faubourgs de Rouen (76) et se dirige vers le jazz. Il rencontre Christian Garros \u00e0 l&rsquo;EIJ de Mont Saint Aignan. Il joue alors dans diverses formations de jazz rouennaises. Parall\u00e8lement, il suit&hellip;<a href=\"http:\/\/www.19paulfort.com\/galerie\/index.php\/2018\/06\/25\/charolles-denis\/\" class=\"more-link\">Continue reading <span class=\"screen-reader-text\">CHAROLLES Denis \u2022<\/span><\/a><\/p>\n","protected":false},"author":1,"featured_media":0,"comment_status":"closed","ping_status":"closed","sticky":false,"template":"","format":"standard","meta":{"footnotes":""},"categories":[18,26,20,19],"tags":[],"class_list":["post-6069","post","type-post","status-publish","format-standard","hentry","category-artistes-invites","category-musiciens-compositeurs","category-par-nom","category-par-pratique-artistique"],"_links":{"self":[{"href":"http:\/\/www.19paulfort.com\/galerie\/index.php\/wp-json\/wp\/v2\/posts\/6069","targetHints":{"allow":["GET"]}}],"collection":[{"href":"http:\/\/www.19paulfort.com\/galerie\/index.php\/wp-json\/wp\/v2\/posts"}],"about":[{"href":"http:\/\/www.19paulfort.com\/galerie\/index.php\/wp-json\/wp\/v2\/types\/post"}],"author":[{"embeddable":true,"href":"http:\/\/www.19paulfort.com\/galerie\/index.php\/wp-json\/wp\/v2\/users\/1"}],"replies":[{"embeddable":true,"href":"http:\/\/www.19paulfort.com\/galerie\/index.php\/wp-json\/wp\/v2\/comments?post=6069"}],"version-history":[{"count":7,"href":"http:\/\/www.19paulfort.com\/galerie\/index.php\/wp-json\/wp\/v2\/posts\/6069\/revisions"}],"predecessor-version":[{"id":8580,"href":"http:\/\/www.19paulfort.com\/galerie\/index.php\/wp-json\/wp\/v2\/posts\/6069\/revisions\/8580"}],"wp:attachment":[{"href":"http:\/\/www.19paulfort.com\/galerie\/index.php\/wp-json\/wp\/v2\/media?parent=6069"}],"wp:term":[{"taxonomy":"category","embeddable":true,"href":"http:\/\/www.19paulfort.com\/galerie\/index.php\/wp-json\/wp\/v2\/categories?post=6069"},{"taxonomy":"post_tag","embeddable":true,"href":"http:\/\/www.19paulfort.com\/galerie\/index.php\/wp-json\/wp\/v2\/tags?post=6069"}],"curies":[{"name":"wp","href":"https:\/\/api.w.org\/{rel}","templated":true}]}}