{"id":6114,"date":"2018-09-26T21:15:53","date_gmt":"2018-09-26T20:15:53","guid":{"rendered":"http:\/\/www.19paulfort.com\/galerie\/?p=6114"},"modified":"2018-10-05T17:43:58","modified_gmt":"2018-10-05T16:43:58","slug":"galarza-eloy-orzaiz","status":"publish","type":"post","link":"http:\/\/www.19paulfort.com\/galerie\/index.php\/2018\/09\/26\/galarza-eloy-orzaiz\/","title":{"rendered":"GALARZA Eloy Orzaiz \u2022"},"content":{"rendered":"<h1><img loading=\"lazy\" decoding=\"async\" class=\"aligncenter size-full wp-image-6146\" src=\"http:\/\/www.19paulfort.com\/galerie\/wp-content\/uploads\/2018\/09\/Galarza.jpg\" alt=\"\" width=\"1960\" height=\"3409\" srcset=\"http:\/\/www.19paulfort.com\/galerie\/wp-content\/uploads\/2018\/09\/Galarza.jpg 1960w, http:\/\/www.19paulfort.com\/galerie\/wp-content\/uploads\/2018\/09\/Galarza-172x300.jpg 172w, http:\/\/www.19paulfort.com\/galerie\/wp-content\/uploads\/2018\/09\/Galarza-768x1336.jpg 768w, http:\/\/www.19paulfort.com\/galerie\/wp-content\/uploads\/2018\/09\/Galarza-589x1024.jpg 589w, http:\/\/www.19paulfort.com\/galerie\/wp-content\/uploads\/2018\/09\/Galarza-750x1304.jpg 750w\" sizes=\"auto, (max-width: 1960px) 100vw, 1960px\" \/><br \/>\nEloy Orzaiz Galarza<\/h1>\n<p><strong>Piano<\/strong><\/p>\n<p style=\"text-align: justify;\">N\u00e9 en 1983 \u00e0 Pampelune en Espagne.<\/p>\n<p style=\"text-align: justify;\">Dot\u00e9 d\u00b4un esprit tr\u00e8s curieux et versatile, Eloy est \u00e0 la fois pianiste, pianofortiste et claveciniste.<br \/>\nApr\u00e8s avoir obtenu une solide formation pianistique en Espagne il continue son parcours au Conservatoire Royal de la Haye (Pays-Bas) et plus tard \u00e0 la Schola Cantorum Basiliensis (Suisse).<br \/>\nCes \u00e9tudes, qui ont abouti \u00e0 l\u2019obtention de diff\u00e9rents Masters, lui ont apport\u00e9 une base technique et artistique tr\u00e8s solide, en d\u00e9veloppant sa curiosit\u00e9 et sa connaissance en profondeur de r\u00e9pertoires tr\u00e8s vari\u00e9s, allant de la Renaissance \u00e0 nos jours.<br \/>\nPassionn\u00e9 par la musique de chambre, il fait partie du <em>Suggia Piano Trio<\/em>, formation avec laquelle il enregistre un CD consacr\u00e9 \u00e0 Schumann et Brahms tr\u00e8s appr\u00e9ci\u00e9 par la presse sp\u00e9cialis\u00e9e. Tr\u00e8s attir\u00e9 par l\u2019interpr\u00e9tation historique des oeuvres du XVIII \u00e8me et XIX\u00e9me si\u00e8cle, il d\u00e9veloppe son r\u00e9pertoire avec le violoniste Anton Steck et aussi au sein de l\u00b4ensemble El Parnasillo.<\/p>\n<p style=\"text-align: justify;\">Eloy Orzaiz a \u00e9t\u00e9 laur\u00e9at de plusieurs concours internationaux (Ibiza, 2010 ; Xativa, 2009, prix Hezekiah Wardwell de la Fondation Humboldt; prix Excellence de la fondation Nuffic) et fut membre de la<em> European Union Baroque Orchestra<\/em> en 2012 et 2013.<br \/>\nIl enseigne \u00e0 la Hochschule fu\u0308r Musik und Darstellende Kunst de Frankfurt (Allemagne).<\/p>\n<hr \/>\n<p><strong>Cet artiste \u00e0 particip\u00e9 au 19 Paul Fort \u00e0 :<\/strong><\/p>\n<p>&gt; <a href=\"http:\/\/www.19paulfort.com\/galerie\/index.php\/2018\/09\/26\/concert-hommage-a-pablo-casals-naaman-sluchin-violon-e-o-galarza-piano-4-octobre-2018\/\">Un concert \u00ab\u00a0Hommage \u00e0 Pablo Casals\u00a0\u00bb avec le violoniste Naaman Sluchin, le 4 octobre 2018<\/a><\/p>\n","protected":false},"excerpt":{"rendered":"<p>Eloy Orzaiz Galarza Piano N\u00e9 en 1983 \u00e0 Pampelune en Espagne. Dot\u00e9 d\u00b4un esprit tr\u00e8s curieux et versatile, Eloy est \u00e0 la fois pianiste, pianofortiste et claveciniste. Apr\u00e8s avoir obtenu une solide formation pianistique en Espagne il continue son parcours au Conservatoire Royal de la Haye (Pays-Bas) et plus tard \u00e0 la Schola Cantorum Basiliensis&hellip;<a href=\"http:\/\/www.19paulfort.com\/galerie\/index.php\/2018\/09\/26\/galarza-eloy-orzaiz\/\" class=\"more-link\">Continue reading <span class=\"screen-reader-text\">GALARZA Eloy Orzaiz \u2022<\/span><\/a><\/p>\n","protected":false},"author":1,"featured_media":0,"comment_status":"closed","ping_status":"closed","sticky":false,"template":"","format":"standard","meta":{"footnotes":""},"categories":[18,26,20,19],"tags":[],"class_list":["post-6114","post","type-post","status-publish","format-standard","hentry","category-artistes-invites","category-musiciens-compositeurs","category-par-nom","category-par-pratique-artistique"],"_links":{"self":[{"href":"http:\/\/www.19paulfort.com\/galerie\/index.php\/wp-json\/wp\/v2\/posts\/6114","targetHints":{"allow":["GET"]}}],"collection":[{"href":"http:\/\/www.19paulfort.com\/galerie\/index.php\/wp-json\/wp\/v2\/posts"}],"about":[{"href":"http:\/\/www.19paulfort.com\/galerie\/index.php\/wp-json\/wp\/v2\/types\/post"}],"author":[{"embeddable":true,"href":"http:\/\/www.19paulfort.com\/galerie\/index.php\/wp-json\/wp\/v2\/users\/1"}],"replies":[{"embeddable":true,"href":"http:\/\/www.19paulfort.com\/galerie\/index.php\/wp-json\/wp\/v2\/comments?post=6114"}],"version-history":[{"count":7,"href":"http:\/\/www.19paulfort.com\/galerie\/index.php\/wp-json\/wp\/v2\/posts\/6114\/revisions"}],"predecessor-version":[{"id":6148,"href":"http:\/\/www.19paulfort.com\/galerie\/index.php\/wp-json\/wp\/v2\/posts\/6114\/revisions\/6148"}],"wp:attachment":[{"href":"http:\/\/www.19paulfort.com\/galerie\/index.php\/wp-json\/wp\/v2\/media?parent=6114"}],"wp:term":[{"taxonomy":"category","embeddable":true,"href":"http:\/\/www.19paulfort.com\/galerie\/index.php\/wp-json\/wp\/v2\/categories?post=6114"},{"taxonomy":"post_tag","embeddable":true,"href":"http:\/\/www.19paulfort.com\/galerie\/index.php\/wp-json\/wp\/v2\/tags?post=6114"}],"curies":[{"name":"wp","href":"https:\/\/api.w.org\/{rel}","templated":true}]}}