{"id":6292,"date":"2018-10-25T12:41:03","date_gmt":"2018-10-25T11:41:03","guid":{"rendered":"http:\/\/www.19paulfort.com\/galerie\/?p=6292"},"modified":"2018-11-03T09:20:09","modified_gmt":"2018-11-03T08:20:09","slug":"giron-peter","status":"publish","type":"post","link":"http:\/\/www.19paulfort.com\/galerie\/index.php\/2018\/10\/25\/giron-peter\/","title":{"rendered":"GIRON Peter \u2022"},"content":{"rendered":"<p><img loading=\"lazy\" decoding=\"async\" class=\"aligncenter size-full wp-image-6367\" src=\"http:\/\/www.19paulfort.com\/galerie\/wp-content\/uploads\/2018\/10\/PGiron2.jpg\" alt=\"\" width=\"1959\" height=\"3445\" srcset=\"http:\/\/www.19paulfort.com\/galerie\/wp-content\/uploads\/2018\/10\/PGiron2.jpg 1959w, http:\/\/www.19paulfort.com\/galerie\/wp-content\/uploads\/2018\/10\/PGiron2-171x300.jpg 171w, http:\/\/www.19paulfort.com\/galerie\/wp-content\/uploads\/2018\/10\/PGiron2-768x1351.jpg 768w, http:\/\/www.19paulfort.com\/galerie\/wp-content\/uploads\/2018\/10\/PGiron2-582x1024.jpg 582w, http:\/\/www.19paulfort.com\/galerie\/wp-content\/uploads\/2018\/10\/PGiron2-750x1319.jpg 750w\" sizes=\"auto, (max-width: 1959px) 100vw, 1959px\" \/><\/p>\n<h1>Peter Giron<\/h1>\n<p><strong>Bassiste et contrebassiste<\/strong><\/p>\n<p style=\"text-align: justify;\">N\u00e9 le dans le Bronx (New-York, \u00c9tats Unis) en 1952. Vit et travaille en France.<br \/>\nPeter \u00e9tudie la basse, la contrebasse, l\u2019alto et le violon au Princeton College of Music dans le New Jersey, puis commence sa carri\u00e8re dans les orchestres de jazz locaux et devient musicien professionnel aussi bien \u00e0 la basse qu&rsquo;\u00e0 la contrebasse d\u00e8s l&rsquo;\u00e2ge de 16 ans. Il se produit ensuite dans des spectacles de Broadway et sur la sc\u00e8ne new-yorkaise avec diff\u00e9rents musiciens, dont Charles Earland et John Purcell pour plusieurs tourn\u00e9es aux U.S.A.<br \/>\nTr\u00e8s pr\u00e9sent sur la sc\u00e8ne jazz fran\u00e7aise et internationale aux c\u00f4t\u00e9s de musiciens comme Archie Schepp, Charles Earland, John Purcell, Luther Allison, Kurt Elling,Dave Liebman, Rhoda Scott, Hal Singer, Kirk Lightsey, Sarah Morrow \u2026.<br \/>\nSon oreille absolue, son jeu de contrebasse profond, son sens du swing en font un accompagnateur hors pair et un soliste inspir\u00e9.<br \/>\nDepuis, toujours tr\u00e8s actif, il se produit avec diverses formations locales et am\u00e9ricaines dans les clubs de jazz parisiens. En 2008, il sort l&rsquo;album <em>Hill<\/em> avec Jobic Le Masson et John Betsch.<br \/>\n\u00c9tabli en France depuis trente ans, Il a enseign\u00e9 au conservatoire de Montpellier et \u00e0 l&rsquo;American School of Modern Music de 1988 \u00e0 2011. Il enseigne d\u00e9sormais l&rsquo;harmonie, le solf\u00e8ge, la th\u00e9orie ainsi que la basse et la contrebasse \u00e0 l&rsquo;IMEP Paris College of Music.<\/p>\n<figure id=\"attachment_6314\" aria-describedby=\"caption-attachment-6314\" style=\"width: 1480px\" class=\"wp-caption aligncenter\"><img loading=\"lazy\" decoding=\"async\" class=\"wp-image-6314 size-full\" src=\"http:\/\/www.19paulfort.com\/galerie\/wp-content\/uploads\/2018\/10\/DSCF0035.jpg\" alt=\"\" width=\"1480\" height=\"1110\" srcset=\"http:\/\/www.19paulfort.com\/galerie\/wp-content\/uploads\/2018\/10\/DSCF0035.jpg 1480w, http:\/\/www.19paulfort.com\/galerie\/wp-content\/uploads\/2018\/10\/DSCF0035-300x225.jpg 300w, http:\/\/www.19paulfort.com\/galerie\/wp-content\/uploads\/2018\/10\/DSCF0035-768x576.jpg 768w, http:\/\/www.19paulfort.com\/galerie\/wp-content\/uploads\/2018\/10\/DSCF0035-1024x768.jpg 1024w, http:\/\/www.19paulfort.com\/galerie\/wp-content\/uploads\/2018\/10\/DSCF0035-750x563.jpg 750w\" sizes=\"auto, (max-width: 1480px) 100vw, 1480px\" \/><figcaption id=\"caption-attachment-6314\" class=\"wp-caption-text\">Michel Edelin et Peter Giron \u00a9 X. Lambours<\/figcaption><\/figure>\n<figure id=\"attachment_6313\" aria-describedby=\"caption-attachment-6313\" style=\"width: 1480px\" class=\"wp-caption aligncenter\"><img loading=\"lazy\" decoding=\"async\" class=\"wp-image-6313 size-full\" src=\"http:\/\/www.19paulfort.com\/galerie\/wp-content\/uploads\/2018\/10\/DSCF0068.jpg\" alt=\"\" width=\"1480\" height=\"1110\" srcset=\"http:\/\/www.19paulfort.com\/galerie\/wp-content\/uploads\/2018\/10\/DSCF0068.jpg 1480w, http:\/\/www.19paulfort.com\/galerie\/wp-content\/uploads\/2018\/10\/DSCF0068-300x225.jpg 300w, http:\/\/www.19paulfort.com\/galerie\/wp-content\/uploads\/2018\/10\/DSCF0068-768x576.jpg 768w, http:\/\/www.19paulfort.com\/galerie\/wp-content\/uploads\/2018\/10\/DSCF0068-1024x768.jpg 1024w, http:\/\/www.19paulfort.com\/galerie\/wp-content\/uploads\/2018\/10\/DSCF0068-750x563.jpg 750w\" sizes=\"auto, (max-width: 1480px) 100vw, 1480px\" \/><figcaption id=\"caption-attachment-6313\" class=\"wp-caption-text\">Peter Giron \u00a9 X. Lambours<\/figcaption><\/figure>\n<hr \/>\n<p style=\"text-align: justify;\"><strong>Cet artiste a particip\u00e9 au 19PaulFort \u00e0 :<\/strong><br \/>\n&gt; <a href=\"http:\/\/www.19paulfort.com\/galerie\/index.php\/2018\/10\/25\/concert-le-trio-edelin-invite-francois-couturier-30-octobre-2018\/\">Un concert \u00ab\u00a0Le Trio Edelin invite Fran\u00e7ois Couturier\u00a0\u00bb, le 30 octobre 2018<\/a><\/p>\n","protected":false},"excerpt":{"rendered":"<p>Peter Giron Bassiste et contrebassiste N\u00e9 le dans le Bronx (New-York, \u00c9tats Unis) en 1952. Vit et travaille en France. Peter \u00e9tudie la basse, la contrebasse, l\u2019alto et le violon au Princeton College of Music dans le New Jersey, puis commence sa carri\u00e8re dans les orchestres de jazz locaux et devient musicien professionnel aussi bien&hellip;<a href=\"http:\/\/www.19paulfort.com\/galerie\/index.php\/2018\/10\/25\/giron-peter\/\" class=\"more-link\">Continue reading <span class=\"screen-reader-text\">GIRON Peter \u2022<\/span><\/a><\/p>\n","protected":false},"author":1,"featured_media":0,"comment_status":"closed","ping_status":"closed","sticky":false,"template":"","format":"standard","meta":{"footnotes":""},"categories":[18,26,20,19],"tags":[],"class_list":["post-6292","post","type-post","status-publish","format-standard","hentry","category-artistes-invites","category-musiciens-compositeurs","category-par-nom","category-par-pratique-artistique"],"_links":{"self":[{"href":"http:\/\/www.19paulfort.com\/galerie\/index.php\/wp-json\/wp\/v2\/posts\/6292","targetHints":{"allow":["GET"]}}],"collection":[{"href":"http:\/\/www.19paulfort.com\/galerie\/index.php\/wp-json\/wp\/v2\/posts"}],"about":[{"href":"http:\/\/www.19paulfort.com\/galerie\/index.php\/wp-json\/wp\/v2\/types\/post"}],"author":[{"embeddable":true,"href":"http:\/\/www.19paulfort.com\/galerie\/index.php\/wp-json\/wp\/v2\/users\/1"}],"replies":[{"embeddable":true,"href":"http:\/\/www.19paulfort.com\/galerie\/index.php\/wp-json\/wp\/v2\/comments?post=6292"}],"version-history":[{"count":9,"href":"http:\/\/www.19paulfort.com\/galerie\/index.php\/wp-json\/wp\/v2\/posts\/6292\/revisions"}],"predecessor-version":[{"id":6370,"href":"http:\/\/www.19paulfort.com\/galerie\/index.php\/wp-json\/wp\/v2\/posts\/6292\/revisions\/6370"}],"wp:attachment":[{"href":"http:\/\/www.19paulfort.com\/galerie\/index.php\/wp-json\/wp\/v2\/media?parent=6292"}],"wp:term":[{"taxonomy":"category","embeddable":true,"href":"http:\/\/www.19paulfort.com\/galerie\/index.php\/wp-json\/wp\/v2\/categories?post=6292"},{"taxonomy":"post_tag","embeddable":true,"href":"http:\/\/www.19paulfort.com\/galerie\/index.php\/wp-json\/wp\/v2\/tags?post=6292"}],"curies":[{"name":"wp","href":"https:\/\/api.w.org\/{rel}","templated":true}]}}